{"id":25328,"date":"2020-09-08T00:11:53","date_gmt":"2020-09-08T00:11:53","guid":{"rendered":"https:\/\/redsemlac.com\/semmexico\/?p=25328"},"modified":"2023-07-21T16:30:19","modified_gmt":"2023-07-21T21:30:19","slug":"guerrero-182","status":"publish","type":"post","link":"https:\/\/redsemlac.com\/semmexico\/guerrero-182\/","title":{"rendered":"Criticable el aumento de violencia machista en Chilpancingo, dice regidor"},"content":{"rendered":"\n<ul class=\"wp-block-list\"><li><strong>Considera que autoridades judiciales y municipales deben saber c\u00f3mo responder<\/strong><\/li><\/ul>\n\n\n\n<ul class=\"wp-block-list\"><li><strong>La capital guerrerense cuenta con AVGM y con la Iniciativa Spotlight<\/strong><\/li><\/ul>\n\n\n\n<p class=\"wp-block-paragraph\"><strong>Josefina Aguilar Pastor<\/strong><\/p>\n\n\n\n<p class=\"wp-block-paragraph\">SemM\u00e9xico, Chilpancingo, Gro., 7 de septiembre, 2020.- En tanto los \u00edndices delincuenciales en el municipio de Chilpancingo van a la baja durante los \u00faltimos meses, los de violencia familiar y otros il\u00edcitos de violencia de g\u00e9nero se han incrementado debido al confinamiento por la pandemia por Covid-19, acept\u00f3 el regidor de Seguridad P\u00fablica, Samir \u00c1vila Bonilla.<\/p>\n\n\n\n<p class=\"wp-block-paragraph\">En este municipio con Alerta de Violencia de G\u00e9nero contra las Mujeres (AVGM) y uno de los pocos municipios del pa\u00eds donde se implement\u00f3 la Iniciativa Spotlight, la realidad es que las cifras de violencia machista se incrementan, \u201ces una situaci\u00f3n criticable\u201d.<\/p>\n\n\n\n<p class=\"wp-block-paragraph\">Para el regidor es necesario reeducar al personal del sistema judicial para que sepan c\u00f3mo abordar esa problem\u00e1tica y record\u00f3 que antes de la contingencia sanitarias se hab\u00edan iniciado diversas actividades dirigidas a la poblaci\u00f3n, como talleres en escuelas, ahora suspendidos, por lo que junto con el Centro de Integraci\u00f3n Juvenil planean retomar esas acciones v\u00eda redes sociales (RRSS).<\/p>\n\n\n\n<p class=\"wp-block-paragraph\">\u00c1vila Bonilla, quien meses atr\u00e1s viaj\u00f3 a Londres, Inglaterra, a un encuentro realizado por la Iniciativa Spotlinght, dijo que tiene claro que las autoridades municipales son las primeras que deben ser reeducadas por ser estas las primeras respondientes en caso de una emergencia por violencia patriarcal.<br><br><\/p>\n\n\n\n<p class=\"wp-block-paragraph\">SEM\/jap\/sj<\/p>\n","protected":false},"excerpt":{"rendered":"<p>La capital guerrerense cuenta con AVGM y con la Iniciativa Spotlight<\/p>\n","protected":false},"author":3,"featured_media":25329,"comment_status":"open","ping_status":"open","sticky":false,"template":"","format":"standard","meta":{"_monsterinsights_skip_tracking":false,"footnotes":""},"categories":[691,51],"tags":[],"class_list":["post-25328","post","type-post","status-publish","format-standard","has-post-thumbnail","category-691","category-ejecutivo"],"_links":{"self":[{"href":"https:\/\/redsemlac.com\/semmexico\/wp-json\/wp\/v2\/posts\/25328","targetHints":{"allow":["GET"]}}],"collection":[{"href":"https:\/\/redsemlac.com\/semmexico\/wp-json\/wp\/v2\/posts"}],"about":[{"href":"https:\/\/redsemlac.com\/semmexico\/wp-json\/wp\/v2\/types\/post"}],"author":[{"embeddable":true,"href":"https:\/\/redsemlac.com\/semmexico\/wp-json\/wp\/v2\/users\/3"}],"replies":[{"embeddable":true,"href":"https:\/\/redsemlac.com\/semmexico\/wp-json\/wp\/v2\/comments?post=25328"}],"version-history":[{"count":0,"href":"https:\/\/redsemlac.com\/semmexico\/wp-json\/wp\/v2\/posts\/25328\/revisions"}],"wp:featuredmedia":[{"embeddable":true,"href":"https:\/\/redsemlac.com\/semmexico\/wp-json\/wp\/v2\/media\/25329"}],"wp:attachment":[{"href":"https:\/\/redsemlac.com\/semmexico\/wp-json\/wp\/v2\/media?parent=25328"}],"wp:term":[{"taxonomy":"category","embeddable":true,"href":"https:\/\/redsemlac.com\/semmexico\/wp-json\/wp\/v2\/categories?post=25328"},{"taxonomy":"post_tag","embeddable":true,"href":"https:\/\/redsemlac.com\/semmexico\/wp-json\/wp\/v2\/tags?post=25328"}],"curies":[{"name":"wp","href":"https:\/\/api.w.org\/{rel}","templated":true}]}}