{"id":25322,"date":"2020-09-07T23:51:06","date_gmt":"2020-09-07T23:51:06","guid":{"rendered":"https:\/\/redsemlac.com\/semmexico\/?p=25322"},"modified":"2023-07-21T16:30:19","modified_gmt":"2023-07-21T21:30:19","slug":"y-usted-cuando-se-indigna","status":"publish","type":"post","link":"https:\/\/redsemlac.com\/semmexico\/y-usted-cuando-se-indigna\/","title":{"rendered":"\u00bfY usted, cu\u00e1ndo se indigna?"},"content":{"rendered":"\n<p class=\"wp-block-paragraph\"><strong>Soledad Jarqu\u00edn Edgar<\/strong><\/p>\n\n\n\n<p class=\"wp-block-paragraph\">SemM\u00e9xico, 7 de septiembre, 2020.- \u00bfY usted, cu\u00e1ndo se indigna?<\/p>\n\n\n\n<p class=\"wp-block-paragraph\">Esta pregunta la hago a quien me lea, en especial a las mujeres, a todas y de todas las edades, todas pueden opinar, desde las grandes hasta las chiquitas porque todas tenemos que opinar.<\/p>\n\n\n\n<p class=\"wp-block-paragraph\">Mi duda sobre lo que nos debe impacientar a las mujeres es porque seguimos mirando, detr\u00e1s o delante de la pantalla, c\u00f3mo se caen las promesas, c\u00f3mo no se cumple con las leyes, c\u00f3mo se violentan nuestros derechos como humanas.<\/p>\n\n\n\n<p class=\"wp-block-paragraph\">Cada d\u00eda, dice la organizaci\u00f3n M\u00e9xico Eval\u00faa, en este pa\u00eds son asesinadas 11 mujeres y 86 son violadas sexualmente. Esta indignaci\u00f3n nace pues de nuestros cuerpos, de nuestras formas de ser mujeres que por serlo somos castigadas por el estado patriarcal.<\/p>\n\n\n\n<p class=\"wp-block-paragraph\">Cada d\u00eda 11 familias viven el drama de ser cercenadas por la violencia del feminicidio y casi 100 por la violencia sexual. El enojo de las mujeres tiene una raz\u00f3n para surgir y manifestarse de muy diversas maneras porque no hay respuesta del Estado mexicano para reducir, evitar y terminar para siempre con ese lastre.<\/p>\n\n\n\n<p class=\"wp-block-paragraph\">Es decir, en M\u00e9xico no hay justicia. Las mujeres, ni las familias tenemos respuesta para nuestras hijas asesinadas, para nuestras conocidas violentadas sexualmente, para las desaparecidas. Lo que impera es el esc\u00e1ndalo, se rasgan las vestiduras, pero ninguna soluci\u00f3n. &nbsp;<\/p>\n\n\n\n<p class=\"wp-block-paragraph\">Las fiscal\u00edas o procuradur\u00edas se han convertido en almacenes de denuncias, de kilos de expedientes que se acumulan, pero no se resuelven. El n\u00famero de hombres, principalmente hombres, castigados por cometer esos aberrantes actos, delitos seg\u00fan las normas jur\u00eddicas mexicanas, son escasos, apenas unos cuantos, la gran mayor\u00eda siguen impunes y muchos otros son olvidados por las instituciones, no as\u00ed por las familias.<\/p>\n\n\n\n<p class=\"wp-block-paragraph\">Hay un estado de protecci\u00f3n al delito, se llama corrupci\u00f3n y quien comete corrupci\u00f3n son las instituciones que no hacen su trabajo. Al presidente mexicano le molesta que un retrato, una pintura de Francisco I. Madero sea pintado, alterado por un grupo de mujeres que tomaron las oficinas de la Comisi\u00f3n Nacional de los Derechos Humanos (CNDH), en el centro hist\u00f3rico de la Ciudad de M\u00e9xico. No hay o no conozco la medici\u00f3n de la impunidad en M\u00e9xico espec\u00edfica en el caso de las mujeres, pero hay datos generales que hablan de m\u00e1s del 90 por ciento de casos denunciados sin justicia en M\u00e9xico. Eso s\u00ed es una verg\u00fcenza. Eso s\u00ed debe indignar. Eso deber\u00eda tenerlo preocupado se\u00f1or Presidente.<\/p>\n\n\n\n<p class=\"wp-block-paragraph\">No se molesta ni se indigna, como s\u00ed nos indigna a muchas otras, el c\u00famulo de agravios cometidos contra nosotras. Durante 50 d\u00edas un grupo de madres busc\u00f3 una audiencia con el presidente Andr\u00e9s Manuel L\u00f3pez Obrador, no las vio ni las recibi\u00f3. Hoy, en su ma\u00f1anera, dict\u00f3 c\u00e1tedra de historia sobre Francisco I. Madero, lo llam\u00f3 \u201cluchador social\u201d y cit\u00f3 ese lugar com\u00fan, que de tanto decirlo, ya se le rompi\u00f3 el jarrito: \u201cEl que afecta la imagen de Madero o no conoce la historia, lo hace de manera inconsciente o es un conservador\u201d. Conservador Madero, como dice una amiga que s\u00ed sabe de historia.<\/p>\n\n\n\n<figure class=\"wp-block-image size-large\"><img decoding=\"async\" src=\"https:\/\/redsemlac.com\/semmexico\/wp-content\/uploads\/2020\/09\/WhatsApp-Image-2020-09-07-at-6.59.17-PM-1024x879.jpeg\" alt=\"\" class=\"wp-image-25326\"\/><figcaption><strong><em>\u00abEl Indignado\u00bb, presidente L\u00f3pez Obrador<\/em><\/strong><\/figcaption><\/figure>\n\n\n\n<p class=\"wp-block-paragraph\">Se indign\u00f3 en 2019 cuando marcharon, pintaron, quemaron puertas, paredes o monumentos, pero no escuch\u00f3 nunca por qu\u00e9 lo estaban haciendo. Se atrevi\u00f3, como lo hacen ahora con la toma de la CNDH, a se\u00f1alar que hay detr\u00e1s otros intereses y eso es todav\u00eda peor. Porque en el fondo pareciera que las mujeres no s\u00f3lo no tenemos motivos para quemar y romperlo todo (claro lo que prima en su cabeza es que ya se acab\u00f3 la corrupci\u00f3n. Cuando quiera Presidente, cuando quiera escucharnos le mostramos que la corrupci\u00f3n sigue vigente). Adem\u00e1s, infantiliza a las mujeres que protestan cuando afirma que detr\u00e1s de ellas hay otros intereses, los mandatados por \u201clos conservadores\u201d. O sea, a las mujeres siempre hay quien nos mande \u00bfo qu\u00e9 Se\u00f1or Presidente?<\/p>\n\n\n\n<p class=\"wp-block-paragraph\">Por eso creo que es tiempo que cada una de las mexicanas, de todas las edades, le digamos al Presidente, a los 30 gobernadores y dos gobernadoras de las 32 entidades del pa\u00eds, a los fiscales o procuradores, a los titulares de seguridad p\u00fablica\u2026 \u00a1por qu\u00e9 chingaos estamos indignadas! Debemos pedirles que se pongan en los zapatos de cada una de las v\u00edctimas y sus familias, que respondan con lo que constitucionalmente aceptaron hacer: proteger la vida de cada una y cada uno de quienes aqu\u00ed habitamos. Pero no lo har\u00e1n porque no les importa o les importa poco.<\/p>\n\n\n\n<p class=\"wp-block-paragraph\">Son muchos a\u00f1os de resistencia de las mujeres, pero como dice la arenga feminista: \u00a1nunca m\u00e1s contar\u00e1n con nuestro silencio! y eso s\u00ed que les incomoda, por eso aseguran que detr\u00e1s nuestro est\u00e1n sus enemigos pol\u00edticos o ideol\u00f3gicos, enemigos reales o imaginarios. Nada m\u00e1s infundado, una equivocaci\u00f3n, una mentira que gana terreno, polariza.<\/p>\n\n\n\n<p class=\"wp-block-paragraph\">Cuando una madre se ata a una silla hasta que la atiendan o, mejor dicho, hasta que resuelvan su demanda, es porque ha llegado a su l\u00edmite, como lo hizo Marcela Alem\u00e1n y c\u00f3mo, est\u00e1 visto, lo seguir\u00e1n haciendo cientos de madres en todo el pa\u00eds.<\/p>\n\n\n\n<p class=\"wp-block-paragraph\">As\u00ed lo han hecho y seguir\u00e1n haciendo las j\u00f3venes, esas que como en Guanajuato hace d\u00edas y en Chihuahua este fin de semana salieron a la calle para protestar por la violencia y terminaron siendo detenidas, torturadas sexualmente, golpeadas, pagando multas para obtener su libertad. Pregunto, el pr\u00f3ximo 28 de septiembre habr\u00e1 marchas en casi todo el pa\u00eds, \u00bfsacar\u00e1n a la fuerza polic\u00edaca para amedrentar y encarcelas, para violentar la vida de las mujeres? Es posible, porque les incomoda la verdad, pero no as\u00ed la delincuencia, los delincuentes de cuello blanco o los del narcotr\u00e1fico. A ellos se les protege, es m\u00e1s, recordemos que el mismo presidente orden\u00f3 la no detenci\u00f3n del hijo del Chapo.<\/p>\n\n\n\n<p class=\"wp-block-paragraph\">En este pa\u00eds, aunque no les guste, lo que hay es una protesta permanente, sistem\u00e1tica, ante la falta de justicia, una protesta de mujeres por sus derechos: madres picando la tierra para buscar restos de sus hijos e hijas en fosas clandestinas, madres esperando una respuesta a las puertas del Palacio Nacional durante d\u00edas o en los palacios virreinales de los gobernadores donde nada de lo que sucede en la calle puede llegar hasta sus despachos, ni las ven ni las oyen. Hay madres exigiendo que los gobernadores dejen de proteger a los asesinos, directos o indirectos, como es mi caso, hay madres exigiendo justicia para sus hijas asesinadas, esta es la lucha de las mujeres contra la violencia\u2026del otro lado el vituperio, la descalificaci\u00f3n, la perversidad de un sistema y sus ejecutores, y el vac\u00edo perpetuo, la nada.<\/p>\n\n\n\n<p class=\"wp-block-paragraph\">Por eso pregunto \u00bfY usted cu\u00e1ndo se indigna?<\/p>\n","protected":false},"excerpt":{"rendered":"<p>Son muchos a\u00f1os de resistencia de las mujeres, pero como dice la arenga feminista: \u00a1nunca m\u00e1s contar\u00e1n con nuestro silencio! <\/p>\n","protected":false},"author":3,"featured_media":8460,"comment_status":"open","ping_status":"open","sticky":false,"template":"","format":"standard","meta":{"_monsterinsights_skip_tracking":false,"footnotes":""},"categories":[691,96,35,75],"tags":[],"class_list":["post-25322","post","type-post","status-publish","format-standard","has-post-thumbnail","category-691","category-mujeres-y-politica","category-opinion","category-soledad-jarquin-edgar"],"_links":{"self":[{"href":"https:\/\/redsemlac.com\/semmexico\/wp-json\/wp\/v2\/posts\/25322","targetHints":{"allow":["GET"]}}],"collection":[{"href":"https:\/\/redsemlac.com\/semmexico\/wp-json\/wp\/v2\/posts"}],"about":[{"href":"https:\/\/redsemlac.com\/semmexico\/wp-json\/wp\/v2\/types\/post"}],"author":[{"embeddable":true,"href":"https:\/\/redsemlac.com\/semmexico\/wp-json\/wp\/v2\/users\/3"}],"replies":[{"embeddable":true,"href":"https:\/\/redsemlac.com\/semmexico\/wp-json\/wp\/v2\/comments?post=25322"}],"version-history":[{"count":0,"href":"https:\/\/redsemlac.com\/semmexico\/wp-json\/wp\/v2\/posts\/25322\/revisions"}],"wp:featuredmedia":[{"embeddable":true,"href":"https:\/\/redsemlac.com\/semmexico\/wp-json\/wp\/v2\/media\/8460"}],"wp:attachment":[{"href":"https:\/\/redsemlac.com\/semmexico\/wp-json\/wp\/v2\/media?parent=25322"}],"wp:term":[{"taxonomy":"category","embeddable":true,"href":"https:\/\/redsemlac.com\/semmexico\/wp-json\/wp\/v2\/categories?post=25322"},{"taxonomy":"post_tag","embeddable":true,"href":"https:\/\/redsemlac.com\/semmexico\/wp-json\/wp\/v2\/tags?post=25322"}],"curies":[{"name":"wp","href":"https:\/\/api.w.org\/{rel}","templated":true}]}}