{"id":2532,"date":"2018-06-05T17:53:38","date_gmt":"2018-06-05T17:53:38","guid":{"rendered":"https:\/\/redsemlac.com\/semmexico\/?p=2532"},"modified":"2023-07-21T14:32:22","modified_gmt":"2023-07-21T19:32:22","slug":"las-feministas-del-pais-agrupadas-en-cerca-de-90-organizaciones-y-en-forma-individual-demandaron-a-todas-las-candidatas-y-candidatos-que-manifiesten-sus-posturas-y-propuestas","status":"publish","type":"post","link":"https:\/\/redsemlac.com\/semmexico\/las-feministas-del-pais-agrupadas-en-cerca-de-90-organizaciones-y-en-forma-individual-demandaron-a-todas-las-candidatas-y-candidatos-que-manifiesten-sus-posturas-y-propuestas\/","title":{"rendered":"Las feministas del pa\u00eds agrupadas en cerca de 90 organizaciones y en forma individual demandaron a todas las candidatas y candidatos que manifiesten sus posturas y propuestas"},"content":{"rendered":"\n<p class=\"wp-block-paragraph\"><a href=\"https:\/\/www.semmexico.com\/gallery-post.php?id=5013#\">Elda Montiel<\/a><\/p>\n\n\n\n<p class=\"wp-block-paragraph\">SemM\u00e9xico. Cd.d e M\u00e9xico. 5 de junio de 2018.- Los principios de igualdad y humanidad de las mujeres, la autodeterminaci\u00f3n&nbsp;&nbsp;y libertad como elementos indispensables en la construcci\u00f3n de la democracia han sido omitidos&nbsp;&nbsp;del debate nacional por parte de todas las candidatas y candidatos a los puestos de elecci\u00f3n popular a la Presidencia de la Republica, el Senado y la C\u00e1mara de Diputados; a las gubernaturas, jefatura de gobierno de la Ciudad de M\u00e9xico y alcald\u00edas de 30 entidades federativas, en el actual proceso electoral del pr\u00f3ximo 1\u00ba de julio.&nbsp;&nbsp;&nbsp;&nbsp;<\/p>\n\n\n\n<p class=\"wp-block-paragraph\">Por esta raz\u00f3n, las feministas del pa\u00eds agrupadas en cerca de 90 organizaciones y en forma individual demandaron a todas las candidatas y candidatos que manifiesten sus posturas y propuestas ante estos principios que ha enmarcado en 11 grandes temas.&nbsp;&nbsp;<\/p>\n\n\n\n<p class=\"wp-block-paragraph\">Destacan los temas de sufragio efectivo y representaci\u00f3n paritaria de las mujeres; que garanticen la realizaci\u00f3n de unas elecciones limpias y sin fraudes,&nbsp;&nbsp;ya que estar\u00e1n atentas ante cualquier intenci\u00f3n de fraude y erradicar la compra y coacci\u00f3n del voto. Asimismo, que se respete la&nbsp;&nbsp;garant\u00eda del derecho de las mujeres a la participaci\u00f3n pol\u00edtica&nbsp;en todos los espacios de toma de decisiones de la vida p\u00fablica, combate a la impunidad y fin a la violencia pol\u00edtica por razones de g\u00e9nero, que consideraron inaudita en este proceso electoral.<\/p>\n\n\n\n<p class=\"wp-block-paragraph\">Autonom\u00eda del poder pol\u00edtico frente a las religiones y que garantice el derecho a la educaci\u00f3n laica y a la salud de las mujeres, particularmente su derecho al aborto. Al respecto, surge como tema que el derecho al aborto ganado en la Ciudad de M\u00e9xico se extienda a todas las entidades del pa\u00eds. As\u00ed como la inclusi\u00f3n social y reconocimiento&nbsp;de todos los derechos humanos de todas las personas&nbsp;lesbianas, bisexuales, trans e intersexuales; los pueblos ind\u00edgenas, afrodescendientes, y otros grupos hist\u00f3ricamente excluidos y discriminados.<\/p>\n\n\n\n<p class=\"wp-block-paragraph\">Que presenten su propuesta y postura para el derecho a una vida libre de violencia para las mujeres; es decir, combate total al aumento escalofriante de la violencia machista feminicida en todo el pa\u00eds, incluido el entorno digital, y a la impunidad imperante que lacera las posibilidades del ejercicio de este derecho para la amplia diversidad de mujeres.<\/p>\n\n\n\n<p class=\"wp-block-paragraph\">Como tema, incluyeron el reconocimiento del derecho universal al cuidado;tarea que el sector privado, el sector p\u00fablico y las comunidades habr\u00e1n de asumir para garantizar tiempo a las mujeres y a los hombres para hacerse cargo de los otros y compartir en igualdad de condiciones estas responsabilidades.<\/p>\n\n\n\n<p class=\"wp-block-paragraph\">Derecho a la libre asociaci\u00f3n, la libertad de expresi\u00f3n y el derecho a la protesta pac\u00edfica,&nbsp;garantizando el derecho a la defensa de los derechos humanos en condiciones de seguridad, particularmente de quienes buscan a sus familiares desaparecidos y quienes defienden la tierra, el territorio y los bienes universales; as\u00ed como el cese de todo proceso de represi\u00f3n pol\u00edtica, criminalizaci\u00f3n e impunidad frente a la violencia extrema contra defensoras de derechos humanos y periodistas.<\/p>\n\n\n\n<p class=\"wp-block-paragraph\">Combate a la brecha de g\u00e9nero en el acceso a todos los beneficios socioculturales<strong>,&nbsp;<\/strong>atendiendo la intersecci\u00f3n de exclusiones por raza, etnia, edad, orientaci\u00f3n sexual, identidad y expresi\u00f3n de g\u00e9nero, clase y territorio.<\/p>\n\n\n\n<p class=\"wp-block-paragraph\">Otro tema es el de Pol\u00edtica exterior abierta al&nbsp;escrutinio internacional en materia de derechos humanos,&nbsp;s\u00ed a la globalizaci\u00f3n de los derechos humanos y libertades de los pueblos del mundo. No al neoconservadurismo internacional y fundamentalismos religiosos. As\u00ed como la Defensa y protecci\u00f3n de los bienes universales&nbsp;contra el despojo sistem\u00e1tico de los megaproyectos&nbsp;que&nbsp;da\u00f1an salud y vida de las mujeres ind\u00edgenas y rurales y sus comunidades.&nbsp;<\/p>\n\n\n\n<p class=\"wp-block-paragraph\">Con fecha de 4 de junio, suscribieron esta petici\u00f3n las cerca de 90 organizaciones feministas y de derechos humanos del pa\u00eds y la firma de m\u00e1s de 200 mujeres feministas.&nbsp;<br><\/p>\n","protected":false},"excerpt":{"rendered":"<p>Elda Montiel SemM\u00e9xico. Cd.d e M\u00e9xico. 5 de junio de 2018.- Los principios de igualdad y humanidad de las mujeres, la autodeterminaci\u00f3n&nbsp;&nbsp;y libertad como elementos indispensables en la construcci\u00f3n de la democracia han sido omitidos&nbsp;&nbsp;del debate nacional por parte de todas las candidatas y candidatos a los puestos de elecci\u00f3n popular a la Presidencia de [&hellip;]<\/p>\n","protected":false},"author":3,"featured_media":2533,"comment_status":"open","ping_status":"open","sticky":false,"template":"","format":"standard","meta":{"_monsterinsights_skip_tracking":false,"footnotes":""},"categories":[689,33],"tags":[],"class_list":["post-2532","post","type-post","status-publish","format-standard","has-post-thumbnail","category-689","category-elecciones-2018"],"_links":{"self":[{"href":"https:\/\/redsemlac.com\/semmexico\/wp-json\/wp\/v2\/posts\/2532","targetHints":{"allow":["GET"]}}],"collection":[{"href":"https:\/\/redsemlac.com\/semmexico\/wp-json\/wp\/v2\/posts"}],"about":[{"href":"https:\/\/redsemlac.com\/semmexico\/wp-json\/wp\/v2\/types\/post"}],"author":[{"embeddable":true,"href":"https:\/\/redsemlac.com\/semmexico\/wp-json\/wp\/v2\/users\/3"}],"replies":[{"embeddable":true,"href":"https:\/\/redsemlac.com\/semmexico\/wp-json\/wp\/v2\/comments?post=2532"}],"version-history":[{"count":0,"href":"https:\/\/redsemlac.com\/semmexico\/wp-json\/wp\/v2\/posts\/2532\/revisions"}],"wp:featuredmedia":[{"embeddable":true,"href":"https:\/\/redsemlac.com\/semmexico\/wp-json\/wp\/v2\/media\/2533"}],"wp:attachment":[{"href":"https:\/\/redsemlac.com\/semmexico\/wp-json\/wp\/v2\/media?parent=2532"}],"wp:term":[{"taxonomy":"category","embeddable":true,"href":"https:\/\/redsemlac.com\/semmexico\/wp-json\/wp\/v2\/categories?post=2532"},{"taxonomy":"post_tag","embeddable":true,"href":"https:\/\/redsemlac.com\/semmexico\/wp-json\/wp\/v2\/tags?post=2532"}],"curies":[{"name":"wp","href":"https:\/\/api.w.org\/{rel}","templated":true}]}}