{"id":25317,"date":"2020-09-07T23:13:35","date_gmt":"2020-09-07T23:13:35","guid":{"rendered":"https:\/\/redsemlac.com\/semmexico\/?p=25317"},"modified":"2023-07-21T16:30:19","modified_gmt":"2023-07-21T21:30:19","slug":"amlo-no-debe-comportarse-como-lider-de-su-partido","status":"publish","type":"post","link":"https:\/\/redsemlac.com\/semmexico\/amlo-no-debe-comportarse-como-lider-de-su-partido\/","title":{"rendered":"AMLO no debe comportarse como l\u00edder de su partido"},"content":{"rendered":"\n<ul class=\"wp-block-list\"><li><strong>La Resistencia respalda a Enrique Krauze y a H\u00e9ctor Aguilar Cam\u00edn<\/strong><\/li><\/ul>\n\n\n\n<ul class=\"wp-block-list\"><li><strong>Cuestionan que hasta ahora el Presidente no ha cumplido con la encomienda para el que fue electo<\/strong><\/li><\/ul>\n\n\n\n<p class=\"wp-block-paragraph\"><strong>Redacci\u00f3n<\/strong><\/p>\n\n\n\n<p class=\"wp-block-paragraph\">SemM\u00e9xico, Cd. de M\u00e9xico, 7 de septiembre, 2020.- En sistemas presidenciales, como el mexicano, el titular del Ejecutivo federal tiene el deber de no comportarse como el l\u00edder de un partido en campa\u00f1a, sino como un servidor del p\u00fablico.<\/p>\n\n\n\n<p class=\"wp-block-paragraph\">Se\u00f1ala La Resistencia, un grupo de 20 hombres y mujeres, que en un desplegado p\u00fablico titulado No, se\u00f1or presidente: su trabajo es gobernar, no atacar a los intelectuales, en el que brindan su apoyo irrestricto a Enrique Krauze y H\u00e9ctor Aguilar.<\/p>\n\n\n\n<p class=\"wp-block-paragraph\">Se\u00f1alan que la funci\u00f3n de la presidencia de la Rep\u00fablica y gobernar para todos, dicen entre otros firmantes Sara Lovera, Oscar Constantino, Mayt\u00e9 Noriega, Pablo Majlut, L\u00e1zaro R\u00edos, Cinthia Herrera, Regina Freyman, entre otras personas.<\/p>\n\n\n\n<p class=\"wp-block-paragraph\">\u201cHasta el d\u00eda de hoy, Andr\u00e9s Manuel L\u00f3pez Obrador no ha cumplido con la encomienda para la que fue electo y por la que recibe un ingreso y prestaciones que incluyen vivir en un palacio virreinal de 40 mil metros cuadrados.&nbsp; El presidente no gobierna, fustiga y ataca a quienes, en su imaginaci\u00f3n, reputa como enemigos.<\/p>\n\n\n\n<p class=\"wp-block-paragraph\">\u201cEl barroquismo de su residencia contrasta con el tono, agreste y violento, con el que se mofa de aquellos a los que califica como sus adversarios, pero que no pueden tener ese car\u00e1cter desde el momento en que el primer mandatario protest\u00f3 cumplir la Constituci\u00f3n y gobernar para todos\u201d.<\/p>\n\n\n\n<p class=\"wp-block-paragraph\">Explican que al calificar como \u201cintelectuales org\u00e1nicos\u201d a Enrique Krauze y H\u00e9ctor Aguilar e insinuar que fueron c\u00f3mplices en el respaldo de un fraude electoral, \u201cel presidente infringe la ley\u201d, al calumniar y opinar sobre asuntos electorales.<\/p>\n\n\n\n<p class=\"wp-block-paragraph\">Tambi\u00e9n refieren que viola la Constituci\u00f3n al atacar las libertades de pensamiento y expresi\u00f3n de la ciudadan\u00eda. Reiteran que su rol pol\u00edtico no es ofender ni burlarse de los gobernados y, en cambio, se\u00f1alan \u201chay un abuso desproporcionado por parte del detentador del poder: es un atentado contra la democracia y los derechos fundamentales\u201d.<\/p>\n\n\n\n<p class=\"wp-block-paragraph\">En el documento que tambi\u00e9n firman Juli\u00e1n Andrade, Alejandra Escobar, Pedro Aguirre, Antonio Garci Niego, Armando Avenda\u00f1o y Marco Levario Turcott, sostienen que existe un abismo infranqueable entre gobernantes e intelectuales, \u201cmientras aquellos tienen el poder, estos tienen el poder moral que le reconocen los grupos pensantes del pa\u00eds\u201d. Tener el poder no significa tener la raz\u00f3n, le dicen al Presidente.<\/p>\n\n\n\n<p class=\"wp-block-paragraph\">El documento, dicen los y las firmantes, tambi\u00e9n reclama la falta de solidaridad del resto de los intelectuales, periodistas y pol\u00edticos.<\/p>\n\n\n\n<p class=\"wp-block-paragraph\">Piden al presidente mexicano que se dedique a gobernar y no a fungir como vocero de su partido.<\/p>\n\n\n\n<p class=\"wp-block-paragraph\">\u201cM\u00e9xico no merece el discurso de disco rayado que utiliza para fustigar a sus cr\u00edticos, ni la falta de creatividad, inteligencia e innovaci\u00f3n que ha distinguido a su Administraci\u00f3n para enfrentar la pandemia de Covid 19, la inseguridad y la corrupci\u00f3n\u201d.<\/p>\n\n\n\n<p class=\"wp-block-paragraph\">Califican a Krauze como a Aguilar Cam\u00edn como \u201cvalientes y brillantes intelectuales defensores de la democracia\u201d, por lo que reiteran su apoyo, \u201cnos corresponde como dem\u00f3cratas, no callar ante la falta de respeto a la Constituci\u00f3n, cometida por quien se supone deber\u00eda ser el primero en cumplirla.<\/p>\n\n\n\n<p class=\"wp-block-paragraph\">Otros firmantes son Luis Antonio Garc\u00eda, Juan Francisco Torres Landa, Fernando Belaunzar\u00e1n, Sergio Negrete, Audelino Macario y Sa\u00fal V\u00e1zquez.<\/p>\n\n\n\n<figure class=\"wp-block-image size-large\"><img decoding=\"async\" src=\"https:\/\/redsemlac.com\/semmexico\/wp-content\/uploads\/2020\/09\/NO-SEN\u0303OR-PRESIDENTE-744x1024.jpeg\" alt=\"\" class=\"wp-image-25318\"\/><\/figure>\n\n\n\n<p class=\"wp-block-paragraph\">SEM\/sj<\/p>\n","protected":false},"excerpt":{"rendered":"<p>La Resistencia respalda a Enrique Krauze y a H\u00e9ctor Aguilar Cam\u00edn<\/p>\n","protected":false},"author":3,"featured_media":25319,"comment_status":"open","ping_status":"open","sticky":false,"template":"","format":"standard","meta":{"_monsterinsights_skip_tracking":false,"footnotes":""},"categories":[691,55],"tags":[],"class_list":["post-25317","post","type-post","status-publish","format-standard","has-post-thumbnail","category-691","category-periodistas"],"_links":{"self":[{"href":"https:\/\/redsemlac.com\/semmexico\/wp-json\/wp\/v2\/posts\/25317","targetHints":{"allow":["GET"]}}],"collection":[{"href":"https:\/\/redsemlac.com\/semmexico\/wp-json\/wp\/v2\/posts"}],"about":[{"href":"https:\/\/redsemlac.com\/semmexico\/wp-json\/wp\/v2\/types\/post"}],"author":[{"embeddable":true,"href":"https:\/\/redsemlac.com\/semmexico\/wp-json\/wp\/v2\/users\/3"}],"replies":[{"embeddable":true,"href":"https:\/\/redsemlac.com\/semmexico\/wp-json\/wp\/v2\/comments?post=25317"}],"version-history":[{"count":0,"href":"https:\/\/redsemlac.com\/semmexico\/wp-json\/wp\/v2\/posts\/25317\/revisions"}],"wp:featuredmedia":[{"embeddable":true,"href":"https:\/\/redsemlac.com\/semmexico\/wp-json\/wp\/v2\/media\/25319"}],"wp:attachment":[{"href":"https:\/\/redsemlac.com\/semmexico\/wp-json\/wp\/v2\/media?parent=25317"}],"wp:term":[{"taxonomy":"category","embeddable":true,"href":"https:\/\/redsemlac.com\/semmexico\/wp-json\/wp\/v2\/categories?post=25317"},{"taxonomy":"post_tag","embeddable":true,"href":"https:\/\/redsemlac.com\/semmexico\/wp-json\/wp\/v2\/tags?post=25317"}],"curies":[{"name":"wp","href":"https:\/\/api.w.org\/{rel}","templated":true}]}}