{"id":25314,"date":"2020-09-07T22:58:10","date_gmt":"2020-09-07T22:58:10","guid":{"rendered":"https:\/\/redsemlac.com\/semmexico\/?p=25314"},"modified":"2023-07-21T16:30:19","modified_gmt":"2023-07-21T21:30:19","slug":"michoacan-55","status":"publish","type":"post","link":"https:\/\/redsemlac.com\/semmexico\/michoacan-55\/","title":{"rendered":"La sociedad civil, coadyuvante en la prevenci\u00f3n de la violencia de g\u00e9nero: Seimujer"},"content":{"rendered":"\n<ul class=\"wp-block-list\"><li><strong>Red de Mujeres apoyando a mujeres.<\/strong><\/li><li><strong>Todas las acciones que tengan como fin abonar en la lucha contra la violencia de g\u00e9nero son reconocidas: Nuria Hern\u00e1ndez<\/strong><\/li><\/ul>\n\n\n\n<p class=\"wp-block-paragraph\"><strong>&nbsp;Redacci\u00f3n<\/strong><\/p>\n\n\n\n<p class=\"wp-block-paragraph\">SemM\u00e9xico. Morelia, Michoac\u00e1n. 07 de septiembre de 2020.- Sumar esfuerzos para prevenir la violencia contra ni\u00f1as y mujeres, es la prioridad de las redes de apoyo, indic\u00f3 la secretaria de Igualdad Sustantiva y Desarrollo de las Mujeres (Seimujer), Nuria Gabriela Hern\u00e1ndez Abarca, al participar en la sesi\u00f3n de la Red Estatal Mujeres apoyando Mujeres.<\/p>\n\n\n\n<p class=\"wp-block-paragraph\">La funcionaria reconoci\u00f3 todas las acciones que tengan como fin abonar en la lucha contra la violencia de g\u00e9nero, como esta red, impulsada por la diputada local Araceli Saucedo Reyes.<\/p>\n\n\n\n<p class=\"wp-block-paragraph\">&nbsp;\u201cSumar a la sociedad en la lucha contra la violencia hacia mujeres y ni\u00f1as es una parte muy importante para poder erradicarla y prevenirla, hay que tener empat\u00eda a un problema que nos afecta a todos y todas\u201d, indic\u00f3.<\/p>\n\n\n\n<p class=\"wp-block-paragraph\">Hern\u00e1ndez Abarca aplaudi\u00f3 a todas las mujeres que se suman a las diferentes redes de apoyo para mujeres: \u201cestamos aqu\u00ed por una causa que nos debe sumar a todas\u201d.<\/p>\n\n\n\n<p class=\"wp-block-paragraph\">Desde la Seimujer, inform\u00f3, se cuenta con las herramientas para poder sumar esfuerzos ordenados.<\/p>\n\n\n\n<p class=\"wp-block-paragraph\">&nbsp;\u201cSe ha logrado integrar diferentes redes que permitan a la dependencia multiplicar su presencia en todos los rincones del Estado\u201d.<\/p>\n\n\n\n<p class=\"wp-block-paragraph\">Por su parte, la diputada Araceli Saucedo Reyes, agradeci\u00f3 que en pr\u00f3ximos d\u00edas la dependencia se sumar\u00e1 a la capacitaci\u00f3n de las integrantes de la red que impulsa, con el prop\u00f3sito de proteger a m\u00e1s mujeres.<\/p>\n","protected":false},"excerpt":{"rendered":"<p>Todas las acciones que tengan como fin abonar en la lucha contra la violencia de g\u00e9nero son reconocidas: Nuria Hern\u00e1ndez<\/p>\n","protected":false},"author":3,"featured_media":25315,"comment_status":"open","ping_status":"open","sticky":false,"template":"","format":"standard","meta":{"_monsterinsights_skip_tracking":false,"footnotes":""},"categories":[691,51],"tags":[],"class_list":["post-25314","post","type-post","status-publish","format-standard","has-post-thumbnail","category-691","category-ejecutivo"],"_links":{"self":[{"href":"https:\/\/redsemlac.com\/semmexico\/wp-json\/wp\/v2\/posts\/25314","targetHints":{"allow":["GET"]}}],"collection":[{"href":"https:\/\/redsemlac.com\/semmexico\/wp-json\/wp\/v2\/posts"}],"about":[{"href":"https:\/\/redsemlac.com\/semmexico\/wp-json\/wp\/v2\/types\/post"}],"author":[{"embeddable":true,"href":"https:\/\/redsemlac.com\/semmexico\/wp-json\/wp\/v2\/users\/3"}],"replies":[{"embeddable":true,"href":"https:\/\/redsemlac.com\/semmexico\/wp-json\/wp\/v2\/comments?post=25314"}],"version-history":[{"count":0,"href":"https:\/\/redsemlac.com\/semmexico\/wp-json\/wp\/v2\/posts\/25314\/revisions"}],"wp:featuredmedia":[{"embeddable":true,"href":"https:\/\/redsemlac.com\/semmexico\/wp-json\/wp\/v2\/media\/25315"}],"wp:attachment":[{"href":"https:\/\/redsemlac.com\/semmexico\/wp-json\/wp\/v2\/media?parent=25314"}],"wp:term":[{"taxonomy":"category","embeddable":true,"href":"https:\/\/redsemlac.com\/semmexico\/wp-json\/wp\/v2\/categories?post=25314"},{"taxonomy":"post_tag","embeddable":true,"href":"https:\/\/redsemlac.com\/semmexico\/wp-json\/wp\/v2\/tags?post=25314"}],"curies":[{"name":"wp","href":"https:\/\/api.w.org\/{rel}","templated":true}]}}