{"id":25308,"date":"2020-09-07T22:07:15","date_gmt":"2020-09-07T22:07:15","guid":{"rendered":"https:\/\/redsemlac.com\/semmexico\/?p=25308"},"modified":"2023-07-21T16:30:20","modified_gmt":"2023-07-21T21:30:20","slug":"monreal-avila-se-ofrece-como-mediador-en-la-toma-de-la-cndh","status":"publish","type":"post","link":"https:\/\/redsemlac.com\/semmexico\/monreal-avila-se-ofrece-como-mediador-en-la-toma-de-la-cndh\/","title":{"rendered":"Monreal \u00c1vila se ofrece como mediador en la toma de la CNDH"},"content":{"rendered":"\n<ul class=\"wp-block-list\"><li><strong>No se sataniza a los colectivos feministas que mantienen ocupadas las instalaciones<\/strong><\/li><\/ul>\n\n\n\n<ul class=\"wp-block-list\"><li><strong>Se justifica la intervenci\u00f3n del Senado porque ah\u00ed se eligi\u00f3 a Rosario Piedra Ibarra<\/strong><\/li><\/ul>\n\n\n\n<ul class=\"wp-block-list\"><li><strong> Anuncia que se sumar\u00e1 al di\u00e1logo que ofreci\u00f3 la Secretar\u00eda de Gobernaci\u00f3n\u00a0<\/strong><\/li><\/ul>\n\n\n\n<p class=\"wp-block-paragraph\"><strong>Argelia Guevara<\/strong><\/p>\n\n\n\n<p class=\"wp-block-paragraph\">SemM\u00e9xico. Cd. de M\u00e9xico, 7 de septiembre, 2020.- El presidente de la Junta de Coordinaci\u00f3n Pol\u00edtica del Senado de la Rep\u00fablica, Ricardo Monreal \u00c1vila, ofreci\u00f3 esta ma\u00f1ana que ese cuerpo legislativo act\u00fae como mediador entre los colectivos feministas y la Comisi\u00f3n Nacional de Derechos Humanos (CNDH).<\/p>\n\n\n\n<p class=\"wp-block-paragraph\">Afirm\u00f3 que se privilegiar\u00e1 el di\u00e1logo, que Morena respalda a la presidenta de esa comisi\u00f3n y no sataniza a los colectivos, por el acoso hist\u00f3rico que han recibido en \u201cel pasado\u201d.<\/p>\n\n\n\n<p class=\"wp-block-paragraph\">Este d\u00eda colectivas feministas, v\u00edctimas y madres de desaparecidas o asesinadas, cumplieron cinco d\u00edas al interior y a las puertas de la oficina de la CNDH, para exigir justicia. Hasta esta madrugada eran in\u00fatiles los intentos de acuerdo.<\/p>\n\n\n\n<p class=\"wp-block-paragraph\">Al interior de las oficinas del centro hist\u00f3rico, se ha declarado a las instalaciones como una casa de refugio para mujeres en situaci\u00f3n de violencia y se paralizaron las actividades de la presidenta Rosario Piedra Ibarra, por ser el lugar donde despacha. La CNDH tiene otras instalaciones donde se halla toda su documentaci\u00f3n y buena parte de su personal, en el sur de la Ciudad de M\u00e9xico.<\/p>\n\n\n\n<p class=\"wp-block-paragraph\">Los reclamos iniciaron cuando Marcela Alem\u00e1n lleg\u00f3 a primera hora del martes pasado y se amarr\u00f3 a una silla pidiendo atenci\u00f3n, porque durante cinco a\u00f1os ha pedido justicia por la violaci\u00f3n, de su hija Lya, violentada sexualmente cuando ten\u00eda menos de cinco a\u00f1os. Un d\u00eda despu\u00e9s aparecieron las colectivas feministas y 17 personas que hicieron distintos reclamos. Luego ocuparon todo el recinto. Y hasta esta tarde sostuvieron, esas colectivas, encabezadas por el grupo Brujas del Mar. Entre otras cosas tambi\u00e9n piden la renuncia de Piedra Ibarra.<\/p>\n\n\n\n<p class=\"wp-block-paragraph\">En respuesta el Comit\u00e9 Eureka, de donde proviene la presidenta de la CNDH, acus\u00f3 a integrantes de las colectivas y del museo de la Memoria Ind\u00f3mita, a actuar bajo la direcci\u00f3n del Partido Acci\u00f3n Nacional. La calle de Cuba, donde est\u00e1n las oficinas, tambi\u00e9n ha tenido corte vehicular.<\/p>\n\n\n\n<p class=\"wp-block-paragraph\">El l\u00edder de Morena en el Senado, dijo que aunque la Secretar\u00eda de Gobernaci\u00f3n ya est\u00e1 tomando cartas en el asunto, dialogando con quienes tomaron el edificio, el Senado se sumar\u00e1 porque no pude alejarse del conflicto, ya que fue quien nombr\u00f3 a la actual titular y a quien le rinde cuentas.<\/p>\n\n\n\n<p class=\"wp-block-paragraph\">De entrada, Morena como partido sigue apoyando a Rosario Piedra Ibarra para que se mantenga al frente de la CNDH, aunque los que tienen tomado un edificio de la instituci\u00f3n quieren que salga la titular, por ello es indispensable la mediaci\u00f3n dijo el senador Monreal para escuchar a las v\u00edctimas y poder encontrar acuerdos.<\/p>\n\n\n\n<p class=\"wp-block-paragraph\">El senador Monreal aclar\u00f3 que intervendr\u00e1 el Senado en el di\u00e1logo para buscar soluciones, como interlocutores de buena fe, ya que la crisis por la que atraviesa la instituci\u00f3n no puede evadirse ni aislarse y por el bien de los mexicanos debe seguir funcionando con gobernabilidad.<\/p>\n\n\n\n<p class=\"wp-block-paragraph\">Al recrudecer la situaci\u00f3n en la CNDH, el Senado, detall\u00f3 Monreal, no puede hacerse de la vista gorda, ni tampoco puede mantenerse r paralizada una instituci\u00f3n tan importante para la gobernabilidad del pa\u00eds, por ello el senador Monreal puso los puntos claros y se suma a respaldar el trabajo de la titular, al considerar que est\u00e1 realizando un trabajo eficaz, callado, prudente pero firme en la defensa de los derechos humanos. Adem\u00e1s, la considera con autoridad y legitimidad social.<\/p>\n\n\n\n<p class=\"wp-block-paragraph\">El senado reconoce que el fin de semana, tres colectivos feministas tomaron las instalaciones de la CNDH y las convirtieron en refugio de v\u00edctimas de violencia.<\/p>\n\n\n\n<p class=\"wp-block-paragraph\">El senador Monreal \u00c1vila dej\u00f3 en claro, sobre quienes est\u00e1n protestando, tanto \u00e9l como el Grupo Parlamentario de Morena en el Senado, no los sataniza por apoderarse de las instalaciones, porque seguramente la desesperaci\u00f3n o el acoso institucional \u201cdel pasado\u201d las obliga a esto, pero este es otro Gobierno dijo y son otras intenciones las que nos mueven a actuar con tolerancia y buscar la forma de c\u00f3mo enderezar entuertos y deshacer agravios.<\/p>\n\n\n\n<p class=\"wp-block-paragraph\">Esta tarde, la presidenta de la CNDH, Rosario Piedra Ibarra, emiti\u00f3 un comunicado en el que puntualiza que el pasado mi\u00e9rcoles 2 de septiembre fueron ocupadas las oficinas de ese organismo en la calle de Cuba 60. El desarrollo de este suceso ha tenido como uno de los resultados no deseados, la falta de seguimiento a la atenci\u00f3n de casos de v\u00edctimas de distintas violaciones de Derechos Humanos, de las cuales sus expedientes se encuentran en dichas instalaciones.<\/p>\n\n\n\n<p class=\"wp-block-paragraph\">Ante ello \u201chacemos un llamado respetuoso a las mujeres de los colectivos que se encuentran dentro de las instalaciones para acordar en breve una mesa de trabajo y establecer el protocolo de resguardo de los mismos, ya que son expedientes que contienen informaci\u00f3n sensible y base para las investigaciones por presuntas violaciones a derechos humanos, que es el mandato de esta instituci\u00f3n, acompa\u00f1ando los procesos de las v\u00edctimas, la reparaci\u00f3n del da\u00f1o y en la incidencia de medidas de no repetici\u00f3n\u201d.<\/p>\n\n\n\n<p class=\"wp-block-paragraph\">SEM\/ag\/sj<\/p>\n","protected":false},"excerpt":{"rendered":"<p>Se justifica la intervenci\u00f3n del Senado porque ah\u00ed se eligi\u00f3 a Rosario Piedra Ibarra<\/p>\n","protected":false},"author":3,"featured_media":25309,"comment_status":"open","ping_status":"open","sticky":false,"template":"","format":"standard","meta":{"_monsterinsights_skip_tracking":false,"footnotes":""},"categories":[691,50],"tags":[],"class_list":["post-25308","post","type-post","status-publish","format-standard","has-post-thumbnail","category-691","category-congreso"],"_links":{"self":[{"href":"https:\/\/redsemlac.com\/semmexico\/wp-json\/wp\/v2\/posts\/25308","targetHints":{"allow":["GET"]}}],"collection":[{"href":"https:\/\/redsemlac.com\/semmexico\/wp-json\/wp\/v2\/posts"}],"about":[{"href":"https:\/\/redsemlac.com\/semmexico\/wp-json\/wp\/v2\/types\/post"}],"author":[{"embeddable":true,"href":"https:\/\/redsemlac.com\/semmexico\/wp-json\/wp\/v2\/users\/3"}],"replies":[{"embeddable":true,"href":"https:\/\/redsemlac.com\/semmexico\/wp-json\/wp\/v2\/comments?post=25308"}],"version-history":[{"count":0,"href":"https:\/\/redsemlac.com\/semmexico\/wp-json\/wp\/v2\/posts\/25308\/revisions"}],"wp:featuredmedia":[{"embeddable":true,"href":"https:\/\/redsemlac.com\/semmexico\/wp-json\/wp\/v2\/media\/25309"}],"wp:attachment":[{"href":"https:\/\/redsemlac.com\/semmexico\/wp-json\/wp\/v2\/media?parent=25308"}],"wp:term":[{"taxonomy":"category","embeddable":true,"href":"https:\/\/redsemlac.com\/semmexico\/wp-json\/wp\/v2\/categories?post=25308"},{"taxonomy":"post_tag","embeddable":true,"href":"https:\/\/redsemlac.com\/semmexico\/wp-json\/wp\/v2\/tags?post=25308"}],"curies":[{"name":"wp","href":"https:\/\/api.w.org\/{rel}","templated":true}]}}