{"id":25288,"date":"2020-09-07T20:11:46","date_gmt":"2020-09-07T20:11:46","guid":{"rendered":"https:\/\/redsemlac.com\/semmexico\/?p=25288"},"modified":"2023-07-21T16:30:20","modified_gmt":"2023-07-21T21:30:20","slug":"demandan-poner-en-el-centro-y-con-urgencia-a-las-indigenas","status":"publish","type":"post","link":"https:\/\/redsemlac.com\/semmexico\/demandan-poner-en-el-centro-y-con-urgencia-a-las-indigenas\/","title":{"rendered":"Demandan \u201cponer en el centro y con urgencia\u201d a las ind\u00edgenas"},"content":{"rendered":"\n<ul class=\"wp-block-list\"><li><strong>Piden mejores pol\u00edticas p\u00fablicas para la mujer ind\u00edgena<\/strong><\/li><\/ul>\n\n\n\n<ul class=\"wp-block-list\"><li><strong>Estamos en el momento oportuno de revisar el marco jur\u00eddico: diputada Irma Juan Carlos<\/strong><\/li><\/ul>\n\n\n\n<p class=\"wp-block-paragraph\"><strong>Redacci\u00f3n&nbsp;<\/strong><\/p>\n\n\n\n<p class=\"wp-block-paragraph\">SemM\u00e9xico, Cd. de M\u00e9xico, 7 de junio, 2020.- La Comisi\u00f3n de Pueblos Ind\u00edgenas, que preside la diputada Irma Juan Carlos (Morena), y representantes de comunidades originarias, exigieron trabajar por mejores pol\u00edticas p\u00fablicas, esto durante la conmemoraci\u00f3n del D\u00eda Nacional de la Mujer Ind\u00edgena, el pasado 5 de septiembre.<\/p>\n\n\n\n<p class=\"wp-block-paragraph\">Durante el foro \u201cLa mujer ind\u00edgena en M\u00e9xico: una visi\u00f3n gubernamental, comunitaria y social\u00bb, la legisladora asegur\u00f3 que en medio de la violencia, exclusi\u00f3n e invisibilidad que sufren las mujeres ind\u00edgenas, a\u00fan tienen una esperanza porque su aportaci\u00f3n es indispensable en el desarrollo y crecimiento de las sociedades.<\/p>\n\n\n\n<p class=\"wp-block-paragraph\">Precis\u00f3 que las mujeres ind\u00edgenas representan el 43 por ciento del sector agr\u00edcola en M\u00e9xico. Adem\u00e1s, conforme al Atlas Agroalimentario 2012-2018, las entidades con mayor n\u00famero de agricultoras son Oaxaca, Puebla, Chiapas, Veracruz y Guerrero.<\/p>\n\n\n\n<p class=\"wp-block-paragraph\">\u201cSomos nosotras las que le damos vida al sector. Nos desempe\u00f1amos como artesanas, parteras, impulsoras de la vida social y econ\u00f3mica del pa\u00eds; a pesar de ello, a\u00fan somos invisibilizadas. Estamos en el momento oportuno de revisar el marco jur\u00eddico y promover las demandas de las mujeres ind\u00edgenas\u201d, enfatiz\u00f3 al inaugurar el foro.<\/p>\n\n\n\n<p class=\"wp-block-paragraph\">La presidenta de la Comisi\u00f3n de Igualdad de G\u00e9nero, diputada Wendy Brice\u00f1o Zuloaga (Morena), consider\u00f3 que este d\u00eda debe reflejarse en m\u00e1s y mejores iniciativas para el sector. \u201cDebemos poner en el centro y con urgencia a nuestras hermanas ind\u00edgenas. Hay que atender a quienes han sido m\u00e1s vulneradas en sus derechos durante d\u00e9cadas\u201d.<\/p>\n\n\n\n<p class=\"wp-block-paragraph\">Afirm\u00f3 que las personas ind\u00edgenas tienen mayores carencias econ\u00f3micas que quienes no pertenecen a estos grupos. El 35.6 por ciento se encuentran en pobreza extrema; la tasa de mujeres ind\u00edgenas de m\u00e1s de 60 a\u00f1os que no saben leer ni escribir es de 72.2 por ciento; de 30 a 59 a\u00f1os, de 36.8, y de los 15 a los 29 a\u00f1os, de 10.9 por ciento.<\/p>\n\n\n\n<p class=\"wp-block-paragraph\">\u201cEl reto es que m\u00e1s mujeres ind\u00edgenas lleguen a los procesos electorales de 2021 y avanzar en los derechos sexuales y reproductivos, as\u00ed como hacer un trabajo de la mano para seguir construyendo un marco normativo que nos represente a todas\u201d, asegur\u00f3.<\/p>\n\n\n\n<p class=\"wp-block-paragraph\">Por su parte, la diputada M\u00f3nica Bautista Rodr\u00edguez (PRD) dijo que en el D\u00eda Nacional de la Mujer Ind\u00edgena se debe reflexionar en la importancia de otorgarles los espacios necesarios, porque siguen enfrentando exclusi\u00f3n, discriminaci\u00f3n e incertidumbre en el respeto de sus derechos b\u00e1sicos por la falta de capacidad de las instituciones o carencia de voluntad pol\u00edtica.<\/p>\n\n\n\n<p class=\"wp-block-paragraph\">La diputada Frinn\u00e9 Azuara Yarz\u00e1bal (PRI) reafirm\u00f3 su compromiso de seguir promoviendo los derechos y la cultura de las mujeres ind\u00edgenas de M\u00e9xico, con una agenda que garantice su participaci\u00f3n plena y efectiva en todas las esferas de la sociedad.<\/p>\n\n\n\n<p class=\"wp-block-paragraph\">De Morena, la diputada In\u00e9s Parra Ju\u00e1rez coment\u00f3 que, seg\u00fan datos del Inegi, las nuevas generaciones de mujeres ind\u00edgenas han abatido el rezago educativo; sin embargo, a\u00fan el 64.7 por ciento, con edad mayor a 12 a\u00f1os, tienen trabajos no remunerados, mayor a la media nacional.<\/p>\n\n\n\n<p class=\"wp-block-paragraph\">Por su parte, el diputado Ariel Rodr\u00edguez V\u00e1zquez (MC) consider\u00f3 que cualquier lengua contiene una riqueza hist\u00f3rica y representa un conocimiento y acervo cultural, por lo que si desaparece una lengua la humanidad pierde un poco m\u00e1s.<\/p>\n\n\n\n<p class=\"wp-block-paragraph\">En la Ciudad de M\u00e9xico, m\u00e1s ind\u00edgenas que en los lugares de origen Larisa Ortiz Quintero, secretaria de Pueblos y Barrios Originarios y Comunidades Ind\u00edgenas Residentes, plante\u00f3 fijarse m\u00e1s en la Ciudad de M\u00e9xico, \u201cdonde hay m\u00e1s presencia ind\u00edgena que en los lugares de origen, porque se est\u00e1n quedando vac\u00edos por la migraci\u00f3n, adem\u00e1s de apoyar la formaci\u00f3n de ni\u00f1os, ni\u00f1as y adolescentes ind\u00edgenas en el nivel b\u00e1sico, que es donde m\u00e1s se da la deserci\u00f3n escolar\u201d.<\/p>\n\n\n\n<p class=\"wp-block-paragraph\">Rosa Mar\u00eda Couoh Pool, ind\u00edgena maya, originaria de la comisar\u00eda de Popol\u00e1, municipio de Valladolid, Yucat\u00e1n, se pronunci\u00f3 por garantizar servicios de educaci\u00f3n a las ni\u00f1as ind\u00edgenas, respetar su cultura y ra\u00edces para darles una mejor calidad de vida. \u201cTenemos la capacidad de generar recursos econ\u00f3micos, materiales, posesiones y herramientas para salir adelante\u201d, coment\u00f3.<\/p>\n\n\n\n<p class=\"wp-block-paragraph\">Carmen V\u00e1squez Hern\u00e1ndez, ind\u00edgena tzotzil de Venustiano Carranza, Chiapas, agradeci\u00f3 la invitaci\u00f3n a participar en este foro. \u201cYo en el Colegio de Bachilleres de mi comunidad imparto a las j\u00f3venes nuestro trabajo y les imparto mi lengua materna; asimismo, mi trabajo ha sido dar cursos e impartir el bordado en mi localidad\u201d.<\/p>\n\n\n\n<p class=\"wp-block-paragraph\">Inocencia Arellano Mijarez, investigadora ind\u00edgena de O\u2019dam, en Santiago Teneraca, Mezquital, Durango, hizo un llamado a crear acciones para incluir la cultura ind\u00edgena, no negar su origen ni su norma ling\u00fc\u00edstica. Advirti\u00f3 que en M\u00e9xico a\u00fan falta mucho por hacer en materia de los derechos de las mujeres ind\u00edgenas, ya que las instituciones han estado ausentes para este sector de la poblaci\u00f3n.<\/p>\n\n\n\n<p class=\"wp-block-paragraph\">Tulia S\u00e1nchez, ind\u00edgena Ayuujk, resalt\u00f3 la labor que hacen las mujeres para la conservaci\u00f3n de los dialectos y cultura, por medio de la impartici\u00f3n de educaci\u00f3n, a fin de incentivar a ni\u00f1as y ni\u00f1os para que se sientan orgullosos de su identidad.<\/p>\n\n\n\n<p class=\"wp-block-paragraph\">Al concluir el foro, la presidenta de la Comisi\u00f3n de Pueblos Ind\u00edgenas dijo que esta celebraci\u00f3n es un acto de reivindicaci\u00f3n, porque la mujer ha sido relegada a lugares secundarios, a pesar de ser mayor\u00eda en el mundo y en nuestro pa\u00eds. \u201cLas mujeres ind\u00edgenas de M\u00e9xico hemos garantizado la reproducci\u00f3n de las lenguas, de las culturas, de las tradiciones; somos portadoras de conocimientos en medicina tradicional, de la biodiversidad; sin embargo, seguimos enfrentando m\u00faltiples desaf\u00edos\u201d, puntualiz\u00f3.<\/p>\n\n\n\n<p class=\"wp-block-paragraph\">SEM\/sj<\/p>\n","protected":false},"excerpt":{"rendered":"<p>Estamos en el momento oportuno de revisar el marco jur\u00eddico: diputada Irma Juan Carlos<\/p>\n","protected":false},"author":3,"featured_media":25289,"comment_status":"open","ping_status":"open","sticky":false,"template":"","format":"standard","meta":{"_monsterinsights_skip_tracking":false,"footnotes":""},"categories":[691,50],"tags":[],"class_list":["post-25288","post","type-post","status-publish","format-standard","has-post-thumbnail","category-691","category-congreso"],"_links":{"self":[{"href":"https:\/\/redsemlac.com\/semmexico\/wp-json\/wp\/v2\/posts\/25288","targetHints":{"allow":["GET"]}}],"collection":[{"href":"https:\/\/redsemlac.com\/semmexico\/wp-json\/wp\/v2\/posts"}],"about":[{"href":"https:\/\/redsemlac.com\/semmexico\/wp-json\/wp\/v2\/types\/post"}],"author":[{"embeddable":true,"href":"https:\/\/redsemlac.com\/semmexico\/wp-json\/wp\/v2\/users\/3"}],"replies":[{"embeddable":true,"href":"https:\/\/redsemlac.com\/semmexico\/wp-json\/wp\/v2\/comments?post=25288"}],"version-history":[{"count":0,"href":"https:\/\/redsemlac.com\/semmexico\/wp-json\/wp\/v2\/posts\/25288\/revisions"}],"wp:featuredmedia":[{"embeddable":true,"href":"https:\/\/redsemlac.com\/semmexico\/wp-json\/wp\/v2\/media\/25289"}],"wp:attachment":[{"href":"https:\/\/redsemlac.com\/semmexico\/wp-json\/wp\/v2\/media?parent=25288"}],"wp:term":[{"taxonomy":"category","embeddable":true,"href":"https:\/\/redsemlac.com\/semmexico\/wp-json\/wp\/v2\/categories?post=25288"},{"taxonomy":"post_tag","embeddable":true,"href":"https:\/\/redsemlac.com\/semmexico\/wp-json\/wp\/v2\/tags?post=25288"}],"curies":[{"name":"wp","href":"https:\/\/api.w.org\/{rel}","templated":true}]}}