{"id":25282,"date":"2020-09-07T20:06:08","date_gmt":"2020-09-07T20:06:08","guid":{"rendered":"https:\/\/redsemlac.com\/semmexico\/?p=25282"},"modified":"2023-07-21T16:30:20","modified_gmt":"2023-07-21T21:30:20","slug":"cuba-violencia-de-genero-conocer-para-no-revictimizar","status":"publish","type":"post","link":"https:\/\/redsemlac.com\/semmexico\/cuba-violencia-de-genero-conocer-para-no-revictimizar\/","title":{"rendered":"Cuba: Violencia de g\u00e9nero: conocer para no revictimizar"},"content":{"rendered":"\n<ul class=\"wp-block-list\"><li><strong>Expertas consideran la integralidad como piedra angular de todo protocolo de atenci\u00f3n<\/strong><\/li><\/ul>\n\n\n\n<ul class=\"wp-block-list\"><li><strong> La perspectiva de g\u00e9nero en la violencia machista permite visualizar su dimensi\u00f3n social<\/strong><\/li><\/ul>\n\n\n\n<p class=\"wp-block-paragraph\"><strong>Dixie Edith<\/strong><strong><\/strong><\/p>\n\n\n\n<p class=\"wp-block-paragraph\">SemM\u00e9xico\/SEMlac, La Habana, 7 de septiembre, 2020.- Integralidad y formaci\u00f3n especializada deben ser piezas clave de cualquier mecanismo de atenci\u00f3n a la violencia de g\u00e9nero en Cuba, coinciden expertas con a\u00f1os de investigaci\u00f3n en torno a esta problem\u00e1tica.<\/p>\n\n\n\n<p class=\"wp-block-paragraph\">\u00abQuienes trabajamos en este tema sabemos que cualquiera no puede prestar un servicio de atenci\u00f3n, que la prevenci\u00f3n y atenci\u00f3n de la violencia requiere conocimiento, sensibilizaci\u00f3n, preparaci\u00f3n, para que el compromiso no sea formal\u00bb, reflexion\u00f3 con SEMlac la soci\u00f3loga&nbsp;<a href=\"http:\/\/directoriogenero.redsemlac-cuba.net\/\" target=\"_blank\" rel=\"noreferrer noopener\">Clotilde Proveyer<\/a>, profesora de la Universidad de La Habana, durante un&nbsp;<a href=\"http:\/\/www.redsemlac-cuba.net\/violencia\/servicios-de-orientaci%C3%B3n-a-v%C3%ADctimas-de-violencia-%C2%BFd%C3%B3nde-est%C3%A1n-los-retos.html\" target=\"_blank\" rel=\"noreferrer noopener\">debate virtual reciente<\/a>.<\/p>\n\n\n\n<p class=\"wp-block-paragraph\">\u00abCuando ofrecemos un servicio para atender a v\u00edctimas, ya sea jur\u00eddico, psicol\u00f3gico, m\u00e9dico, de cualquier naturaleza, si no estamos sensibilizadas, si no tenemos las herramientas necesarias, lo que hacemos es revictimizar\u00bb, precis\u00f3 la especialista, quien coordina el equipo de asesor\u00eda en asuntos de violencia que trabaja actualmente con la Federaci\u00f3n de Mujeres Cubanas (FMC).<\/p>\n\n\n\n<p class=\"wp-block-paragraph\">Testimonios diversos recogidos en investigaciones acerca de la violencia machista en el pa\u00eds confirman esa tesis.<\/p>\n\n\n\n<p class=\"wp-block-paragraph\">A Dania, por ejemplo, su esposo nunca la golpe\u00f3. La primera vez que discutieron fuerte fue por los vestidos que a ella le gustaba ponerse, ajustados y de colores vivos.<\/p>\n\n\n\n<p class=\"wp-block-paragraph\">\u00abFue apenas unas semanas despu\u00e9s de casarnos. Me dijo que esa ropa estaba bien para cuando estaba soltera, pero que ahora no ten\u00eda que estarme exhibiendo por ah\u00ed, porque ya ten\u00eda due\u00f1o. Despu\u00e9s de la discusi\u00f3n, estuvo una semana sin hablarme\u00bb, narr\u00f3 la joven santiaguera de 24 a\u00f1os, identificada aqu\u00ed bajo un nombre ficticio.<\/p>\n\n\n\n<p class=\"wp-block-paragraph\">El patr\u00f3n se repiti\u00f3 varias veces, por motivos diferentes. La muchacha lo cont\u00f3 a una abogada amiga de su familia en busca de ayuda. \u00abNo pod\u00eda m\u00e1s y no sab\u00eda qu\u00e9 hacer\u00bb, confes\u00f3.<\/p>\n\n\n\n<p class=\"wp-block-paragraph\">\u00abPero ella me dijo que eso no era violencia porque mi esposo nunca me hab\u00eda tocado un pelo, se preocupaba por m\u00ed y no era infiel. &#8216;Tienes que poner de tu parte, porque ya no eres una adolescente y a los hombres no les gustan las mujeres alborotadoras&#8217;, me dijo.<\/p>\n\n\n\n<p class=\"wp-block-paragraph\">Narrada de forma an\u00f3nima, esta vivencia fue compartida durante una serie de din\u00e1micas grupales, parte de un taller sobre temas de g\u00e9nero y salud sexual y reproductiva para j\u00f3venes en la zona oriental del pa\u00eds.<\/p>\n\n\n\n<p class=\"wp-block-paragraph\">La historia de esta joven se enlaza con otras que tienen un denominador com\u00fan: las v\u00edctimas no tuvieron a su alcance orientaci\u00f3n, consejo o ayuda especializada para salir de la situaci\u00f3n de maltrato, ya sea porque desconoc\u00edan a d\u00f3nde ir o, simplemente, porque la persona o instituci\u00f3n a la cual acudieron no ten\u00eda suficiente preparaci\u00f3n para atenderlas.<\/p>\n\n\n\n<p class=\"wp-block-paragraph\">\u00abMe obligaba a tener relaciones sexuales. Le tem\u00eda porque me golpeaba muy fuerte, nunca supe qu\u00e9 hacer, a qui\u00e9n acudir o pedir ayuda\u00bb, cont\u00f3 a la soci\u00f3loga Iyamira Hern\u00e1ndez Pita una de las mujeres que brind\u00f3 testimonio an\u00f3nimo para su investigaci\u00f3n doctoral.<\/p>\n\n\n\n<p class=\"wp-block-paragraph\">A juicio de Hern\u00e1ndez, garantizar la especializaci\u00f3n de los espacios de atenci\u00f3n a la violencia de g\u00e9nero es muy importante \u00abpor la presencia de este fen\u00f3meno en nuestro contexto y por las consecuencias para la salud y la vida de las personas en situaciones de violencia\u00bb, explic\u00f3 a SEMlac.<\/p>\n\n\n\n<p class=\"wp-block-paragraph\">Seg\u00fan la&nbsp;<a href=\"http:\/\/www.onei.gob.cu\/node\/14271#:%7E:text=En%20noviembre%20de%202016,%20se,especial%20Isla%20de%20la%20Juventud.&amp;text=Se%20considera%20que%20esta%20encuesta,a%20cabo%20por%20diferentes%20instituciones.\" target=\"_blank\" rel=\"noreferrer noopener\">Encuesta Nacional de Igualdad de G\u00e9nero<\/a>&nbsp;realizada en 2016, el 39,6 por ciento de las mujeres entrevistadas hab\u00eda sufrido violencia en sus relaciones de pareja en alg\u00fan momento de su vida, mientras que 26,7 por ciento de las mujeres entre 15 y 74 a\u00f1os declar\u00f3 haber sido v\u00edctima de maltrato en los \u00faltimos 12 meses.<\/p>\n\n\n\n<p class=\"wp-block-paragraph\">Si bien hoy se cuenta con sistematizaciones te\u00f3ricas y resultados representativos acerca de lo que ocurre en el pa\u00eds, as\u00ed como acciones de formaci\u00f3n, sensibilizaci\u00f3n y consejer\u00eda, en opini\u00f3n de Hern\u00e1ndez a\u00fan no se aplican protocolos ya elaborados y faltan espacios especializados para la atenci\u00f3n a sobrevivientes y agresores.<\/p>\n\n\n\n<p class=\"wp-block-paragraph\"><br>Tanto Proveyer como Hern\u00e1ndez consideran la integralidad como piedra angular de cualquier espacio o protocolo de atenci\u00f3n de la violencia machista.<br>\u00abLa violencia de g\u00e9nero requiere de la articulaci\u00f3n de todos los actores de la sociedad que participan en la prevenci\u00f3n y la atenci\u00f3n. No es posible pensar en la creaci\u00f3n de un servicio que no parta de la articulaci\u00f3n como sistema. Es imprescindible, porque este es un problema que requiere de servicios especializados, asesor\u00eda jur\u00eddica, acompa\u00f1amiento y protecci\u00f3n a las v\u00edctimas\u00bb, detall\u00f3 Proveyer.<\/p>\n\n\n\n<p class=\"wp-block-paragraph\"><strong>Capacitaci\u00f3n de g\u00e9nero como punto de partida<\/strong><\/p>\n\n\n\n<p class=\"wp-block-paragraph\"><br>Para ella, adem\u00e1s, cualquier proceso formativo para atender la violencia debe partir de s\u00f3lidos conocimientos de g\u00e9nero.<\/p>\n\n\n\n<p class=\"wp-block-paragraph\">\u00abNo incluir esta perspectiva trae aparejado el riesgo de seguir enmarcando el problema como propio del \u00e1mbito privado o familiar, el cual deber\u00e1 ser solucionado dentro de los l\u00edmites de la intimidad, sin visualizar su dimensi\u00f3n social ni cuestionar el contexto de la ideolog\u00eda patriarcal\u00bb, argumenta la soci\u00f3loga en su art\u00edculo.<\/p>\n\n\n\n<p class=\"wp-block-paragraph\">A su juicio, ese desaf\u00edo pasa tambi\u00e9n por desarrollar una estrategia que permita desnaturalizar la violencia de g\u00e9nero en la cultura, eliminar mitos que la sostienen y dotar a las personas de herramientas para detectar y reconocer el maltrato en cualquiera de sus expresiones, explic\u00f3 a SEMlac.<\/p>\n\n\n\n<p class=\"wp-block-paragraph\">En entrevista publicada en el diario&nbsp;<a href=\"http:\/\/www.granma.cu\/cuba\/2020-08-22\/el-trabajo-de-cuba-es-serio-y-proactivo-22-08-2020-01-08-10\" target=\"_blank\" rel=\"noreferrer noopener\">Granma<\/a>&nbsp;el 22 de agosto, la psic\u00f3loga Mayda \u00c1lvarez consider\u00f3 urgente \u00abperfeccionar v\u00edas, procedimientos, mecanismos, protocolos de actuaci\u00f3n en las instituciones implicadas y todo lo necesario para atender, con inmediatez, con respeto y sin prejuicios, a las v\u00edctimas de violencia, y aplicar con todo rigor la ley a quienes cometen estos actos\u00bb.<\/p>\n\n\n\n<p class=\"wp-block-paragraph\">\u00abEsencial es la capacitaci\u00f3n en g\u00e9nero y violencia a decisores y juristas por la importancia de su papel en este tema, la inserci\u00f3n en planes y programas de estudio, en la capacitaci\u00f3n a educadoras y educadores, a especialistas en comunicaci\u00f3n, entre otros actores\u00bb, argument\u00f3 la directora del Centro de Estudios de la Mujer (CEM), de la FMC.<\/p>\n\n\n\n<p class=\"wp-block-paragraph\">Mirna M\u00e9ndez, jurista y coordinadora en el oriente del pa\u00eds del proyecto Justicia en clave de G\u00e9nero, de la Uni\u00f3n Nacional de Juristas de Cuba (UNJC), aboga tambi\u00e9n por desmontar mitos y prejuicios que naturalizan la violencia machista, la justifican y la hacen invisible para la poblaci\u00f3n y quienes ejercen el Derecho.<\/p>\n\n\n\n<p class=\"wp-block-paragraph\">Al intervenir en el panel \u00abLa violencia contra las mujeres y las ni\u00f1as. Acciones sociales y jur\u00eddicas\u00bb, realizado&nbsp;<a href=\"http:\/\/www.redsemlac-cuba.net\/violencia\/atenci%C3%B3n-a-v%C3%ADctimas-de-violencia-machista-se-abre-paso.html\" target=\"_blank\" rel=\"noreferrer noopener\">a fines de 2019<\/a>&nbsp;en la Universidad de Oriente, durante la Jornada Nacional por la No violencia contra las mujeres y las ni\u00f1as, la jurista se refiri\u00f3 adem\u00e1s a otros aspectos del problema.<\/p>\n\n\n\n<p class=\"wp-block-paragraph\">Entre los mitos m\u00e1s frecuentes que subyacen en los hechos de violencia sexual se encuentran aquellos \u00abque responsabilizan a las mujeres\u00bb, dijo en la ciudad de Santiago de Cuba, a unos 878 km de La Habana.<br><br>\u00abNo se visualiza la violencia psicol\u00f3gica como un tipo de violencia de g\u00e9nero\u00bb, se\u00f1al\u00f3 y agreg\u00f3 que otras expresiones, como la econ\u00f3mica y la obst\u00e9trica, suelen pasar inadvertidas.<\/p>\n\n\n\n<p class=\"wp-block-paragraph\">El anuncio reciente de que se abrir\u00e1 una l\u00ednea telef\u00f3nica para la orientaci\u00f3n y el apoyo psicol\u00f3gico a personas que sufren violencia de g\u00e9nero permitir\u00e1 \u00abinterconectar servicios que habitualmente se han brindado\u00bb, considera la jurista Yamila Gonz\u00e1lez Ferrer.<\/p>\n\n\n\n<p class=\"wp-block-paragraph\">\u00abEstamos previendo que las personas que la atiendan tengan conocimientos jur\u00eddicos que les permitan dar orientaci\u00f3n, garantizando enlaces con los servicios de la Fiscal\u00eda General, de las Casas Sociales de la Uni\u00f3n de Juristas de Cuba, o con las Casas de Orientaci\u00f3n de la FMC\u00bb, entre otras,&nbsp;<a href=\"http:\/\/www.redsemlac-cuba.net\/violencia\/servicios-de-orientaci%C3%B3n-a-v%C3%ADctimas-de-violencia-%C2%BFd%C3%B3nde-est%C3%A1n-los-retos.html\" target=\"_blank\" rel=\"noreferrer noopener\">precis\u00f3 Gonz\u00e1lez Ferrer al responder preguntas de SEMlac<\/a>.<\/p>\n\n\n\n<p class=\"wp-block-paragraph\">\u00abEs decir, el dise\u00f1o de la l\u00ednea permite mantener y fortalecer ese trabajo integrado que se requiere a todos los niveles, particularmente de la comunidad, y fortalecer las redes de apoyo que son tan importantes para contener estas situaciones y dar las salidas que corresponden\u00bb, agreg\u00f3 la jurista, quien integra tambi\u00e9n el equipo asesor de la FMC para atender la violencia.<\/p>\n\n\n\n<p class=\"wp-block-paragraph\">En las pr\u00f3ximas semanas, esa l\u00ednea telef\u00f3nica comenzar\u00e1 a brindar ayuda psicosocial, informaci\u00f3n y orientaci\u00f3n a v\u00edctimas de violencia y tambi\u00e9n podr\u00e1 derivarlas a otros servicios esenciales del sistema de protecci\u00f3n, como los policiales y jur\u00eddicos.<\/p>\n\n\n\n<p class=\"wp-block-paragraph\">\u00abEs una decisi\u00f3n relacionada con los esfuerzos para perfeccionar la estrategia integral de prevenci\u00f3n y atenci\u00f3n a la violencia de g\u00e9nero, que coordina la FMC. Y aunque ya existen las l\u00edneas de la Fiscal\u00eda General o la 106, de la polic\u00eda, el hecho de disponer de una que incluya el tema de la violencia como prioridad y se articule con otros servicios, es muy importante\u00bb, insisti\u00f3 Gonz\u00e1lez.<\/p>\n\n\n\n<p class=\"wp-block-paragraph\">A juicio de Proveyer, aunque \u00abestamos urgidas del perfeccionamiento de los servicios y del logro de una atenci\u00f3n eficaz a la problem\u00e1tica de la violencia\u00bb, en un problema como este no se puede improvisar.<\/p>\n\n\n\n<p class=\"wp-block-paragraph\">\u00abHemos estado preparando un servicio que pueda ser sostenible y eficaz. Se ha elaborado una gu\u00eda con herramientas te\u00f3ricas, metodol\u00f3gicas y pr\u00e1cticas para la atenci\u00f3n y para la ayuda psicol\u00f3gica. Tambi\u00e9n hemos conformado un plan de formaci\u00f3n y sensibilizaci\u00f3n dirigido a todo el personal, no solo de la l\u00ednea 103, sino tambi\u00e9n de la 106, la l\u00ednea de la Fiscal\u00eda, las compa\u00f1eras de las Casas de Orientaci\u00f3n, o sea, para todas las personas que tienen ese encargo social\u00bb, explic\u00f3 a SEMlac.<\/p>\n\n\n\n<p class=\"wp-block-paragraph\">Para la soci\u00f3loga resulta vital que esta sensibilizaci\u00f3n se entienda, tambi\u00e9n, \u00abcomo proceso de apropiaci\u00f3n de herramientas de g\u00e9nero y otras que permitan internalizar la problem\u00e1tica y comprender la violencia como un asunto de derecho, como un problema social y de salud\u00bb, abund\u00f3.<\/p>\n\n\n\n<p class=\"wp-block-paragraph\">\u00abSi no lo abordamos de esa manera, puede quedar como una soluci\u00f3n epid\u00e9rmica\u00bb, alert\u00f3.<\/p>\n","protected":false},"excerpt":{"rendered":"<p> Integralidad y formaci\u00f3n especializada deben ser piezas clave de cualquier mecanismo de atenci\u00f3n a la violencia de g\u00e9nero en Cuba<\/p>\n","protected":false},"author":3,"featured_media":25283,"comment_status":"open","ping_status":"open","sticky":false,"template":"","format":"standard","meta":{"_monsterinsights_skip_tracking":false,"footnotes":""},"categories":[691,53],"tags":[],"class_list":["post-25282","post","type-post","status-publish","format-standard","has-post-thumbnail","category-691","category-internacional"],"_links":{"self":[{"href":"https:\/\/redsemlac.com\/semmexico\/wp-json\/wp\/v2\/posts\/25282","targetHints":{"allow":["GET"]}}],"collection":[{"href":"https:\/\/redsemlac.com\/semmexico\/wp-json\/wp\/v2\/posts"}],"about":[{"href":"https:\/\/redsemlac.com\/semmexico\/wp-json\/wp\/v2\/types\/post"}],"author":[{"embeddable":true,"href":"https:\/\/redsemlac.com\/semmexico\/wp-json\/wp\/v2\/users\/3"}],"replies":[{"embeddable":true,"href":"https:\/\/redsemlac.com\/semmexico\/wp-json\/wp\/v2\/comments?post=25282"}],"version-history":[{"count":0,"href":"https:\/\/redsemlac.com\/semmexico\/wp-json\/wp\/v2\/posts\/25282\/revisions"}],"wp:featuredmedia":[{"embeddable":true,"href":"https:\/\/redsemlac.com\/semmexico\/wp-json\/wp\/v2\/media\/25283"}],"wp:attachment":[{"href":"https:\/\/redsemlac.com\/semmexico\/wp-json\/wp\/v2\/media?parent=25282"}],"wp:term":[{"taxonomy":"category","embeddable":true,"href":"https:\/\/redsemlac.com\/semmexico\/wp-json\/wp\/v2\/categories?post=25282"},{"taxonomy":"post_tag","embeddable":true,"href":"https:\/\/redsemlac.com\/semmexico\/wp-json\/wp\/v2\/tags?post=25282"}],"curies":[{"name":"wp","href":"https:\/\/api.w.org\/{rel}","templated":true}]}}