{"id":25279,"date":"2020-09-07T19:15:00","date_gmt":"2020-09-07T19:15:00","guid":{"rendered":"https:\/\/redsemlac.com\/semmexico\/?p=25279"},"modified":"2023-07-21T16:30:20","modified_gmt":"2023-07-21T21:30:20","slug":"tania-meza-escorza-preside-el-concejo-municipal-de-pachuca","status":"publish","type":"post","link":"https:\/\/redsemlac.com\/semmexico\/tania-meza-escorza-preside-el-concejo-municipal-de-pachuca\/","title":{"rendered":"Tania Meza Escorza preside el Concejo Municipal de Pachuca"},"content":{"rendered":"\n<ul class=\"wp-block-list\"><li><strong>Es activista por los derechos de las mujeres y acad\u00e9mica<\/strong><\/li><\/ul>\n\n\n\n<ul class=\"wp-block-list\"><li><strong> El cargo tendr\u00e1 una duraci\u00f3n de poco m\u00e1s de tres meses<\/strong><\/li><\/ul>\n\n\n\n<p class=\"wp-block-paragraph\"><strong>Ignacio Garc\u00eda<\/strong><\/p>\n\n\n\n<p class=\"wp-block-paragraph\">SemM\u00e9xico, Pachuca, Hgo., 7 de septiembre, 2020.- La acad\u00e9mica y activista Tania Meza Escorza fue electa como presidenta del Concejo Municipal de Pachuca para hacerse cargo de la administraci\u00f3n de la capital del estado del 5 de septiembre al 14 de diciembre.<\/p>\n\n\n\n<p class=\"wp-block-paragraph\">Despu\u00e9s de una sesi\u00f3n extraordinaria que dur\u00f3 casi 24 horas en el Congreso local, los diputados determin\u00f3 lo anterior en sustituci\u00f3n de Yolanda Teller\u00eda Beltr\u00e1n, cuya gesti\u00f3n concluy\u00f3 el viernes, por lo que para garantizar la gobernabilidad en la ciudad fueron elegidos los representantes locales con las mismas funciones y facultades de los ediles.<\/p>\n\n\n\n<p class=\"wp-block-paragraph\">Tania Meza es licenciada en Ciencias de la Comunicaci\u00f3n por la Universidad Nacional Aut\u00f3noma de M\u00e9xico (UNAM), adem\u00e1s de que tiene maestr\u00eda en la misma \u00e1rea de conocimiento por esa instituci\u00f3n y doctora en Ciencias Pol\u00edticas y Sociales por la m\u00e1xima casa de estudios del pa\u00eds.<\/p>\n\n\n\n<p class=\"wp-block-paragraph\">Ha sido acad\u00e9mica y activista defensora de derechos humanos, por lo que en 2018 recibi\u00f3 la medalla al M\u00e9rito en la Promoci\u00f3n y Defensa en los Derechos Humanos por m\u00e1s de 20 a\u00f1os en ese sector por parte de la Comisi\u00f3n de Derechos Humanos del Estado de Hidalgo (CDHEH).<\/p>\n\n\n\n<p class=\"wp-block-paragraph\">Es presidenta de la Organizaci\u00f3n de la Sociedad Civil \u201cTIC Ciudadana A.C.\u201d e integrante de las redes Nacional, Latinoamericana e Internacional de Periodistas con Visi\u00f3n de G\u00e9nero, por lo que cuenta con una trayectoria de m\u00e1s de 22 a\u00f1os en la labor period\u00edstica y es autora de seis libros.<\/p>\n\n\n\n<p class=\"wp-block-paragraph\">En 2018 Tania Meza busc\u00f3 la presidencia de la CDHEH, sin embargo, en esa ocasi\u00f3n los legisladores locales nombraron a Alejandro Habib Nicol\u00e1s como ombdusman estatal, sin embargo, tambi\u00e9n ha laborado en el Instituto de Investigaci\u00f3n Cultural de la Secretar\u00eda de Cultura estatal.<\/p>\n\n\n\n<p class=\"wp-block-paragraph\">SEM\/ig\/sj<\/p>\n","protected":false},"excerpt":{"rendered":"<p>Es activista por los derechos de las mujeres y acad\u00e9mica<\/p>\n","protected":false},"author":3,"featured_media":25280,"comment_status":"open","ping_status":"open","sticky":false,"template":"","format":"standard","meta":{"_monsterinsights_skip_tracking":false,"footnotes":""},"categories":[691,51],"tags":[],"class_list":["post-25279","post","type-post","status-publish","format-standard","has-post-thumbnail","category-691","category-ejecutivo"],"_links":{"self":[{"href":"https:\/\/redsemlac.com\/semmexico\/wp-json\/wp\/v2\/posts\/25279","targetHints":{"allow":["GET"]}}],"collection":[{"href":"https:\/\/redsemlac.com\/semmexico\/wp-json\/wp\/v2\/posts"}],"about":[{"href":"https:\/\/redsemlac.com\/semmexico\/wp-json\/wp\/v2\/types\/post"}],"author":[{"embeddable":true,"href":"https:\/\/redsemlac.com\/semmexico\/wp-json\/wp\/v2\/users\/3"}],"replies":[{"embeddable":true,"href":"https:\/\/redsemlac.com\/semmexico\/wp-json\/wp\/v2\/comments?post=25279"}],"version-history":[{"count":0,"href":"https:\/\/redsemlac.com\/semmexico\/wp-json\/wp\/v2\/posts\/25279\/revisions"}],"wp:featuredmedia":[{"embeddable":true,"href":"https:\/\/redsemlac.com\/semmexico\/wp-json\/wp\/v2\/media\/25280"}],"wp:attachment":[{"href":"https:\/\/redsemlac.com\/semmexico\/wp-json\/wp\/v2\/media?parent=25279"}],"wp:term":[{"taxonomy":"category","embeddable":true,"href":"https:\/\/redsemlac.com\/semmexico\/wp-json\/wp\/v2\/categories?post=25279"},{"taxonomy":"post_tag","embeddable":true,"href":"https:\/\/redsemlac.com\/semmexico\/wp-json\/wp\/v2\/tags?post=25279"}],"curies":[{"name":"wp","href":"https:\/\/api.w.org\/{rel}","templated":true}]}}