{"id":25266,"date":"2020-09-07T17:27:34","date_gmt":"2020-09-07T17:27:34","guid":{"rendered":"https:\/\/redsemlac.com\/semmexico\/?p=25266"},"modified":"2023-07-21T16:30:20","modified_gmt":"2023-07-21T21:30:20","slug":"chihuahua-4","status":"publish","type":"post","link":"https:\/\/redsemlac.com\/semmexico\/chihuahua-4\/","title":{"rendered":"Exigen esclarecer actos de violencia contra mujeres en Ciudad Ju\u00e1rez"},"content":{"rendered":"\n<ul class=\"wp-block-list\"><li><strong> 27 j\u00f3venes fueron detenidas y golpeadas tras una manifestaci\u00f3n<\/strong><\/li><\/ul>\n\n\n\n<ul class=\"wp-block-list\"><li><strong>Las activistas demandan justicia en redes sociales<\/strong><\/li><\/ul>\n\n\n\n<p class=\"wp-block-paragraph\"><strong>Olga Rosario Avenda\u00f1o<\/strong><\/p>\n\n\n\n<p class=\"wp-block-paragraph\">SemM\u00e9xico. Cd. de M\u00e9xico, 7 de septiembre, 2020.- Organismos nacionales, estatales, as\u00ed como colectivas feministas de distintas partes del pa\u00eds condenaron la represi\u00f3n policiaca en contra de una manifestaci\u00f3n de mujeres en Ciudad Ju\u00e1rez, Chihuahua, con saldo de al menos 27 mujeres detenidas y golpeadas, cuatro de ellas menores de edad, y exigieron que se esclarezcan y castigue a los responsables de estos actos.<\/p>\n\n\n\n<p class=\"wp-block-paragraph\">Instituciones como la Comisi\u00f3n Nacional para Prevenir y Erradicar la Violencia contra las Mujeres (Conavim), el Instituto Nacional de las Mujeres (Inmujeres), la Comisi\u00f3n Estatal de los Derechos Humanos de Chihuahua (CEDH) y el Instituto Chihuahuense de las Mujeres (Ichmujeres) hicieron un llamado a las autoridades municipales de Ciudad Ju\u00e1rez para que las y los agentes de seguridad p\u00fablica realicen su labor con apego irrestricto a los derechos humanos de las personas y a los protocolos establecidos en materia de seguridad y protecci\u00f3n de la vida de las mujeres y las ni\u00f1as.<\/p>\n\n\n\n<p class=\"wp-block-paragraph\">En un posicionamiento que enviaron a diversos medios de comunicaci\u00f3n y dirigido a las autoridades municipales y estales de aquella entidad exigen que \u201cse esclarezcan los hechos y, en su caso, se castigue a las y los responsables y, al mismo tiempo, que se imparta capacitaci\u00f3n con perspectiva de g\u00e9nero al personal policiaco y se implemente un protocolo de actuaci\u00f3n policial para este tipo de casos\u201d.<\/p>\n\n\n\n<figure class=\"wp-block-gallery columns-2 is-cropped wp-block-gallery-1 is-layout-flex wp-block-gallery-is-layout-flex\"><ul class=\"blocks-gallery-grid\"><li class=\"blocks-gallery-item\"><figure><img loading=\"lazy\" decoding=\"async\" width=\"679\" height=\"960\" src=\"https:\/\/redsemlac.com\/semmexico\/wp-content\/uploads\/2020\/09\/chih-2.jpeg\" alt=\"\" data-id=\"25269\" data-full-url=\"https:\/\/redsemlac.com\/semmexico\/wp-content\/uploads\/2020\/09\/chih-2.jpeg\" data-link=\"https:\/\/redsemlac.com\/semmexico\/?attachment_id=25269\" class=\"wp-image-25269\"\/><\/figure><\/li><li class=\"blocks-gallery-item\"><figure><img loading=\"lazy\" decoding=\"async\" width=\"679\" height=\"960\" src=\"https:\/\/redsemlac.com\/semmexico\/wp-content\/uploads\/2020\/09\/chih-3.jpeg\" alt=\"\" data-id=\"25270\" data-full-url=\"https:\/\/redsemlac.com\/semmexico\/wp-content\/uploads\/2020\/09\/chih-3.jpeg\" data-link=\"https:\/\/redsemlac.com\/semmexico\/?attachment_id=25270\" class=\"wp-image-25270\"\/><\/figure><\/li><li class=\"blocks-gallery-item\"><figure><img loading=\"lazy\" decoding=\"async\" width=\"679\" height=\"960\" src=\"https:\/\/redsemlac.com\/semmexico\/wp-content\/uploads\/2020\/09\/chih-4.jpeg\" alt=\"\" data-id=\"25271\" data-full-url=\"https:\/\/redsemlac.com\/semmexico\/wp-content\/uploads\/2020\/09\/chih-4.jpeg\" data-link=\"https:\/\/redsemlac.com\/semmexico\/?attachment_id=25271\" class=\"wp-image-25271\"\/><\/figure><\/li><li class=\"blocks-gallery-item\"><figure><img loading=\"lazy\" decoding=\"async\" width=\"679\" height=\"960\" src=\"https:\/\/redsemlac.com\/semmexico\/wp-content\/uploads\/2020\/09\/chih-5.jpeg\" alt=\"\" data-id=\"25272\" data-full-url=\"https:\/\/redsemlac.com\/semmexico\/wp-content\/uploads\/2020\/09\/chih-5.jpeg\" data-link=\"https:\/\/redsemlac.com\/semmexico\/?attachment_id=25272\" class=\"wp-image-25272\"\/><\/figure><\/li><li class=\"blocks-gallery-item\"><figure><img loading=\"lazy\" decoding=\"async\" width=\"679\" height=\"960\" src=\"https:\/\/redsemlac.com\/semmexico\/wp-content\/uploads\/2020\/09\/chih-6.jpeg\" alt=\"\" data-id=\"25273\" data-full-url=\"https:\/\/redsemlac.com\/semmexico\/wp-content\/uploads\/2020\/09\/chih-6.jpeg\" data-link=\"https:\/\/redsemlac.com\/semmexico\/?attachment_id=25273\" class=\"wp-image-25273\"\/><\/figure><\/li><li class=\"blocks-gallery-item\"><figure><img loading=\"lazy\" decoding=\"async\" width=\"679\" height=\"960\" src=\"https:\/\/redsemlac.com\/semmexico\/wp-content\/uploads\/2020\/09\/chih-7.jpeg\" alt=\"\" data-id=\"25274\" data-full-url=\"https:\/\/redsemlac.com\/semmexico\/wp-content\/uploads\/2020\/09\/chih-7.jpeg\" data-link=\"https:\/\/redsemlac.com\/semmexico\/?attachment_id=25274\" class=\"wp-image-25274\"\/><\/figure><\/li><li class=\"blocks-gallery-item\"><figure><img loading=\"lazy\" decoding=\"async\" width=\"679\" height=\"960\" src=\"https:\/\/redsemlac.com\/semmexico\/wp-content\/uploads\/2020\/09\/chih-8.jpeg\" alt=\"\" data-id=\"25275\" data-full-url=\"https:\/\/redsemlac.com\/semmexico\/wp-content\/uploads\/2020\/09\/chih-8.jpeg\" data-link=\"https:\/\/redsemlac.com\/semmexico\/?attachment_id=25275\" class=\"wp-image-25275\"\/><\/figure><\/li><li class=\"blocks-gallery-item\"><figure><img loading=\"lazy\" decoding=\"async\" width=\"679\" height=\"960\" src=\"https:\/\/redsemlac.com\/semmexico\/wp-content\/uploads\/2020\/09\/chih.-9.jpeg\" alt=\"\" data-id=\"25276\" data-full-url=\"https:\/\/redsemlac.com\/semmexico\/wp-content\/uploads\/2020\/09\/chih.-9.jpeg\" data-link=\"https:\/\/redsemlac.com\/semmexico\/?attachment_id=25276\" class=\"wp-image-25276\"\/><\/figure><\/li><\/ul><\/figure>\n\n\n\n<p class=\"wp-block-paragraph\">De acuerdo a informaci\u00f3n difundida en redes sociales por las simpatizantes de este movimiento, las detenciones por parte de la polic\u00eda se registraron a las 18:30 horas del s\u00e1bado sobre la avenida Ju\u00e1rez, en el centro de aquella entidad norte\u00f1a, cuando se encaminaban hacia la Cruz de Clavos, un sitio que se ha caracterizado porque ah\u00ed se han colocado los nombres de las v\u00edctimas de feminicidio y desaparici\u00f3n de mujeres.<\/p>\n\n\n\n<p class=\"wp-block-paragraph\">Las detenidas estuvieron en la c\u00e1rcel municipal hasta el domingo por la ma\u00f1ana y cada una de ellas pag\u00f3 mil 129 pesos de multa para su liberaci\u00f3n.<\/p>\n\n\n\n<p class=\"wp-block-paragraph\">El colectivo Hijas de su Maquilera Madre inform\u00f3 en sus redes sociales sobre la \u201crepresi\u00f3n policiaca en la manifestaci\u00f3n llevada en estos momentos en la zona centro de Ciudad Ju\u00e1rez, tomaron los celulares y cortaron las transmisiones en vivo que algunas compa\u00f1eras estaban realizando\u201d.<\/p>\n\n\n\n<div class=\"wp-block-image\"><figure class=\"alignleft size-large is-resized\"><img loading=\"lazy\" decoding=\"async\" src=\"https:\/\/redsemlac.com\/semmexico\/wp-content\/uploads\/2020\/09\/WhatsApp-Image-2020-09-06-at-5.35.36-PM.jpeg\" alt=\"\" class=\"wp-image-25267\" width=\"282\" height=\"403\"\/><\/figure><\/div>\n\n\n\n<p class=\"wp-block-paragraph\">En Redes Sociales (RRSS) las activistas escribieron \u00abSi yo, Rene\u00e9 Moreno, Paola Jacobo o Monserrat Jacobo no aparecemos hoy y cualquier morra que anduviera hoy en la marcha, culpamos directamente a la polic\u00eda que estuvo hoy en la marcha, actualmente estamos escondidas por el Oxxo de la Mej\u00eda y yo directamente fui amenazada por el polic\u00eda del video\u201d.<\/p>\n\n\n\n<p class=\"wp-block-paragraph\">Otra de las colectivas participantes en esta manifestaci\u00f3n, Mujeres en Rebeli\u00f3n y Ju\u00e1rez Feministas denunciaron los abusos polic\u00edacos en contra de sus integrantes.<strong><\/strong><\/p>\n\n\n\n<figure class=\"wp-block-embed-facebook wp-block-embed is-type-rich is-provider-facebook\"><div class=\"wp-block-embed__wrapper\">\nhttps:\/\/www.facebook.com\/100000413565187\/posts\/3706749619348787\/?extid=XcQ8cX0wFSE2dOuR&#038;d=w\n<\/div><\/figure>\n\n\n\n<p class=\"wp-block-paragraph\">Diversas colectivas tanto de Ciudad Ju\u00e1rez como de otras partes de M\u00e9xico se solidarizaron con las mujeres detenidas y en Redes Sociales empezaron a usar el Hashtag #<em>CABADAREPRESOR en alusi\u00f3n al presidente municipal Armando Cabada, quien por cierto hoy rinde su informe de gobierno.<\/em><em><\/em><\/p>\n\n\n\n<p class=\"wp-block-paragraph\"><em>Organizaciones como la Alianza por la Defensa de la Educaci\u00f3n Laica hicieron carteles digitales para distribuir por Redes Sociales los nombres de cada una de las mujeres detenidas y explicaban la forma en que fueron torturadas por los cuerpos policiacos, por ejemplo, uno de los letreros dice \u201cExigimos justicia, Ver\u00f3nica, golpeada entre 4 oficiales, represi\u00f3n policial Ju\u00e1rez Chihuahua. 5 de septiembre del 2020\u201d y as\u00ed sucesivamente nombran a cada una de las manifestantes agredidas.<\/em><em><\/em><\/p>\n\n\n\n<p class=\"wp-block-paragraph\"><em>SEM\/ora\/sj<\/em><strong><\/strong><\/p>\n","protected":false},"excerpt":{"rendered":"<p> 27 j\u00f3venes fueron detenidas y golpeadas tras una manifestaci\u00f3n<\/p>\n","protected":false},"author":3,"featured_media":25268,"comment_status":"open","ping_status":"open","sticky":false,"template":"","format":"standard","meta":{"_monsterinsights_skip_tracking":false,"footnotes":""},"categories":[691,54],"tags":[],"class_list":["post-25266","post","type-post","status-publish","format-standard","has-post-thumbnail","category-691","category-mujeres"],"_links":{"self":[{"href":"https:\/\/redsemlac.com\/semmexico\/wp-json\/wp\/v2\/posts\/25266","targetHints":{"allow":["GET"]}}],"collection":[{"href":"https:\/\/redsemlac.com\/semmexico\/wp-json\/wp\/v2\/posts"}],"about":[{"href":"https:\/\/redsemlac.com\/semmexico\/wp-json\/wp\/v2\/types\/post"}],"author":[{"embeddable":true,"href":"https:\/\/redsemlac.com\/semmexico\/wp-json\/wp\/v2\/users\/3"}],"replies":[{"embeddable":true,"href":"https:\/\/redsemlac.com\/semmexico\/wp-json\/wp\/v2\/comments?post=25266"}],"version-history":[{"count":0,"href":"https:\/\/redsemlac.com\/semmexico\/wp-json\/wp\/v2\/posts\/25266\/revisions"}],"wp:featuredmedia":[{"embeddable":true,"href":"https:\/\/redsemlac.com\/semmexico\/wp-json\/wp\/v2\/media\/25268"}],"wp:attachment":[{"href":"https:\/\/redsemlac.com\/semmexico\/wp-json\/wp\/v2\/media?parent=25266"}],"wp:term":[{"taxonomy":"category","embeddable":true,"href":"https:\/\/redsemlac.com\/semmexico\/wp-json\/wp\/v2\/categories?post=25266"},{"taxonomy":"post_tag","embeddable":true,"href":"https:\/\/redsemlac.com\/semmexico\/wp-json\/wp\/v2\/tags?post=25266"}],"curies":[{"name":"wp","href":"https:\/\/api.w.org\/{rel}","templated":true}]}}