{"id":25257,"date":"2020-09-07T16:44:19","date_gmt":"2020-09-07T16:44:19","guid":{"rendered":"https:\/\/redsemlac.com\/semmexico\/?p=25257"},"modified":"2023-07-21T16:30:21","modified_gmt":"2023-07-21T21:30:21","slug":"violencia-politica-4","status":"publish","type":"post","link":"https:\/\/redsemlac.com\/semmexico\/violencia-politica-4\/","title":{"rendered":"Las mujeres afrontamos la violencia pol\u00edtica con propuestas serias"},"content":{"rendered":"\n<ul class=\"wp-block-list\"><li><strong>\u00a0Ex aspirante a la candidatura de Tasquillo, Hidalgo habla con SemM\u00e9xico<\/strong><\/li><\/ul>\n\n\n\n<ul class=\"wp-block-list\"><li><strong>Su renuncia fue por motivos de salud y tom\u00f3 la mejor decisi\u00f3n<\/strong><\/li><\/ul>\n\n\n\n<p class=\"wp-block-paragraph\"><strong>Lorena Piedad<\/strong><\/p>\n\n\n\n<p class=\"wp-block-paragraph\">SemM\u00e9xico, Pachuca, Hgo., 7 de septiembre, 2020.- Nora Liliana Oropeza Olgu\u00edn, quien aspiraba a encabezar la candidatura priista a la alcald\u00eda de Tasquillo, Hidalgo, renunci\u00f3 a 10 d\u00edas del inicio de la campa\u00f1a, al respecto platic\u00f3 para SemM\u00e9xico.<\/p>\n\n\n\n<p class=\"wp-block-paragraph\"><strong>\u00bfCu\u00e1les fueron los motivos principales por los que declin\u00f3 para la candidatura?<\/strong><\/p>\n\n\n\n<p class=\"wp-block-paragraph\">Se trata de un asunto de salud, ya que me detectaron un quiste ov\u00e1rico, lo que imposibilit\u00f3 mi participaci\u00f3n en el proceso electoral ya que estoy en recuperaci\u00f3n y debo permanecer 28 d\u00edas en reposo, lo cual no me alcanzaban los tiempos para la campa\u00f1a y decid\u00ed que la salud es primero, as\u00ed que junto con la presidenta del partido acordamos que subiera la compa\u00f1era Mar\u00eda de Jes\u00fas Ch\u00e1vez para la contienda, pero todo fue en buenos t\u00e9rminos. Adem\u00e1s, la poblaci\u00f3n fue muy solidaria conmigo, sabe que seguiremos trabajando juntos.<\/p>\n\n\n\n<p class=\"wp-block-paragraph\"><strong>\u00bfCu\u00e1l es su perspectiva sobre el proceso electoral en temas de paridad de g\u00e9nero y violencia pol\u00edtica?<\/strong><\/p>\n\n\n\n<p class=\"wp-block-paragraph\">S\u00ed hubo violencia pol\u00edtica en el municipio de Tasquillo por parte de Marcos Gonz\u00e1lez, aspirante del partido Podemos, ya que sac\u00f3 un panfleto sobre mi persona, muy burdo y eso es violencia. Yo creo que el compa\u00f1ero no tiene una plataforma ni nada que ofrecer a la poblaci\u00f3n ya que no camina con una campa\u00f1a limpia y con propuestas serias, se basa en eso ya que la poblaci\u00f3n me aceptaba.<\/p>\n\n\n\n<p class=\"wp-block-paragraph\">Jam\u00e1s hab\u00eda pasado por algo as\u00ed, siempre he tenido mucho apoyo de los compa\u00f1eros, en todas las campa\u00f1as en las que he participado he contado con la participaci\u00f3n de los hombres, he tenido mucho respaldo sobretodo del partido, somos solidarios.<\/p>\n\n\n\n<p class=\"wp-block-paragraph\"><strong>\u00bfC\u00f3mo afrontan las mujeres la violencia pol\u00edtica?<\/strong><\/p>\n\n\n\n<p class=\"wp-block-paragraph\">Yo lo hago con propuestas serias para la ciudadan\u00eda, propuestas avaladas por todos mis a\u00f1os de trabajo en la regi\u00f3n y eso es lo que les interesa, es decir, qu\u00e9 podemos ofrecerles como aspirantes a presidir el municipio. Algunos habitantes incluso me pidieron que denunciara a Marcos Gonz\u00e1lez.<\/p>\n\n\n\n<p class=\"wp-block-paragraph\"><strong>De acuerdo con el INE, la Ley General de Instituciones y Procedimientos Electorales y la Ley General de Partidos Pol\u00edticos establecen que ahora es obligaci\u00f3n de los partidos pol\u00edticos promover la paridad de g\u00e9nero en candidaturas, as\u00ed como destinar tres por ciento de su gasto ordinario para capacitar mujeres, \u00bfc\u00f3mo va en este tema el partido al que pertenece?<\/strong><\/p>\n\n\n\n<p class=\"wp-block-paragraph\">Los trabajos se hacen a nivel central, nosotros apenas empez\u00e1bamos, pero en ese sentido estamos cumpliendo con el calendario electoral. El partido cumpli\u00f3 con las cuotas de g\u00e9nero y hay cuadros muy valiosos que podr\u00e1n representarnos tanto en las candidaturas para presidencias municipales como para regidoras; fue muy cuidadoso para respetar las cuotas y principalmente en que las compa\u00f1eras que van a participar est\u00e9n capacitadas y preparadas para presentarse ante la ciudadan\u00eda con una propuesta seria.<\/p>\n\n\n\n<p class=\"wp-block-paragraph\"><strong>Desde su perspectiva, \u00bfcu\u00e1l es el papel de las mujeres en los procesos electorales?<\/strong><\/p>\n\n\n\n<p class=\"wp-block-paragraph\">Celebro mucho la participaci\u00f3n de mujeres, yo pertenezco a un colectivo que se llama 50 m\u00e1s 1 donde impulsamos que no solo en los cargos de representaci\u00f3n popular pueda respetarse el 50 por ciento, sino tambi\u00e9n en los tres \u00f3rdenes de gobierno, ya que la iniciativa de ley que se acaba de aprobar en el pasado ejercicio de la C\u00e1mara de Senadores y Diputados estipula que los gobiernos est\u00e1n obligados a tener este porcentaje de mujeres, nosotras hemos caminado positivamente y con el respaldo de las instancias gubernamentales que tambi\u00e9n son solidarios. Avanzamos, pero a\u00fan queda mucho por hacer porque adem\u00e1s se tiene que reconocer tambi\u00e9n el trabajo de las mujeres en las comunidades, donde son delegadas, comisariadas, presidentas de los comit\u00e9s de \u201cpadres de familia\u201d de las escuelas, presidentas de comit\u00e9s en el Sector Salud, entonces creo que debemos seguir impuls\u00e1ndolas, hoy que tenemos una crisis econ\u00f3mica se tienen que seguir construyendo programas sociales que permitan a las mujeres de las comunidades tener una oportunidad de empleo, eso es fundamental. Debemos crear actividades con paridad de g\u00e9nero.<\/p>\n\n\n\n<p class=\"wp-block-paragraph\"><strong>\u00bfInfluyen los medios de comunicaci\u00f3n en la paridad de g\u00e9nero durante un proceso electoral?<\/strong><\/p>\n\n\n\n<p class=\"wp-block-paragraph\">Cuando yo renunci\u00e9 a la candidatura por motivos de salud, le\u00ed en varios medios que dudaron de esta situaci\u00f3n, incluso los encabezados dec\u00edan \u00abno est\u00e1 enferma, no se oper\u00f3, no son motivos para dejar la candidatura\u201d, eso es violencia de g\u00e9nero y pol\u00edtica porque creo que deber\u00edan investigar a fondo el motivo de mi decisi\u00f3n, sin embargo, publican notas que ponen en duda la palabra de la mujer, somos mujeres que nos hemos iniciado en la pol\u00edtica y hemos avanzado siempre con seriedad, procurando la certeza de nuestra palabra porque es lo que ofrecemos a la ciudadan\u00eda y eso nos obliga a conducirnos con rectitud, as\u00ed que lamento mucho el actuar de quienes informan; hubiera aceptado incluso que me visitaran para que comprobaran que estoy operada.<\/p>\n\n\n\n<p class=\"wp-block-paragraph\">A veces se piensa que quienes hacemos quehacer pol\u00edtico no somos de carne y hueso, que no tenemos derecho a enfermarnos, que no podemos correr las mismas condiciones que cualquier ciudadano cuando somos uno m\u00e1s, seres humanos con todas las debilidades y fortalezas como cualquier persona, para m\u00ed la salud s\u00ed es prioritaria porque perd\u00ed a dos hermanos por esos motivos.<\/p>\n\n\n\n<p class=\"wp-block-paragraph\">Finalmente, yo s\u00e9 cu\u00e1l es la verdad y debo cuidarme porque sana le sirvo mucho a mi familia, pero principalmente a la gente, aunque estoy en casa arreglo gestiones de salud para muchas personas que me solicitan el apoyo, la gente conf\u00eda en m\u00ed y lo prioritario es seguir trabajando con la ciudadan\u00eda, queremos pol\u00edticos que no solo trabajen en tiempos electorales, yo tengo la confianza de la gente porque en todo momento estoy con ellos, ten\u00edan toda la confianza en que yo podr\u00eda haber sido su alcaldesa y lamentaron mucho que dej\u00e9 la contienda.<\/p>\n\n\n\n<p class=\"wp-block-paragraph\">Espero que los aspirantes tengan propuestas serias porque Hidalgo necesita alcaldes que no mientan a la gente con promesas que no van a poder cumplir, ya que los presupuestos municipales ser\u00e1n complicados.<\/p>\n\n\n\n<p class=\"wp-block-paragraph\">Soy una mujer de fe y creo que Dios siempre hace las cosas por algo y para algo, as\u00ed que seguiremos trabajando.<\/p>\n\n\n\n<p class=\"wp-block-paragraph\">SEM\/lp\/sj<\/p>\n","protected":false},"excerpt":{"rendered":"<p>Su renuncia fue por motivos de salud y tom\u00f3 la mejor decisi\u00f3n<\/p>\n","protected":false},"author":3,"featured_media":25258,"comment_status":"open","ping_status":"open","sticky":false,"template":"","format":"standard","meta":{"_monsterinsights_skip_tracking":false,"footnotes":""},"categories":[691,141],"tags":[],"class_list":["post-25257","post","type-post","status-publish","format-standard","has-post-thumbnail","category-691","category-elecciones-2020-2021"],"_links":{"self":[{"href":"https:\/\/redsemlac.com\/semmexico\/wp-json\/wp\/v2\/posts\/25257","targetHints":{"allow":["GET"]}}],"collection":[{"href":"https:\/\/redsemlac.com\/semmexico\/wp-json\/wp\/v2\/posts"}],"about":[{"href":"https:\/\/redsemlac.com\/semmexico\/wp-json\/wp\/v2\/types\/post"}],"author":[{"embeddable":true,"href":"https:\/\/redsemlac.com\/semmexico\/wp-json\/wp\/v2\/users\/3"}],"replies":[{"embeddable":true,"href":"https:\/\/redsemlac.com\/semmexico\/wp-json\/wp\/v2\/comments?post=25257"}],"version-history":[{"count":0,"href":"https:\/\/redsemlac.com\/semmexico\/wp-json\/wp\/v2\/posts\/25257\/revisions"}],"wp:featuredmedia":[{"embeddable":true,"href":"https:\/\/redsemlac.com\/semmexico\/wp-json\/wp\/v2\/media\/25258"}],"wp:attachment":[{"href":"https:\/\/redsemlac.com\/semmexico\/wp-json\/wp\/v2\/media?parent=25257"}],"wp:term":[{"taxonomy":"category","embeddable":true,"href":"https:\/\/redsemlac.com\/semmexico\/wp-json\/wp\/v2\/categories?post=25257"},{"taxonomy":"post_tag","embeddable":true,"href":"https:\/\/redsemlac.com\/semmexico\/wp-json\/wp\/v2\/tags?post=25257"}],"curies":[{"name":"wp","href":"https:\/\/api.w.org\/{rel}","templated":true}]}}