{"id":25246,"date":"2020-09-07T16:27:18","date_gmt":"2020-09-07T16:27:18","guid":{"rendered":"https:\/\/redsemlac.com\/semmexico\/?p=25246"},"modified":"2023-07-21T16:30:21","modified_gmt":"2023-07-21T21:30:21","slug":"opinion-562","status":"publish","type":"post","link":"https:\/\/redsemlac.com\/semmexico\/opinion-562\/","title":{"rendered":"Deplorable lo que Ocurri\u00f3 en la C\u00e1mara de Diputados"},"content":{"rendered":"\n<p class=\"wp-block-paragraph\"><strong>Jorge Herrera Valenzuela<\/strong><\/p>\n\n\n\n<p class=\"wp-block-paragraph\">SemM\u00e9xico, 7 de septiembre, 2020.- El gremio de los reporteros diaristas perdimos a Julio Le\u00f3n Sardaneta. Nuestro p\u00e9same a sus familiares.<\/p>\n\n\n\n<p class=\"wp-block-paragraph\">\u00a1Uuufff! \u00a1Se salv\u00f3 el Congreso de la Uni\u00f3n! \u00a1Gan\u00f3 M\u00e9xico!<\/p>\n\n\n\n<p class=\"wp-block-paragraph\">A punto de quedar en la presidencia de la C\u00e1mara de Diputados uno de los legisladores m\u00e1s desprestigiados, calificado en todos lados como una persona sin educaci\u00f3n, un tipo majadero y explosivo, abanderado de la radical extrema izquierda, adem\u00e1s de admirador del actual dictador venezolano.<\/p>\n\n\n\n<p class=\"wp-block-paragraph\">La yucateca <strong>Dulce Mar\u00eda Sauri Riancho<\/strong> es la presidenta de la C\u00e1mara de Diputados. Se cumpli\u00f3 con el acuerdo del 5 de septiembre de 2018, en el que las dirigencias partidistas determinaron que en el tercer a\u00f1o de la LVI Legislatura corresponder\u00eda al PRI ocupar ese cargo, en virtud de ser la tercera fuerza pol\u00edtica.<\/p>\n\n\n\n<p class=\"wp-block-paragraph\">Hubo maniobras vergonzantes por parte de extremistas que pretend\u00edan invalidar lo acordado. Para ello hubo comercializaci\u00f3n de diputados, s\u00ed, un partido vendi\u00f3 y otro compr\u00f3 a 4 \u201crepresentantes populares\u201d. El Partido del Trabajo \u2013propiedad privada de un se\u00f1or <strong>Alberto Anaya<\/strong>, de extracci\u00f3n salinista&#8211; empat\u00f3 el n\u00famero de 46 diputados que ya ten\u00eda el PRI. Desde Palacio Nacional se dict\u00f3 \u201cl\u00ednea\u201d, indicando que deber\u00eda procederse con legalidad y \u201cno como antes\u201d.<\/p>\n\n\n\n<p class=\"wp-block-paragraph\">De tal suerte que el diputado <strong>Mario Delgado Carrillo, l\u00edder cameral, <\/strong>fue mediador, conciliador y soport\u00f3 los insultos y la difamaci\u00f3n de parte del hoy petista <strong>Gerardo Fern\u00e1ndez Noro\u00f1a<\/strong>, quien descalific\u00f3 al gobierno federal, el tabasque\u00f1o, su \u00fanico jefe, adem\u00e1s de acusar a la jurista <strong>Olga S\u00e1nchez Cordero <\/strong>de negociar con el PRI \u201cque es un peligro para la vida del Se\u00f1or Presidente\u201d, seg\u00fan palabras de Noro\u00f1a.<\/p>\n\n\n\n<p class=\"wp-block-paragraph\">Bien, la sangre no lleg\u00f3 al r\u00edo. El ambiente en el recinto de San L\u00e1zaro se mantendr\u00e1 tenso porque Fern\u00e1ndez Noro\u00f1a en una u otra forma mantendr\u00e1 la idea de que \u201csoy el presidente de la C\u00e1mara de Diputados, porque estoy en el coraz\u00f3n del pueblo\u201d. Alguna vez me dijo un amigo que el mencionado Gerardo era un hombre culto, muy le\u00eddo. No lo dudo, pero lo grosero y su forma de ser no demuestran que sea culto.<\/p>\n\n\n\n<p class=\"wp-block-paragraph\"><strong>Las presidentas<\/strong><\/p>\n\n\n\n<p class=\"wp-block-paragraph\">A ra\u00edz de que el presidente <strong>Adolfo Ruiz Cortines<\/strong> propuso la iniciativa para que el Congreso aprobara el derecho de votar y ser votadas, de ser parte activa en las elecciones de los tres niveles \u2013federal, estatal y municipal-, poco a poco las mexicanas ocuparon presidencias municipales, diputaciones locales y federales, senadur\u00edas y gubernaturas. No me extra\u00f1a que pronto haya Presidenta de la Rep\u00fablica, recu\u00e9rdese que son mayor\u00eda en el padr\u00f3n electoral y podr\u00edan lograrlo.<\/p>\n\n\n\n<p class=\"wp-block-paragraph\">En la conducci\u00f3n de los trabajos legislativos, est\u00e1 desde el d\u00eda 2 de este mes pand\u00e9mico, una mujer nacida en M\u00e9rida en 1951, hoy con experiencia pol\u00edtica despu\u00e9s de ser dos veces diputada federal, senadora, gobernadora interina y presidenta nacional del PRI. <strong>Dulce Maria<\/strong> es una mujer con mano dura, con esp\u00edritu conciliador y la suficiente capacidad para mantener el orden en el trabajo que le corresponde en el cierre de la mitad del actual sexenio.<\/p>\n\n\n\n<p class=\"wp-block-paragraph\">La presidencia de la C\u00e1mara Baja, la de los llamados representantes populares, hasta el a\u00f1o 1965 fue exclusividad de los hombres. En el Siglo XIX, en gobiernos sexenales, ocupar ese cargo era una alta distinci\u00f3n que hac\u00eda el Presidente de la Rep\u00fablica. La tribuna parlamentaria era una antesala, no siempre, para quien daba contestaci\u00f3n al Informe Presidencial, a una gubernatura o una senadur\u00eda. Por ah\u00ed desfilaron <strong>Luis M. Far\u00edas<\/strong>, 2 veces y gobern\u00f3 en Nuevo Le\u00f3n; <strong>Norberto Trevi\u00f1o Zapata, Flavio Romero de Velasco, Alejandro G\u00f3mez Maganda, Te\u00f3filo Borunda, Luis H. Ducoing, <\/strong>gobernadores de Tamaulipas, Jalisco, Guerrero, Chihuahua, Guanajuato, respectivamente. La lista es muy larga.<\/p>\n\n\n\n<p class=\"wp-block-paragraph\">Pues bien, en 1966 para iniciar el segundo per\u00edodo ordinario de sesiones del Congreso de la Uni\u00f3n, la profesora <strong>Luz Mar\u00eda Zaleta Islas de Elsner <\/strong>fue electa presidenta y le correspondi\u00f3 dar contestaci\u00f3n al II Informe del presidente<strong> Gustavo D\u00edaz Ordaz<\/strong>. Nacida en 1922 en Tuxpan, Veracruz, la profesora est\u00e1 por cumplir sus primeros cien a\u00f1os de vida. Fue diputada por el \u00fanico distrito del Territorio de Quintana Roo.<\/p>\n\n\n\n<p class=\"wp-block-paragraph\">La campesina tlaxcalteca <strong>Beatriz Elena Paredes Rangel<\/strong> tres ocasiones ha sido la presidenta y por cierto dos de ellas en el inicio del siglo, con el presidente <strong>Vicente Fox Quesada. <\/strong>Tambi\u00e9n lo fueron la jurista veracruzana <strong>Irma Cu\u00e9 Sarquis de Duarte<\/strong>, la profesora chiapaneca <strong>Elba Esther Gordillo Morales, <\/strong>la defe\u00f1a economista <strong>Mar\u00eda de los \u00c1ngeles Moreno Uriegas, <\/strong>la soci\u00f3loga de Tepecoacuilco, Guerrero, <strong>Ruth Zavaleta Salgado<\/strong>, del PRD. Tambi\u00e9n presidi\u00f3 la C\u00e1mara la polit\u00f3loga michoacana <strong>Mar\u00eda Elena \u00c1lvarez Bernal<\/strong>, cuyo marido fue el l\u00edder panista <strong>Abel Vicencio Tovar<\/strong>; pero ella no contest\u00f3 ning\u00fan informe, pues actu\u00f3 de junio a agosto de 2007, cuando el coahuilense <strong>Jorge Zerme\u00f1o Infante <\/strong>se fue de presidente municipal a Torre\u00f3n.<\/p>\n\n\n\n<p class=\"wp-block-paragraph\"><strong>Pregunta para meditar:<\/strong><\/p>\n\n\n\n<p class=\"wp-block-paragraph\">\u00bfDio comienzo <strong>La ERA PRIMOR<\/strong>, PRI y Morena, para asegurar el control de la C\u00e1mara de Diputados hasta el final del actual sexenio?<\/p>\n\n\n\n<p class=\"wp-block-paragraph\"><strong>Cumplea\u00f1os del metro<\/strong><\/p>\n\n\n\n<p class=\"wp-block-paragraph\">El pasado viernes 4 el servicio del <strong>Metro<\/strong> lleg\u00f3 a 51 sirviendo a los habitantes de la Ciudad de M\u00e9xico y de municipios conurbados del Estado de M\u00e9xico. La realizaci\u00f3n de la obra fue por la insistencia del hoy desaparecido ingeniero <strong>Bernardo Quintana Arrioja, <\/strong>fundador y director general de Ingenieros Civiles Asociados, ICA. Durante 26 meses, a partir de junio de 1967, se trabaj\u00f3 ininterrumpidamente durante las 24 horas de cada d\u00eda. Fueron 38,000 trabajadores y 800 t\u00e9cnicos los autores de la L\u00ednea 1, de Chapultepec a Ignacio Zaragoza, 16 estaciones de que unieron Oriente y Poniente del Distrito Federal.<\/p>\n\n\n\n<p class=\"wp-block-paragraph\">Al paso del tiempo en el lapso de 32 a\u00f1os el Metro ha \u201ccrecido\u201d hasta tener 12 rutas urbanas y 2 prolongadas hasta La Paz-Chalco, en el Oriente, y Buenavista-Ciudad Azteca al Norte. El costo del boleto por un viaje al inicio fue de un peso y en la actualidad es de cinco. Es el servicio de transporte m\u00e1s barato, a nivel mundial. En el servicio conurbado hay otras tarifas. Tambi\u00e9n se cuenta con el Tren Ligero que, en el Sur, va de la Estaci\u00f3n Taxque\u00f1a a Xochimilco.<\/p>\n\n\n\n<p class=\"wp-block-paragraph\">El <strong>Servicio de Transporte Colectivo<\/strong>, que es el responsable del funcionamiento de m\u00e1s de tres mil vagones y de las 195 estaciones, tiene por segunda ocasi\u00f3n a una mujer como directora, <strong>Florencia Serran\u00eda Soto;<\/strong> la primera fue la hoy prisionera y enjuiciada Rosario<strong> Robles Berlanga<\/strong>. Entre los otros directores, los dos, primeros fueron <strong>Leopoldo Gonz\u00e1lez S\u00e1enz<\/strong>, fundador, y el ingeniero <strong>Jorge Espinoza Ulloa<\/strong>.<\/p>\n\n\n\n<p class=\"wp-block-paragraph\">Ah, la obra inicial tuvo un costo de 2,500 millones de pesos, de los cuales 1,630 de cr\u00e9dito franc\u00e9s al 3 por ciento anual y que ya quedaron liquidados. La aportaci\u00f3n del Departamento del D.F. ascendi\u00f3 a 900 millones de pesos.<\/p>\n\n\n\n<p class=\"wp-block-paragraph\"><strong>La coqueta Mar\u00eda Conesa<\/strong><\/p>\n\n\n\n<p class=\"wp-block-paragraph\">A los 9 a\u00f1os de edad lleg\u00f3, a nuestra Ciudad Capital, una simp\u00e1tica chiquilla espa\u00f1ola que se convirti\u00f3 en la tiple m\u00e1s famosa y que respondi\u00f3 al nombre de <strong>Mar\u00eda Conesa. <\/strong>En La Habana, Cuba, fue \u201cbautizada\u201d como <strong>La Gatita Blanca<\/strong> y as\u00ed la presentaba en los teatros de M\u00e9xico, de Espa\u00f1a. En los d\u00edas de la Revoluci\u00f3n Mexicana \u201cLa Tiple de la Revoluci\u00f3n\u201d. Debut\u00f3 en el Teatro Principal como parte de una compa\u00f1\u00eda infantil y permaneci\u00f3, apoyada por su padre, hasta 1907 cuando viajaron a Cuba. Despu\u00e9s retornaron a Barcelona, Espa\u00f1a y para 1912 estaban de nueva cuenta en la Ciudad de M\u00e9xico.<\/p>\n\n\n\n<p class=\"wp-block-paragraph\">El Teatro Principal y el Teatro Col\u00f3n agotaban el boletaje al anunciarse la presencia de Mar\u00eda Conesa, cuyo nombre en el pasaporte era <strong>Dorotea Conesa Red\u00f3<\/strong>. Se cuenta que a una funci\u00f3n asisti\u00f3 <strong>Pancho Villa<\/strong>, a quien \u201cLa Gatita Blanca\u201d le arranc\u00f3 un bot\u00f3n de la camisa. El aguerrido general la amenaz\u00f3 con secuestrarla. Otro que se prend\u00f3 de ella fue El Caudillo del Sur, <strong>Emiliano Zapata<\/strong>. Este combatiente agrarista le regal\u00f3 costosas alhajas, se dec\u00eda.<\/p>\n\n\n\n<p class=\"wp-block-paragraph\">La vida de Mar\u00eda Conesa siempre fue de toda clase de lujos. Un 4 de septiembre de 1978 muri\u00f3 la mujer coqueta que dej\u00f3 dos frases memorables: \u201c<strong>A m\u00ed, las balas me respetan<\/strong>\u201d, lo expres\u00f3 mientras actuaba y en la calle se o\u00edan los balazos. Fue amiga de los presidentes&nbsp; <strong>Porfirio D\u00edaz, Madero, Carranza, Calles y Ortiz Rubio<\/strong>, as\u00ed como e Maximino \u00c1vila Camacho. \u201c<strong>Con ninguno de ellos me hubiera casado<\/strong>\u201d, \u201cdicen que dijo\u201d la coqueta Conesa.<\/p>\n\n\n\n<p class=\"wp-block-paragraph\"><strong>La familia GAMOS est\u00e1 de luto<\/strong><\/p>\n\n\n\n<p class=\"wp-block-paragraph\">Hace 45 a\u00f1os se conform\u00f3 un grupo de matrimonios, cuyos hijos menores practicaban el futbol americano en el Centro Universitario M\u00e9xico, el hist\u00f3rico <strong>CUM. <\/strong>Los equipos se identificaron con el nombre de <strong>GAMOS<\/strong>. Paralelo al deporte en quer los padres eran los espectadores, las hijas formaron las porristas que animaban a los jugadores y las convivencias dieron origen a la <strong>Familia Gamos<\/strong>.<\/p>\n\n\n\n<p class=\"wp-block-paragraph\">Uno de esos grupos lo integraron Salvador y Conchita Oaxaca, Conchita, Enrique y Alejandrina Solano, Armando \u201cEl Pecas\u201d y Lucha Castro, Eduardo y Pera Guzm\u00e1n, Jorge y Lilia Herrera, as\u00ed como Juan y Yola Cruz. Esta \u00faltima fue llamada por Nuestro Se\u00f1or, el pasado jueves 4.<\/p>\n\n\n\n<p class=\"wp-block-paragraph\">Pedimos a Dios por el eterno descanso de una gran amiga, esposa y madre supercari\u00f1osa y enviamos un abrazo solidario a Juanito y a sus hijas Yovelinda, Lorena y Sabrina, a sus hijos Juan y Ricardo, as\u00ed tambi\u00e9n a los nietos y dem\u00e1s familiares. Ese grupo familiar se reduce y los sobrevivientes somos: Salvador, \u201cEl Pecas\u201d, Lalo, Juanito y un servidor, Lilia y Lucha.<\/p>\n\n\n\n<p class=\"wp-block-paragraph\"><strong>P.D. <\/strong>Esta vez les comentar\u00e9 en torno a dos ilustres coahuilenses, uno naci\u00f3 el 3 de septiembre de 1900 y otro falleci\u00f3 el 3 de septiembre de 2013\u2026<strong>Don Agust\u00edn Isunza y del Palacio <\/strong>vio la primera luz, \u00bfsi la ver\u00eda?, en M\u00fazquiz, Coahuila. Trabajaba en el Departamento Central (Departamento del D.F.) cuando organiz\u00f3 un grupo teatral y en 1927 puso en escena la obra Mujercita M\u00eda y a partir de entonces incursion\u00f3 en el teatro por varios a\u00f1os compartiendo cr\u00e9ditos con <strong>Roberto \u201cEl Panz\u00f3n\u201d Soto. <\/strong>En 1935 formaba parte de la compa\u00f1\u00eda de otro grande, <strong>Joaqu\u00edn Pardav\u00e9.<\/strong> Al cine comienza en 1935 y film\u00f3 alrededor de 200 pel\u00edculas consagr\u00e1ndose como humor\u00edstico y c\u00e1ndido en sus personajes\u2026En Piedras Negras naci\u00f3 un extraodinario amigo y compa\u00f1ero en la radio, <strong>don Pedro Ferriz Santacruz<\/strong>. Pionero de la televisi\u00f3n, locutor de excelente voz y un estimado caballero. Hace muchos a\u00f1os condujo un programa de concurso titulado \u201cEl Premio de los, 64,000 Pesos\u201d que patrocinaba Aurrera y consist\u00eda en hacer preguntas sobre diferentes t\u00f3picos. Alcanz\u00f3 muy alto nivel con su programa \u201c<strong>Un Mundo Nos Vigila\u201d<\/strong> relacionado con su apasionada tarea de investigar a los OVNIS, los platillos voladores no identificados y los extraterrestres. Una temporada compartimos el micr\u00f3fono junto con mi gran amiga <strong>Tere Vale <\/strong>en Radio ABC Internacional, en los estudios de las calles de Eugenia, en la Colonia Narvarte, Ciudad de M\u00e9xico. Pedro nos dej\u00f3, el 3 de septiembre de 2013. Su recuerdo es permanente. &nbsp;<\/p>\n\n\n\n<p class=\"wp-block-paragraph\"><strong>jherrerav@live.com.mx<\/strong><\/p>\n","protected":false},"excerpt":{"rendered":"<p>\u00a1Uuufff! \u00a1Se salv\u00f3 el Congreso de la Uni\u00f3n! \u00a1Gan\u00f3 M\u00e9xico!<\/p>\n","protected":false},"author":3,"featured_media":25263,"comment_status":"open","ping_status":"open","sticky":false,"template":"","format":"standard","meta":{"_monsterinsights_skip_tracking":false,"footnotes":""},"categories":[691,94,35],"tags":[],"class_list":["post-25246","post","type-post","status-publish","format-standard","has-post-thumbnail","category-691","category-jorge-herrera-valenzuela","category-opinion"],"_links":{"self":[{"href":"https:\/\/redsemlac.com\/semmexico\/wp-json\/wp\/v2\/posts\/25246","targetHints":{"allow":["GET"]}}],"collection":[{"href":"https:\/\/redsemlac.com\/semmexico\/wp-json\/wp\/v2\/posts"}],"about":[{"href":"https:\/\/redsemlac.com\/semmexico\/wp-json\/wp\/v2\/types\/post"}],"author":[{"embeddable":true,"href":"https:\/\/redsemlac.com\/semmexico\/wp-json\/wp\/v2\/users\/3"}],"replies":[{"embeddable":true,"href":"https:\/\/redsemlac.com\/semmexico\/wp-json\/wp\/v2\/comments?post=25246"}],"version-history":[{"count":0,"href":"https:\/\/redsemlac.com\/semmexico\/wp-json\/wp\/v2\/posts\/25246\/revisions"}],"wp:featuredmedia":[{"embeddable":true,"href":"https:\/\/redsemlac.com\/semmexico\/wp-json\/wp\/v2\/media\/25263"}],"wp:attachment":[{"href":"https:\/\/redsemlac.com\/semmexico\/wp-json\/wp\/v2\/media?parent=25246"}],"wp:term":[{"taxonomy":"category","embeddable":true,"href":"https:\/\/redsemlac.com\/semmexico\/wp-json\/wp\/v2\/categories?post=25246"},{"taxonomy":"post_tag","embeddable":true,"href":"https:\/\/redsemlac.com\/semmexico\/wp-json\/wp\/v2\/tags?post=25246"}],"curies":[{"name":"wp","href":"https:\/\/api.w.org\/{rel}","templated":true}]}}