{"id":25232,"date":"2020-09-05T18:02:42","date_gmt":"2020-09-05T18:02:42","guid":{"rendered":"https:\/\/redsemlac.com\/semmexico\/?p=25232"},"modified":"2023-07-21T16:30:22","modified_gmt":"2023-07-21T21:30:22","slug":"violeta-del-anahuac-desaparecidos-dolor-incurable","status":"publish","type":"post","link":"https:\/\/redsemlac.com\/semmexico\/violeta-del-anahuac-desaparecidos-dolor-incurable\/","title":{"rendered":"Violeta del An\u00e1huac|  Desaparecidos: dolor incurable"},"content":{"rendered":"\n<p class=\"wp-block-paragraph\"><strong>Por: Isabel Ortega Morales<\/strong><strong><\/strong><\/p>\n\n\n\n<p class=\"wp-block-paragraph\">SemM\u00e9xico. 05 de septiembre 2020.- En mayo de 2019, las calles de la Ciudad de M\u00e9xico comprendidas entre el Monumento del \u00c1ngel de la Independencia y el Monumento a la Madre, vio pasar a m\u00e1s de 300 mujeres que clamaban \u201cvivos se los llevaron; vivos los queremos\u201d. Eran mujeres unidas en una \u201cMarcha de la Dignidad Nacional\u201d que, acompa\u00f1adas del actor Diego Luna, elevaban sus voces pidiendo al Gobierno Federal ayuda para dar con el paradero de sus hijos.<\/p>\n\n\n\n<p class=\"wp-block-paragraph\">Ese a\u00f1o, mientras el Presidente Andr\u00e9s Manuel L\u00f3pez Obrador dictaba su institucional Conferencia Matutina desde el Sal\u00f3n Tesorer\u00eda de Palacio Nacional, Diego Luna cerr\u00f3 un mitin frente a Palacio Nacional, luego de que las madres expusieran el dolor de la desaparici\u00f3n de sus hijos, pidieran ayuda al gobierno para agilizar las investigaciones que permitan encontrar a sus hijos e hijas y, hacerlo para encontrarlos con vida. Diego Luna, el actor que ha recibido reconocimiento por su trabajo, escuchaba atento, conmovido ante las palabras de las oradoras. En su turno conden\u00f3 que \u201cse normalice la desaparici\u00f3n\u201d. Ah\u00ed, sin ser recibidos por el Mandatario como clamaban o que saliera y les escuchara, fue el Subsecretario Alejandro Encinas que sali\u00f3, casi al t\u00e9rmino de la concentraci\u00f3n con fotograf\u00edas de los rostros de las personas desaparecidas, por la puerta Mariana y les expres\u00f3 que est\u00e1n trabajando tambi\u00e9n en ese tema.<\/p>\n\n\n\n<p class=\"wp-block-paragraph\">Pero el \u00c1ngel de la Independencia no ha sido testigo solo de esa marcha, otras m\u00e1s, quiz\u00e1 una que se ha convertido en emblem\u00e1tica, es la que realizan desde ah\u00ed, pasar por el antimonumento alusivo en Reforma, Madres y Padres de los 43 estudiantes de la Normal Rural \u201cRa\u00fal Isidro Burgos\u201d de Ayotzinapa, clamando por la aparici\u00f3n con vida de sus hijos desaparecidos en Iguala, Guerrero, en septiembre de 2014. El Presidente de M\u00e9xico, cada mes se re\u00fane con ellos para ver el avance y aun cuando se conoce de amparos y liberaci\u00f3n de personas implicadas en ese hecho, estar un d\u00eda al mes, unas horas, libera la presi\u00f3n de un grupo que en su justo derecho claman por saber de sus hijos.<\/p>\n\n\n\n<p class=\"wp-block-paragraph\">Son de los casos m\u00e1s emblem\u00e1ticos, pero hay m\u00e1s. Hay m\u00e1s. Hay hermanas, madres, padres, hermanos, hijos, hijas que en solitario buscan a sus seres queridos, que han convertido tambi\u00e9n ese tema en un punto de agenda p\u00fablica, con pendientes todav\u00eda a pesar de que el Subsecretario de Derechos Humanos, de la Secretar\u00eda de Gobernaci\u00f3n, Alejandro Encinas, dice que han dado resultados y cita el n\u00famero de 98 mil 242 aparecidas con vida y 6 mil 401 fallecidas; que dice permanecen sin encontrar 73 mil 201, de las 177 mil 844 registradas. De ese n\u00famero, que corresponde a un periodo comprendido entre el a\u00f1o 1964 hasta junio de 2020, el registro del Gobierno actual es de 63 mil 523.<\/p>\n\n\n\n<p class=\"wp-block-paragraph\">Sin duda alguna el t\u00e9rmino \u201cdesaparecido\u201d constituye un dolor incurable en la mente, en el alma y pone contrito el esp\u00edritu. Una persona \u201cdesaparecida\u201d es acto incalificable que nos aleja de cualquier razonamiento de seres humanos. Que coloca la ambici\u00f3n por encima de los valores y reduce su condici\u00f3n viviente a una caracter\u00edstica depredadora. Una persona desaparecida es un n\u00famero, doloroso, que tiene a familias enteras pugnando por la oportunidad de encontrarlas, es un acto de justicia pendiente en la geograf\u00eda de dolor, de violencia, de incertidumbre que, para no olvidarse olvidado, se ha marcado en el calendario en el d\u00eda 30 de agosto.<\/p>\n","protected":false},"excerpt":{"rendered":"<p>Hay hermanas, madres, padres, hermanos, hijos, hijas que en solitario buscan a sus seres queridos, que han convertido tambi\u00e9n ese tema en un punto de agenda p\u00fablica<\/p>\n","protected":false},"author":3,"featured_media":25233,"comment_status":"open","ping_status":"open","sticky":false,"template":"","format":"standard","meta":{"_monsterinsights_skip_tracking":false,"footnotes":""},"categories":[691,198,82,35,197],"tags":[],"class_list":["post-25232","post","type-post","status-publish","format-standard","has-post-thumbnail","category-691","category-isabel-ortega-morales","category-la-opinion","category-opinion","category-violeta-del-anahuac"],"_links":{"self":[{"href":"https:\/\/redsemlac.com\/semmexico\/wp-json\/wp\/v2\/posts\/25232","targetHints":{"allow":["GET"]}}],"collection":[{"href":"https:\/\/redsemlac.com\/semmexico\/wp-json\/wp\/v2\/posts"}],"about":[{"href":"https:\/\/redsemlac.com\/semmexico\/wp-json\/wp\/v2\/types\/post"}],"author":[{"embeddable":true,"href":"https:\/\/redsemlac.com\/semmexico\/wp-json\/wp\/v2\/users\/3"}],"replies":[{"embeddable":true,"href":"https:\/\/redsemlac.com\/semmexico\/wp-json\/wp\/v2\/comments?post=25232"}],"version-history":[{"count":0,"href":"https:\/\/redsemlac.com\/semmexico\/wp-json\/wp\/v2\/posts\/25232\/revisions"}],"wp:featuredmedia":[{"embeddable":true,"href":"https:\/\/redsemlac.com\/semmexico\/wp-json\/wp\/v2\/media\/25233"}],"wp:attachment":[{"href":"https:\/\/redsemlac.com\/semmexico\/wp-json\/wp\/v2\/media?parent=25232"}],"wp:term":[{"taxonomy":"category","embeddable":true,"href":"https:\/\/redsemlac.com\/semmexico\/wp-json\/wp\/v2\/categories?post=25232"},{"taxonomy":"post_tag","embeddable":true,"href":"https:\/\/redsemlac.com\/semmexico\/wp-json\/wp\/v2\/tags?post=25232"}],"curies":[{"name":"wp","href":"https:\/\/api.w.org\/{rel}","templated":true}]}}