{"id":25150,"date":"2020-09-03T23:24:54","date_gmt":"2020-09-03T23:24:54","guid":{"rendered":"https:\/\/redsemlac.com\/semmexico\/?p=25150"},"modified":"2023-07-21T16:30:22","modified_gmt":"2023-07-21T21:30:22","slug":"analizaran-impactos-de-la-pandemia-en-las-mujeres","status":"publish","type":"post","link":"https:\/\/redsemlac.com\/semmexico\/analizaran-impactos-de-la-pandemia-en-las-mujeres\/","title":{"rendered":"Analizar\u00e1n impactos de la pandemia en las mujeres"},"content":{"rendered":"\n<p class=\"wp-block-paragraph\">* Se inaugur\u00f3 el XXI Encuentro Internacional De Estad\u00edsticas de G\u00e9nero<\/p>\n\n\n\n<p class=\"wp-block-paragraph\">*&nbsp;El encuentro constituye un espacio para fomentar el di\u00e1logo entre las Oficinas Nacionales de Estad\u00edstica y los Mecanismos para el Adelanto de las Mujeres.<\/p>\n\n\n\n<p class=\"wp-block-paragraph\">Redacci\u00f3n<\/p>\n\n\n\n<p class=\"wp-block-paragraph\">SemM\u00e9xico, Cd. de M\u00e9xico, 3 de septiembre, 2020.- La importancia de la medici\u00f3n de los impactos de la pandemia en el trabajo remunerado y en el trabajo dom\u00e9stico y de cuidados no remunerado en los hogares, ser\u00e1 uno de los principales temas que se abordaran en el XXI Encuentro Internacional sobre Estad\u00edsticas de G\u00e9nero: \u201cLos retos para la generaci\u00f3n y uso de las estad\u00edsticas de g\u00e9nero en el contexto del COVID-19\u201d.&nbsp;<\/p>\n\n\n\n<p class=\"wp-block-paragraph\">Inaugurado hoy de manera virtual, se inform\u00f3 que adem\u00e1s de centrarse en los desaf\u00edos derivados de la pandemia, las y los participantes en esta edici\u00f3n analizar\u00e1n las necesidades de informaci\u00f3n para respuestas efectivas en el dise\u00f1o e implementaci\u00f3n de pol\u00edticas p\u00fablicas integrales con perspectiva de g\u00e9nero.&nbsp;<\/p>\n\n\n\n<p class=\"wp-block-paragraph\">As\u00ed tambi\u00e9n las caracter\u00edsticas y retos de la medici\u00f3n de la violencia por razones de g\u00e9nero contra las mujeres y ni\u00f1as en la regi\u00f3n, y los efectos del COVID-19 para el logro de la Agenda 2030 y los Objetivos de Desarrollo Sostenible.&nbsp;<\/p>\n\n\n\n<p class=\"wp-block-paragraph\">El XXI Encuentro Internacional sobre Estad\u00edsticas de G\u00e9nero es organizado por Instituto Nacional de Estad\u00edstica y Geograf\u00eda (INEGI) de M\u00e9xico, el Instituto Nacional de las Mujeres de M\u00e9xico (Inmujeres), la Comisi\u00f3n Econ\u00f3mica para Am\u00e9rica Latina y el Caribe (CEPAL) y la Entidad de las Naciones Unidas para la Igualdad de G\u00e9nero y el Empoderamiento de las Mujeres (ONU Mujeres).<\/p>\n\n\n\n<p class=\"wp-block-paragraph\">En la sesi\u00f3n inaugural participaron&nbsp;Cecilia Alemany,&nbsp;directora regional adjunta de&nbsp;<em>ONU Mujeres<\/em>&nbsp;para Am\u00e9rica Latina y el Caribe;&nbsp;Mario&nbsp;Cimoli, secretario ejecutivo adjunto de la CEPAL; Nadine&nbsp;Gasman, presidenta del Inmujeres, y&nbsp;Julio Santaella, presidente del INEGI.<\/p>\n\n\n\n<p class=\"wp-block-paragraph\">Cecilia Alemany,&nbsp;directora regional adjunta de&nbsp;<em>ONU Mujeres<\/em>&nbsp;para Am\u00e9rica Latina y el Caribe, expres\u00f3&nbsp;que las estad\u00edsticas con enfoque de g\u00e9nero&nbsp;son herramientas indispensables para desarrollar pol\u00edticas y soluciones basadas en la evidencia para lograr la igualdad de g\u00e9nero y el empoderamiento de las mujeres.&nbsp;<\/p>\n\n\n\n<p class=\"wp-block-paragraph\">La crisis del Covid-19 puso sobre la mesa la necesidad de complementar los m\u00e9todos tradicionales de relevamiento de datos con las oportunidades que nos brindan las nuevas tecnolog\u00edas y la miner\u00eda de datos a gran escala. Sin embargo, todav\u00eda tenemos grandes desaf\u00edos para comprender el impacto de la crisis en las mujeres que no quedan reportadas en encuestas telef\u00f3nicas o no tienen acceso a conectividad, ya sea porque viven en comunidades apartadas, en zonas rurales, o porque estando en zonas urbanas enfrentan una situaci\u00f3n de pobreza y marginalizaci\u00f3n que se agrava de forma preocupante en 2020, dijo Alemany.<\/p>\n\n\n\n<p class=\"wp-block-paragraph\">Mario&nbsp;Cimoli, secretario ejecutivo adjunto de la CEPAL, afirm\u00f3 que es imprescindible hacer todos los esfuerzos para evitar que la pandemia de COVID-19 y las m\u00faltiples crisis que se han desencadenado en el plano econ\u00f3mico y social profundicen los nudos estructurales de la desigualdad de g\u00e9nero en Am\u00e9rica Latina y el Caribe.&nbsp;<\/p>\n\n\n\n<p class=\"wp-block-paragraph\">Para ello es fundamental la creatividad y la innovaci\u00f3n en la identificaci\u00f3n de estrategias para disponer de informaci\u00f3n relevante y oportuna que permita el dise\u00f1o y la implementaci\u00f3n inmediata de pol\u00edticas p\u00fablicas integrales desde una perspectiva de g\u00e9nero y de derechos para responder a la pandemia y reconstruir mejor y con igualdad.<\/p>\n\n\n\n<p class=\"wp-block-paragraph\">Nadine&nbsp;Gasman, presidenta del Inmujeres,&nbsp;coment\u00f3 que con estos encuentros se avanza en la construcci\u00f3n de fuentes de informaci\u00f3n de vital importancia para conocer la realidad que millones de mujeres enfrentan y dar respuesta a sus necesidades, como ha ocurrido con las encuestas para dimensionar la violencia contra las mujeres y la medici\u00f3n del trabajo no remunerado y de cuidados, temas que no eran considerados de inter\u00e9s nacional o informaci\u00f3n oficial.&nbsp;<\/p>\n\n\n\n<p class=\"wp-block-paragraph\">Adem\u00e1s, Gasman hizo un llamado a producir m\u00e1s y mejor informaci\u00f3n para mostrar las desigualdades que se est\u00e1n agravando con la pandemia, donde la mejora de los registros administrativos y las encuestas sobre uso del tiempo son fundamentales.&nbsp;<\/p>\n\n\n\n<p class=\"wp-block-paragraph\">Julio Santaella, presidente del INEGI dijo que la pandemia de COVID-19 evidenci\u00f3 la desigualdad de g\u00e9nero y los esfuerzos que a\u00fan se requieren para combatirla en los muy diversos \u00e1mbitos de la vida diaria. Como responsable de la coordinaci\u00f3n y generaci\u00f3n de estad\u00edstica en M\u00e9xico, el INEGI refrenda su compromiso de generar informaci\u00f3n oportuna y pertinente que permita dise\u00f1ar pol\u00edtica p\u00fablica para enfrentar dichos retos.&nbsp;<\/p>\n\n\n\n<p class=\"wp-block-paragraph\">A\u00f1adi\u00f3 que las encuestas sobre ocupaci\u00f3n y empleo revelaron que 8.1 % de las mujeres ocupadas enfrentaron aumento en su jornada laboral, en contraste con 6.2 % de los hombres. Adem\u00e1s, la Poblaci\u00f3n No Econ\u00f3micamente Activa ascendi\u00f3 a 11.3 millones de personas, de las cuales, 6.5 millones son mujeres.&nbsp;<\/p>\n\n\n\n<p class=\"wp-block-paragraph\">Julio Santaella adelant\u00f3 que la Encuesta Nacional de Seguridad P\u00fablica Urbana recopilar\u00e1 en su pr\u00f3xima edici\u00f3n informaci\u00f3n adicional para detectar aspectos de victimizaci\u00f3n y violencia en contra de la mujer. En este mismo a\u00f1o se dar\u00e1n a conocer resultados de la Encuesta Nacional sobre Uso de Tiempo 2019 y del Censo 2020 con detalles muy puntuales sobre estad\u00edsticas de g\u00e9nero y, para 2021, se levantar\u00e1 la Encuesta Nacional de la Din\u00e1mica de las Relaciones en los Hogares.<\/p>\n\n\n\n<p class=\"wp-block-paragraph\">Este encuentro internacional es un espacio fundamental para fomentar el di\u00e1logo entre las Oficinas Nacionales de Estad\u00edstica (ONEs) y los Mecanismos para el Adelanto de las Mujeres (MAMs), as\u00ed como con otros organismos sectoriales de los Estados de la regi\u00f3n.<\/p>\n\n\n\n<p class=\"wp-block-paragraph\">Es tambi\u00e9n un foro para intercambiar conocimientos con especialistas de la academia y organizaciones internacionales sobre el progreso y los desaf\u00edos en la producci\u00f3n y uso de estad\u00edsticas de g\u00e9nero que contribuyan a impulsar, dise\u00f1ar, monitorear y evaluar pol\u00edticas para la igualdad sustantiva entre mujeres y hombres.<\/p>\n\n\n\n<p class=\"wp-block-paragraph\">Debido a la situaci\u00f3n global por la pandemia del COVID-19, y siguiendo los protocolos recomendados por las autoridades de salud, este encuentro se realizar\u00e1 por primera vez de forma virtual, mediante cuatro seminarios que ser\u00e1n transmitidos en los siguientes enlaces:<\/p>\n\n\n\n<ul class=\"wp-block-list\"><li>Cepal&nbsp;<a href=\"https:\/\/live.cepal.org\/XXIEIEG\">https:\/\/live.cepal.org\/XXIEIEG<\/a><\/li><li>Canal de&nbsp;<a href=\"https:\/\/www.youtube.com\/INMUJERES%20M%C3%A9xico\">YouTube del Inmujeres M\u00e9xico.<\/a><\/li><li>Canal de YouTube de&nbsp;<a href=\"https:\/\/www.youtube.com\/user\/INEGIInforma\">INEGI Informa<\/a><\/li><\/ul>\n\n\n\n<p class=\"wp-block-paragraph\">Las sesiones contar\u00e1n con traducci\u00f3n simult\u00e1nea en espa\u00f1ol y en ingl\u00e9s,&nbsp;y se realizar\u00e1n semanalmente<a href=\"applewebdata:\/\/2518FD39-C7B7-4B53-9F46-A92D9AC31705#_ftn1\"><sup>[1]<\/sup><\/a>, a partir del jueves 3 de septiembre y hasta el 1 de octubre a las 9:00 horas de M\u00e9xico\/\/Panam\u00e1 y 10:00 horas de Chile (Chile cambia horario a partir del s\u00e1bado 5 de septiembre, quedando el resto de las sesiones a las 11:00 hora local).<\/p>\n\n\n\n<p class=\"wp-block-paragraph\">Los seminarios virtuales abordar\u00e1n las siguientes tem\u00e1ticas:<\/p>\n\n\n\n<p class=\"wp-block-paragraph\">Jueves 3 de septiembre\/Inauguraci\u00f3n: Necesidades de informaci\u00f3n para respuestas efectivas y pol\u00edticas de g\u00e9nero transformadoras en tiempos de COVID-19. Si desea volver a ver la inauguraci\u00f3n, puede hacerlo a trav\u00e9s del canal de YouTube de la&nbsp;<a href=\"https:\/\/www.youtube.com\/watch?v=ZVc4zOdg3pY&amp;feature=emb_title\">CEPAL<\/a>, de&nbsp;<a href=\"https:\/\/www.youtube.com\/channel\/UC8yc35JuqzaTwgJ43rr-bzA\">INMUJERES M\u00e9xico<\/a>&nbsp;y en el de&nbsp;<a href=\"https:\/\/www.youtube.com\/user\/INEGIInforma\">INEGI Informa<\/a>.&nbsp;&nbsp;<\/p>\n\n\n\n<p class=\"wp-block-paragraph\">Jueves 10 de septiembre: Impacto del COVID-19 en la medici\u00f3n del trabajo remunerado y en el trabajo dom\u00e9stico y de cuidados no remunerados en los hogares.<\/p>\n\n\n\n<p class=\"wp-block-paragraph\">Jueves 24 de septiembre: Las caracter\u00edsticas de la medici\u00f3n de la violencia contra las mujeres y ni\u00f1as en la regi\u00f3n en el marco del COVID-19. Criterios \u00e9ticos y metodol\u00f3gicos.<\/p>\n\n\n\n<p class=\"wp-block-paragraph\">Jueves 1 de octubre\/Clausura: Los efectos del COVID-19 para el logro de la Agenda 2030 y los ODS. Retos en la producci\u00f3n y uso de estad\u00edsticas de g\u00e9nero.<\/p>\n\n\n\n<p class=\"wp-block-paragraph\">Las personas que participen en los encuentros virtuales podr\u00e1n enviar sus consultas por escrito, las que ser\u00e1n recibidas y canalizadas por la persona que modere la sesi\u00f3n.&nbsp;<\/p>\n\n\n\n<p class=\"wp-block-paragraph\">SEM\/sj<\/p>\n\n\n\n<hr class=\"wp-block-separator\"\/>\n","protected":false},"excerpt":{"rendered":"<p>* Se inaugur\u00f3 el XXI Encuentro Internacional De Estad\u00edsticas de G\u00e9nero *&nbsp;El encuentro constituye un espacio para fomentar el di\u00e1logo entre las Oficinas Nacionales de Estad\u00edstica y los Mecanismos para el Adelanto de las Mujeres. Redacci\u00f3n SemM\u00e9xico, Cd. de M\u00e9xico, 3 de septiembre, 2020.- La importancia de la medici\u00f3n de los impactos de la pandemia [&hellip;]<\/p>\n","protected":false},"author":3,"featured_media":25151,"comment_status":"open","ping_status":"open","sticky":false,"template":"","format":"standard","meta":{"_monsterinsights_skip_tracking":false,"footnotes":""},"categories":[691,51],"tags":[],"class_list":["post-25150","post","type-post","status-publish","format-standard","has-post-thumbnail","category-691","category-ejecutivo"],"_links":{"self":[{"href":"https:\/\/redsemlac.com\/semmexico\/wp-json\/wp\/v2\/posts\/25150","targetHints":{"allow":["GET"]}}],"collection":[{"href":"https:\/\/redsemlac.com\/semmexico\/wp-json\/wp\/v2\/posts"}],"about":[{"href":"https:\/\/redsemlac.com\/semmexico\/wp-json\/wp\/v2\/types\/post"}],"author":[{"embeddable":true,"href":"https:\/\/redsemlac.com\/semmexico\/wp-json\/wp\/v2\/users\/3"}],"replies":[{"embeddable":true,"href":"https:\/\/redsemlac.com\/semmexico\/wp-json\/wp\/v2\/comments?post=25150"}],"version-history":[{"count":0,"href":"https:\/\/redsemlac.com\/semmexico\/wp-json\/wp\/v2\/posts\/25150\/revisions"}],"wp:featuredmedia":[{"embeddable":true,"href":"https:\/\/redsemlac.com\/semmexico\/wp-json\/wp\/v2\/media\/25151"}],"wp:attachment":[{"href":"https:\/\/redsemlac.com\/semmexico\/wp-json\/wp\/v2\/media?parent=25150"}],"wp:term":[{"taxonomy":"category","embeddable":true,"href":"https:\/\/redsemlac.com\/semmexico\/wp-json\/wp\/v2\/categories?post=25150"},{"taxonomy":"post_tag","embeddable":true,"href":"https:\/\/redsemlac.com\/semmexico\/wp-json\/wp\/v2\/tags?post=25150"}],"curies":[{"name":"wp","href":"https:\/\/api.w.org\/{rel}","templated":true}]}}