{"id":25146,"date":"2020-09-03T22:45:25","date_gmt":"2020-09-03T22:45:25","guid":{"rendered":"https:\/\/redsemlac.com\/semmexico\/?p=25146"},"modified":"2023-07-21T16:30:23","modified_gmt":"2023-07-21T21:30:23","slug":"66-presidentes-de-mexico-y-2-imperios-en-196-anos","status":"publish","type":"post","link":"https:\/\/redsemlac.com\/semmexico\/66-presidentes-de-mexico-y-2-imperios-en-196-anos\/","title":{"rendered":"66 Presidentes de M\u00e9xico y 2 Imperios en 196 A\u00f1os"},"content":{"rendered":"\n<p class=\"wp-block-paragraph\">Jorge Herrera Valenzuela<\/p>\n\n\n\n<p class=\"wp-block-paragraph\">SemM\u00e9xico, Cd. de M\u00e9xico 3 de septiembre, 2020.- No voy a sentirme decepcionado, sino profundamente preocupado porque corroboro que poco inter\u00e9s hay por conocer nuestra Historia Patria y no saber de quienes han figurado en su formaci\u00f3n. Los m\u00e1s dicen \u201cpara que me entero del pasado, quiero vivir el presente y hasta ah\u00ed\u201d. Creo que ignorar lo acontecido y valorar el presente, es el basamento de apuntar hacia el futuro, sobre todo cuando estamos en una \u00e9poca en que las comunicaciones son inmediatas, desde cualquier parte del mundo. Ya no hay barreras geogr\u00e1ficas.<\/p>\n\n\n\n<p class=\"wp-block-paragraph\">En sus d\u00edas de gloria el maestro&nbsp;<strong>Vicente Lombardo Toledano&nbsp;<\/strong>sol\u00eda reunirse con los j\u00f3venes y les dec\u00eda la importancia y trascendencia de conocer la Historia de M\u00e9xico, saber de los hombres y las mujeres que participaron en las diferentes etapas, desde la llegada de los espa\u00f1oles, los evangelizadores y otros extranjeros para imponer sus costumbres. Eso incluye conocer a quienes nos gobernaron a partir de consumada la Independencia, en 1821, desapareci\u00f3 la Nueva Espa\u00f1a y tres a\u00f1os despu\u00e9s surgi\u00f3 la Rep\u00fablica Mexicana, denominada Estados Unidos Mexicanos.&nbsp;<\/p>\n\n\n\n<p class=\"wp-block-paragraph\">Agradezco a quienes enviaron sus respuestas a la pregunta de cu\u00e1ntos Presidentes de M\u00e9xico hemos tenido y qui\u00e9nes fueron. \u201cFueron muchos, pero no s\u00e9 los nombres de todos\u201d, \u201cMe declaro ignorante y d\u00edgame la respuesta\u201d y \u201cDinos cuantos fueron y as\u00ed, todos tranquilos\u201d. Estas fueron algunas de las contestaciones. Hubo dos respuestas con 30 nombres de presidentes. Para comenzar: incluyendo al actual,&nbsp;<strong>M\u00e9xico ha tenido 66 presidentes&nbsp;<\/strong>y&nbsp;<strong>dos imperios<\/strong>, en 196 a\u00f1os, contados a partir del 10 de octubre de 1824.<\/p>\n\n\n\n<p class=\"wp-block-paragraph\">El primer Presidente de M\u00e9xico naci\u00f3 en el Siglo XVIII en tierras del Reino de la Nueva Vizcaya, hoy Tamazula, Durango. Fue bautizado con los nombres de&nbsp;<strong>Jos\u00e9 Miguel Ram\u00f3n Adaucto Fern\u00e1ndez y F\u00e9lix<\/strong>&nbsp;y al triunfar en la toma de la ciudad de Oaxaca, despu\u00e9s de pronunciar la frase: \u201cVa mi espada en prenda, voy ella\u201d, al arrojarse para cruzar un r\u00edo, se hizo llamar&nbsp;<strong>Guadalupe Victoria.<\/strong>&nbsp;Este insurgente estaba a las \u00f3rdenes del gran Jos\u00e9 Mar\u00eda Morelos y Pav\u00f3n, el \u00fanico&nbsp;<strong>Siervo de la Naci\u00f3n.<\/strong><\/p>\n\n\n\n<p class=\"wp-block-paragraph\"><strong>Dos ef\u00edmeros imperios<\/strong><\/p>\n\n\n\n<p class=\"wp-block-paragraph\">Antes de la asunci\u00f3n de Guadalupe Victoria, hay dos puntos interesantes. Consumada la Independencia, surgi\u00f3 la idea de establecer un r\u00e9gimen mon\u00e1rquico y la Casa Real de Espa\u00f1a rechaz\u00f3 nombrar a un emperador-El Sargento Mayor&nbsp;<strong>P\u00edo Marcha<\/strong>&nbsp;encabez\u00f3 el movimiento para que Agust\u00edn de Iturbide fuera el Primer Emperador de M\u00e9xico y el 21 de julio de 1822 es coronado como&nbsp;<strong>Agust\u00edn I y&nbsp;<\/strong>su esposa Ana Mar\u00eda Huarte, recibe el t\u00edtulo de&nbsp;<strong>Emperatriz de M\u00e9xico.<\/strong><\/p>\n\n\n\n<p class=\"wp-block-paragraph\">El austriaco&nbsp;<strong>Maximiliano de Habsburgo<\/strong>, de 32 a\u00f1os de edad, es coronado junto con su esposa&nbsp;<strong>Carlota<\/strong>, de 24 a\u00f1os, en la Catedral Metropolitana de la Ciudad de M\u00e9xico. Se inicia el 10 de abril de 1864 el segundo imperio de nuestra historia. Los emperadores se vivieron en el Castillo de Chapultepec. La lucha contra los invasores, apoyados por conservadores mexicanos, termin\u00f3 el 19 de junio de 1867 cuando el emperador es fusilado en el Cerro de las Campanas, en Quer\u00e9taro. Tambi\u00e9n murieron ah\u00ed dos generales: el expresidente&nbsp;<strong>Miguel Miram\u00f3n y Tom\u00e1s Mej\u00eda<\/strong>.<\/p>\n\n\n\n<p class=\"wp-block-paragraph\">El primer imperio desaparece el 19 de marzo de 1823 al abdicar el militar realista nacido en Valladolid, hoy Morelia, y fusilado 8 a\u00f1os despu\u00e9s en Padilla, Tamaulipas. El Gobierno queda en manos de los integrantes del&nbsp;<strong>Supremo Poder Ejecutivo&nbsp;<\/strong>hasta la instauraci\u00f3n de la Rep\u00fablica, la instalaci\u00f3n del Congreso Constituyente y la elecci\u00f3n del Presidente de M\u00e9xico, asumi\u00f3 el mando el domingo 10 de octubre de 1824.<\/p>\n\n\n\n<p class=\"wp-block-paragraph\"><strong>Complicada sucesi\u00f3n presidencial<\/strong><\/p>\n\n\n\n<p class=\"wp-block-paragraph\">He de insistir en mis comentarios period\u00edsticos sobre la necesidad de conocer nuestra Historia Patria, para no cometer los errores del pasado y tomar los aciertos, considerar las circunstancias en que se vive y proyectar el futuro. Elegir al sucesor de Guadalupe Victoria fue de lo m\u00e1s complicado que puede imaginarse. El primer embajador de Estados Unidos de Am\u00e9rica,&nbsp;<strong>Joel Roberts Poinsett<\/strong>&nbsp;provoc\u00f3 tal problema al imponer criterios de la Logia Yorkina y apoyar la candidatura de&nbsp;<strong>Vicente Guerrero<\/strong>&nbsp;en contra de&nbsp;<strong>Manuel G\u00f3mez Pedraza<\/strong>, respaldado por los escoceses. El diplom\u00e1tico sali\u00f3 del pa\u00eds en 1829.<\/p>\n\n\n\n<p class=\"wp-block-paragraph\">Ambos eran integrantes del gabinete de Guadalupe Victoria. Otro de los colaboradores del primer presidente lo era&nbsp;<strong>Lucas Alam\u00e1n<\/strong>, quien simpatiz\u00f3 con G\u00f3mez Pedraza, triunfador en las urnas, no tom\u00f3 posesi\u00f3n. Miembros de la Logia Escocesa y un grupo encabezado por&nbsp;<strong>Antonio L\u00f3pez de Santa Anna&nbsp;<\/strong>obligaron al Congreso a desconocer el resultado y nombraron a Vicente Guerrero, quien 9 meses despu\u00e9s, en diciembre de 1829, renunci\u00f3 para enfrentarse en combate contra el vicepresidente&nbsp;<strong>Anastasio Bustamante.<\/strong>&nbsp;Guerrero es el autor de la frase inscrita en los recintos legislativos: \u201c<strong>La Patria es Primero<\/strong>\u201d.<\/p>\n\n\n\n<p class=\"wp-block-paragraph\">Se dijo entonces que&nbsp;<strong>Alam\u00e1n&nbsp;<\/strong>hab\u00eda repartido dinero, atole, tamales y aguardiente entre los campesinos, pidiendo que votaran por G\u00f3mez Pedraza. Ese incidente ocurri\u00f3 hace 191 a\u00f1os y al paso del tiempo se ha repetidos, \u00bfverdad?&nbsp;<\/p>\n\n\n\n<p class=\"wp-block-paragraph\"><strong>33 civiles y 33 militares<\/strong><\/p>\n\n\n\n<p class=\"wp-block-paragraph\">Despu\u00e9s del breviario cultural, comento que M\u00e9xico fue gobernando por 33 generales y en julio de 2018 empataron los civiles. El primero,&nbsp;<strong>Guadalupe Victoria<\/strong>,<strong>&nbsp;<\/strong>y en el segundo gobierno sexenal (1940-1946) los militares dejaron la silla presidencial a los civiles, siendo el poblano&nbsp;<strong>Manuel \u00c1vila Camacho<\/strong>&nbsp;el encargado de entregar la estafeta al abogado veracruzano&nbsp;<strong>Miguel Alem\u00e1n Vald\u00e9s<\/strong>.<\/p>\n\n\n\n<p class=\"wp-block-paragraph\">El abogado egresado de la Real y Pontificia Universidad de M\u00e9xico, pol\u00edtico yorkino, el aguascalentense&nbsp;<strong>Jos\u00e9 Mar\u00eda Bocanegra<\/strong>&nbsp;fue el primer presidente civil, con car\u00e1cter de interino del 18 al 23 de diciembre de 1829 y lo sigui\u00f3 el zacatecano&nbsp;<strong>Pedro V\u00e9lez&nbsp;<\/strong>del 23 al 31 de diciembre de ese mismo a\u00f1o, compartiendo el poder con el bi\u00f3logo y pol\u00edtico guanajuatense&nbsp;<strong>Lucas Alam\u00e1n<\/strong>&nbsp;y con el general queretano&nbsp;<strong>Luis Quintanar<\/strong>.<\/p>\n\n\n\n<p class=\"wp-block-paragraph\">Por cierto, el \u00faltimo presidente interino fue el general sonorense&nbsp;<strong>Abelardo L. Rodr\u00edguez<\/strong>, a ra\u00edz de la renuncia del michoacano&nbsp;<strong>Pascual Ortiz Rubio<\/strong>, tambi\u00e9n militar. Fue entre septiembre de 1932 y noviembre de 1934. Terminaban los gobiernos de 4 a\u00f1os y con el general&nbsp;<strong>L\u00e1zaro C\u00e1rdenas del R\u00edo<\/strong>&nbsp;comenzaban los sexenios.<\/p>\n\n\n\n<p class=\"wp-block-paragraph\"><strong>Repetidores y duplicidades<\/strong><\/p>\n\n\n\n<p class=\"wp-block-paragraph\">Del grupo de 66 mexicanos que han llegado a ser Jefe del Poder Ejecutivo Federal, hubo diez repetidores sin incluir a los oaxaque\u00f1os&nbsp;<strong>Benito Ju\u00e1rez y Porfirio D\u00edaz<\/strong>&nbsp;que sumaron casi 45 a\u00f1os como Presidentes de M\u00e9xico. El que se llev\u00f3 las palmas fue&nbsp;<strong>Antonio L\u00f3pez de Santa Anna<\/strong>, \u00a111 veces! y no lleg\u00f3 a los seis a\u00f1os en el poder. Sin nunca haber sido electo,&nbsp;<strong>Valent\u00edn G\u00f3mez Far\u00edas&nbsp;<\/strong>en 5 ocasiones<strong>&nbsp;<\/strong>rindi\u00f3 protesta y 4 veces lo hizo&nbsp;<strong>Anastasio Bustamante.&nbsp;<\/strong><\/p>\n\n\n\n<p class=\"wp-block-paragraph\">En tres diferentes momentos se registraron duplicidades en el mando nacional.&nbsp;<strong>Benito Ju\u00e1rez&nbsp;<\/strong>tuvo como \u201crivales\u201d en la \u00e9poca del segundo imperio y apoyados con el Plan de Tacubaya a:&nbsp;<strong>F\u00e9lix Mar\u00eda Zuloaga, Manuel Robles Pezuela, Miguel Miram\u00f3n y Jos\u00e9 Ignacio Pav\u00f3n.&nbsp;<\/strong>Al reelegirse&nbsp;<strong>Sebasti\u00e1n Lerdo de Tejada<\/strong>, mediante el Plan de Tuxtepec&nbsp;<strong>Porfirio D\u00edaz&nbsp;<\/strong>se autonombr\u00f3 Presidente de M\u00e9xico e igual el presidente de la Suprema Corte de Justicia,&nbsp;<strong>Jos\u00e9 Mar\u00eda Iglesias<\/strong>&nbsp;y el oaxaque\u00f1o decidi\u00f3 poner en la silla presidencial al ameritado general&nbsp;<strong>Juan N. M\u00e9ndez.<\/strong><\/p>\n\n\n\n<p class=\"wp-block-paragraph\">&nbsp;A don&nbsp;<strong>Venustiano Carranza<\/strong>, ya como presidente constitucional, los villistas y los zapatistas en la Convenci\u00f3n Revolucionaria de Aguascalientes nombraron en 1914 y 1915 a tres presidentes:&nbsp;<strong>Eulalio Guti\u00e9rrez,&nbsp;<\/strong>Roque<strong>&nbsp;Gonz\u00e1lez Garza y Francisco Lagos Ch\u00e1zaro.<\/strong>&nbsp;Ninguno dej\u00f3 huella.<\/p>\n\n\n\n<p class=\"wp-block-paragraph\"><strong>Pregunta para meditar:<\/strong><\/p>\n\n\n\n<p class=\"wp-block-paragraph\">\u00bfSaben qui\u00e9n fue&nbsp;<strong>Juan Nepomuceno Almonte Ram\u00edrez?<\/strong>&nbsp;&nbsp;<\/p>\n\n\n\n<p class=\"wp-block-paragraph\"><strong>Agradecimiento personal<\/strong><\/p>\n\n\n\n<p class=\"wp-block-paragraph\">Despu\u00e9s de esta supersintesis para aportar datos sobre el n\u00famero de Presidentes de M\u00e9xico y algunos detalles sobresalientes, deseo agradecer a quienes me hicieron el favor de enviarme sus comentarios. La historia de este tema es muy amplia y hay muchos autores sobre el mismo, inclusive algunos incluyen en la relaci\u00f3n de presidentes a&nbsp;<strong>Juan N. Almonte<\/strong>, nombrado \u201cRegente\u201d por Maximiliano.<\/p>\n\n\n\n<p class=\"wp-block-paragraph\">Gracias a la licenciada&nbsp;<strong>Alma Rosa Herrera Valenzuela<\/strong>&nbsp;(saludos hasta Guadalajara), as\u00ed como a&nbsp;<strong>Daniel Hidalgo Vald\u00e9s, Jorge Herrera Navas, Jorge G\u00f3mez de Silva, Roberto Villarreal, Marco Antonio Far\u00edas Vald\u00e9s y Luis Guti\u00e9rrez Rodr\u00edguez.<\/strong><\/p>\n\n\n\n<p class=\"wp-block-paragraph\"><strong>jherrerav@live.com.mx<\/strong>&nbsp;&nbsp;&nbsp;<\/p>\n","protected":false},"excerpt":{"rendered":"<p>Jorge Herrera Valenzuela SemM\u00e9xico, Cd. de M\u00e9xico 3 de septiembre, 2020.- No voy a sentirme decepcionado, sino profundamente preocupado porque corroboro que poco inter\u00e9s hay por conocer nuestra Historia Patria y no saber de quienes han figurado en su formaci\u00f3n. Los m\u00e1s dicen \u201cpara que me entero del pasado, quiero vivir el presente y hasta [&hellip;]<\/p>\n","protected":false},"author":3,"featured_media":25148,"comment_status":"open","ping_status":"open","sticky":false,"template":"","format":"standard","meta":{"_monsterinsights_skip_tracking":false,"footnotes":""},"categories":[691,94,107],"tags":[],"class_list":["post-25146","post","type-post","status-publish","format-standard","has-post-thumbnail","category-691","category-jorge-herrera-valenzuela","category-rafaga"],"_links":{"self":[{"href":"https:\/\/redsemlac.com\/semmexico\/wp-json\/wp\/v2\/posts\/25146","targetHints":{"allow":["GET"]}}],"collection":[{"href":"https:\/\/redsemlac.com\/semmexico\/wp-json\/wp\/v2\/posts"}],"about":[{"href":"https:\/\/redsemlac.com\/semmexico\/wp-json\/wp\/v2\/types\/post"}],"author":[{"embeddable":true,"href":"https:\/\/redsemlac.com\/semmexico\/wp-json\/wp\/v2\/users\/3"}],"replies":[{"embeddable":true,"href":"https:\/\/redsemlac.com\/semmexico\/wp-json\/wp\/v2\/comments?post=25146"}],"version-history":[{"count":0,"href":"https:\/\/redsemlac.com\/semmexico\/wp-json\/wp\/v2\/posts\/25146\/revisions"}],"wp:featuredmedia":[{"embeddable":true,"href":"https:\/\/redsemlac.com\/semmexico\/wp-json\/wp\/v2\/media\/25148"}],"wp:attachment":[{"href":"https:\/\/redsemlac.com\/semmexico\/wp-json\/wp\/v2\/media?parent=25146"}],"wp:term":[{"taxonomy":"category","embeddable":true,"href":"https:\/\/redsemlac.com\/semmexico\/wp-json\/wp\/v2\/categories?post=25146"},{"taxonomy":"post_tag","embeddable":true,"href":"https:\/\/redsemlac.com\/semmexico\/wp-json\/wp\/v2\/tags?post=25146"}],"curies":[{"name":"wp","href":"https:\/\/api.w.org\/{rel}","templated":true}]}}