{"id":25134,"date":"2020-09-03T21:16:45","date_gmt":"2020-09-03T21:16:45","guid":{"rendered":"https:\/\/redsemlac.com\/semmexico\/?p=25134"},"modified":"2023-07-21T16:30:23","modified_gmt":"2023-07-21T21:30:23","slug":"le-caen-en-la-mentira-al-alcalde-de-chilpancingo","status":"publish","type":"post","link":"https:\/\/redsemlac.com\/semmexico\/le-caen-en-la-mentira-al-alcalde-de-chilpancingo\/","title":{"rendered":"Le caen en la mentira al alcalde de Chilpancingo"},"content":{"rendered":"\n<p class=\"wp-block-paragraph\">* No separ\u00f3 del cargo a funcionaria investigada por violencia de g\u00e9nero<\/p>\n\n\n\n<p class=\"wp-block-paragraph\">* Activistas denuncian el desinter\u00e9s del gobierno municipal en atender el caso<\/p>\n\n\n\n<p class=\"wp-block-paragraph\">Josefina Aguilar Pastor<\/p>\n\n\n\n<p class=\"wp-block-paragraph\">SemM\u00e9xico, Chilpancingo, Gro, 3 de septiembre, 2020.- Antonio Gaspar Beltr\u00e1n y Antonio Orozco Guadarrama, presidente municipal y secretario general del ayuntamiento de Chilpancingo, fomentan y solapan la violencia institucional y de g\u00e9nero<\/p>\n\n\n\n<p class=\"wp-block-paragraph\">Mar\u00eda Luisa Garfias Mar\u00edn, presidenta de la organizaci\u00f3n Aliadas por la Justicia, e integrante&nbsp;&nbsp;de los sistemas municipales para la Igualdad y para Prevenir, Atender, Sancionar y Erradicar la Violencia contra las Mujeres, denunci\u00f3 el enga\u00f1o que, tanto el alcalde, como el secretario general del ayuntamiento, han querido hacer al asegurar que hab\u00edan separado de su cargo a Adriana H. Luz, en tanto se desahoga la investigaci\u00f3n iniciada por la Comisi\u00f3n de Derechos Humanos por violencia institucional.<\/p>\n\n\n\n<p class=\"wp-block-paragraph\">Garfias Mar\u00edn, escribi\u00f3 en su perfil personal de Facebook:<\/p>\n\n\n\n<p class=\"wp-block-paragraph\">\u201cme molesta que nos enga\u00f1en, que sigan creyendo que a las mujeres nos pueden mal informar aunque su credibilidad quede como cacahuate, sobre todo, cuando se trata de tomar medidas para sancionar la violencia contra las mujeres, que piensan que somos menores de edad \u2026 al tratar el caso de Sol Cuevas exdirectora de la mujer, violentada por una funcionaria municipal de nombre Adriana H. Luz, al decir que se hab\u00eda tomado la decisi\u00f3n de separarla de su cargo para investigar los hechos y resulta que no, porque est\u00e1 activa, dando \u00f3rdenes a las y los servidores p\u00fablicos; creo que una vez m\u00e1s se muestra que en el municipio donde existe contextos de violencia extrema \u2026a la autoridad no le interesa erradicar esta pandemia\u201d.<\/p>\n\n\n\n<p class=\"wp-block-paragraph\">Al respecto, en entrevista, la activista coment\u00f3 que durante la cuarta sesi\u00f3n del Sistema Municipal para la Prevenci\u00f3n, Atenci\u00f3n, Sanci\u00f3n y Erradicaci\u00f3n de la violencia contra las Mujeres, celebrada el pasado 17 de agosto, el secretario general del ayuntamiento de Chilpancingo, Antonio Guadarrama, les inform\u00f3 que la funcionaria Adriana H. Luz, hab\u00eda sido separa de su cargo, para enfrentar el proceso iniciado en su contra, por violencia institucional y de g\u00e9nero en contra de la ex directora de atenci\u00f3n de la mujer Marisol Cuevas Serrano.<\/p>\n\n\n\n<p class=\"wp-block-paragraph\">Record\u00f3 que durante dicha sesi\u00f3n, expusieron al secretario general del ayuntamiento de Chilpancingo, en su calidad de presidente del sistema municipal&nbsp;para la Prevenci\u00f3n, Atenci\u00f3n, Sanci\u00f3n y Erradicaci\u00f3n de la violencia contra las Mujeres, que no era posible que no diera muestras de inter\u00e9s por erradicar la violencia machista.<\/p>\n\n\n\n<p class=\"wp-block-paragraph\">\u201cAh\u00ed, dijo el secretario general del ayuntamiento, \u2018yo entiendo que ya est\u00e1 separada de sus funciones\u2019 \u2013Adriana H. Luz-, ya no trabaja en el Ayuntamiento, se va a investigar, pero resulta que contin\u00faa dando \u00f3rdenes al reto de las y los funcionarios, \u00bfentonces de que se trata?\u201d, interrog\u00f3 la tambi\u00e9n acad\u00e9mica.<\/p>\n\n\n\n<p class=\"wp-block-paragraph\">Garfias Mar\u00edn lament\u00f3 que tanto el alcalde, como el secretario general del Ayuntamiento, pretendan enga\u00f1ar a las activistas que integran los sistemas municipales, diciendo que van actuar y no lo hagan, con ello subray\u00f3 muestran la falta de sensibilidad, de inter\u00e9s por solucionar esa pandemia de la violencia.<\/p>\n\n\n\n<p class=\"wp-block-paragraph\">Reconoci\u00f3 que el sistema municipal&nbsp;para la Prevenci\u00f3n, Atenci\u00f3n, Sanci\u00f3n y Erradicaci\u00f3n de la violencia contra las Mujeres, no tiene facultades ahora erigirse como un tribunal acusador, sin embargo, advirti\u00f3 que consensar\u00eda con el resto de las representantes de organizaciones sociales la postura que asumir\u00e1n, para emitir un pronunciamiento o extra\u00f1amiento o alguna otra acci\u00f3n para dejar claro que no permitir\u00e1n que los funcionarios municipales se burlen y traten de enga\u00f1arlas.<\/p>\n","protected":false},"excerpt":{"rendered":"<p>* No separ\u00f3 del cargo a funcionaria investigada por violencia de g\u00e9nero * Activistas denuncian el desinter\u00e9s del gobierno municipal en atender el caso Josefina Aguilar Pastor SemM\u00e9xico, Chilpancingo, Gro, 3 de septiembre, 2020.- Antonio Gaspar Beltr\u00e1n y Antonio Orozco Guadarrama, presidente municipal y secretario general del ayuntamiento de Chilpancingo, fomentan y solapan la violencia [&hellip;]<\/p>\n","protected":false},"author":3,"featured_media":25135,"comment_status":"open","ping_status":"open","sticky":false,"template":"","format":"standard","meta":{"_monsterinsights_skip_tracking":false,"footnotes":""},"categories":[691,51],"tags":[],"class_list":["post-25134","post","type-post","status-publish","format-standard","has-post-thumbnail","category-691","category-ejecutivo"],"_links":{"self":[{"href":"https:\/\/redsemlac.com\/semmexico\/wp-json\/wp\/v2\/posts\/25134","targetHints":{"allow":["GET"]}}],"collection":[{"href":"https:\/\/redsemlac.com\/semmexico\/wp-json\/wp\/v2\/posts"}],"about":[{"href":"https:\/\/redsemlac.com\/semmexico\/wp-json\/wp\/v2\/types\/post"}],"author":[{"embeddable":true,"href":"https:\/\/redsemlac.com\/semmexico\/wp-json\/wp\/v2\/users\/3"}],"replies":[{"embeddable":true,"href":"https:\/\/redsemlac.com\/semmexico\/wp-json\/wp\/v2\/comments?post=25134"}],"version-history":[{"count":0,"href":"https:\/\/redsemlac.com\/semmexico\/wp-json\/wp\/v2\/posts\/25134\/revisions"}],"wp:featuredmedia":[{"embeddable":true,"href":"https:\/\/redsemlac.com\/semmexico\/wp-json\/wp\/v2\/media\/25135"}],"wp:attachment":[{"href":"https:\/\/redsemlac.com\/semmexico\/wp-json\/wp\/v2\/media?parent=25134"}],"wp:term":[{"taxonomy":"category","embeddable":true,"href":"https:\/\/redsemlac.com\/semmexico\/wp-json\/wp\/v2\/categories?post=25134"},{"taxonomy":"post_tag","embeddable":true,"href":"https:\/\/redsemlac.com\/semmexico\/wp-json\/wp\/v2\/tags?post=25134"}],"curies":[{"name":"wp","href":"https:\/\/api.w.org\/{rel}","templated":true}]}}