{"id":25130,"date":"2020-09-03T21:07:12","date_gmt":"2020-09-03T21:07:12","guid":{"rendered":"https:\/\/redsemlac.com\/semmexico\/?p=25130"},"modified":"2023-07-21T16:30:23","modified_gmt":"2023-07-21T21:30:23","slug":"refuerzan-en-espana-mecanismos-de-asistencia-y-proteccion","status":"publish","type":"post","link":"https:\/\/redsemlac.com\/semmexico\/refuerzan-en-espana-mecanismos-de-asistencia-y-proteccion\/","title":{"rendered":"Refuerzan en Espa\u00f1a mecanismos de asistencia y protecci\u00f3n"},"content":{"rendered":"\n<p class=\"wp-block-paragraph\">* Delegada Victoria Rosell se\u00f1ala que no es necesario que est\u00e9n en proceso de denuncia<\/p>\n\n\n\n<p class=\"wp-block-paragraph\">* 80 % de las mujeres asesinadas este a\u00f1o, 30, no hab\u00edan denunciado previamente a su agresor<strong><\/strong><\/p>\n\n\n\n<p class=\"wp-block-paragraph\">Gloria L\u00f3pez<\/p>\n\n\n\n<p class=\"wp-block-paragraph\">SemM\u00e9xico\/AmecoPress, Madrid, 3 de septiembre, 2020.-&nbsp;<em>La delegada del Gobierno contra la Violencia de G\u00e9nero, Victoria Rosell, ha insistido en que la lucha contra la violencia machista no es un problema judicial \u00fanicamente. En una comparecencia telem\u00e1tica ha asegurado que desde el Gobierno est\u00e1n trabajando para reforzar los mecanismos de asistencia y protecci\u00f3n a v\u00edctimas sin que est\u00e9n condicionados a la denuncia. Y es que de las 30 mujeres asesinadas por violencia de g\u00e9nero en lo que va de a\u00f1o, el 80 por ciento no hab\u00eda denunciado previamente a su agresor. Adem\u00e1s, Rosell ha recordado que la violencia de g\u00e9nero no puede medirse solo a trav\u00e9s de las cifras de asesinadas.<\/em><\/p>\n\n\n\n<p class=\"wp-block-paragraph\">\u00abEstamos insistiendo mucho en la falta de denuncia previa porque de las 30 (mujeres asesinadas a manos de sus parejas o exparejas) de 2020, solo 6 hab\u00edan denunciado, 24 no, un 80 por ciento no y un 20 por ciento s\u00ed, esto no hace sino corroborar nuestra intenci\u00f3n y trabajo por reforzar todos los servicios que dan atenci\u00f3n sociosanitaria personalizada\u00bb, ha subrayado la delegada del Gobierno.<\/p>\n\n\n\n<p class=\"wp-block-paragraph\">Tambi\u00e9n ha advertido del \u00abincremento desmesurado\u00bb durante el Estado de Alarma de los medios silenciosos como el 016 online y el whatsapp de emergencia, \u00abindicios racionales de que las mujeres ni siquiera pueden llamar desde su domicilio en voz alta\u00bb, as\u00ed como del aumento de las llamadas al 016, algo que indica que \u00ablas mujeres necesitan asistencia no condicionada a la denuncia policial y judicial\u00bb. \u00abLa violencia de g\u00e9nero nunca fue un problema judicial o policial, quien lo quiere enmarcar en esa puerta tan estrecha quiere reducir e invisibilizar el problema\u00bb, ha insistido Rosell.<\/p>\n\n\n\n<p class=\"wp-block-paragraph\">La delegada del Gobierno contra la Violencia de G\u00e9nero ha condenado los \u00faltimos asesinatos machistas y ha expresado sus condolencias a las familias de las v\u00edctimas, adem\u00e1s de ofrecer los datos m\u00e1s destacados de violencia machista desde la \u00faltima comparecencia. Desde que se computan los datos en 2003, han sido asesinadas en Espa\u00f1a un total de 1.063 mujeres por violencia de g\u00e9nero, 30 de ellas en lo que va de 2020. Adem\u00e1s, desde 2013 han quedado en situaci\u00f3n de orfandad por violencia de g\u00e9nero 293 menores, 15 en 2020. Asimismo, desde 2013 han muerto 37 menores por violencia de g\u00e9nero, tres en lo que va de a\u00f1o.<\/p>\n\n\n\n<p class=\"wp-block-paragraph\">Rosell ha anunciado que el pr\u00f3ximo 10 de septiembre presentar\u00e1n la VI edici\u00f3n de la Macroencuesta de Violencia contra la Mujer, la \u00fanica estad\u00edstica oficial sobre prevalencia de la violencia sobre las mujeres en Espa\u00f1a. Al respecto ha valorado que los datos son \u00ababrumadores\u00bb y \u00abcorroboran que se trata de una violencia estructural y silenciada\u00bb, que \u00abtiene mucho que ver con esa ausencia de denuncias\u00bb, por lo cual urge \u201creforzar a la atenci\u00f3n personalizada\u201d.<\/p>\n\n\n\n<p class=\"wp-block-paragraph\">En ese sentido, ha agradecido la participaci\u00f3n en este estudio de las instituciones y profesionales y el testimonio de las entrevistadas, m\u00e1s a\u00fan en \u00abtiempos de tantas falsas noticias\u00bb.<\/p>\n\n\n\n<p class=\"wp-block-paragraph\">Sobre la petici\u00f3n que hizo la ministra de Igualdad por carta para el cierre de los prost\u00edbulos, Rosell ha recordado que este cierre es competencia de las comunidades aut\u00f3nomas, ha denunciado que hay \u00abmuchas licencias que encubren prost\u00edbulos\u00bb y ha expresado que la \u00abpostura valiente\u00bb y que \u00ababre una brecha en pro de los derechos humanos\u00bb es que se persiga a la industria, a las personas jur\u00eddicas que se lucran con la explotaci\u00f3n sexual.<\/p>\n\n\n\n<p class=\"wp-block-paragraph\">Hasta la fecha, ha dicho, se han adoptado \u00abmedidas muy estrechas\u00bb limitadas a sancionar a clientes con ordenanzas municipales amparadas en la denominada ley mordaza, \u00abcomo si fuera un problema de orden p\u00fablico e individualizado\u00bb.<br>Rosell ha denunciado que, aunque las relaciones sexuales no pueden ser una relaci\u00f3n laboral, muchas licencias de locales de alterne encubren prostituci\u00f3n, aunque sea \u00abilegal\u00bb explotar por cuenta ajena a las mujeres en prost\u00edbulos.<\/p>\n\n\n\n<p class=\"wp-block-paragraph\">La delegada ha anunciado que este viernes 4 de septiembre mantendr\u00e1 una reuni\u00f3n t\u00e9cnica con las comunidades aut\u00f3nomas. Y a lo largo de esta quincena, la ministra de Igualdad, Irene Montero, mantendr\u00e1 un encuentro con las consejer\u00edas auton\u00f3micas con competencias en Igualdad para reforzar la lucha contra la violencia de g\u00e9nero, aclarar dudas y coordinar los planes de salida de la violencia, incluidos los destinados a las mujeres v\u00edctimas de explotaci\u00f3n sexual y prostituci\u00f3n.<\/p>\n\n\n\n<p class=\"wp-block-paragraph\">SEM-AmecoPress\/gl<\/p>\n","protected":false},"excerpt":{"rendered":"<p>* Delegada Victoria Rosell se\u00f1ala que no es necesario que est\u00e9n en proceso de denuncia * 80 % de las mujeres asesinadas este a\u00f1o, 30, no hab\u00edan denunciado previamente a su agresor Gloria L\u00f3pez SemM\u00e9xico\/AmecoPress, Madrid, 3 de septiembre, 2020.-&nbsp;La delegada del Gobierno contra la Violencia de G\u00e9nero, Victoria Rosell, ha insistido en que la [&hellip;]<\/p>\n","protected":false},"author":3,"featured_media":25132,"comment_status":"open","ping_status":"open","sticky":false,"template":"","format":"standard","meta":{"_monsterinsights_skip_tracking":false,"footnotes":""},"categories":[691,53],"tags":[],"class_list":["post-25130","post","type-post","status-publish","format-standard","has-post-thumbnail","category-691","category-internacional"],"_links":{"self":[{"href":"https:\/\/redsemlac.com\/semmexico\/wp-json\/wp\/v2\/posts\/25130","targetHints":{"allow":["GET"]}}],"collection":[{"href":"https:\/\/redsemlac.com\/semmexico\/wp-json\/wp\/v2\/posts"}],"about":[{"href":"https:\/\/redsemlac.com\/semmexico\/wp-json\/wp\/v2\/types\/post"}],"author":[{"embeddable":true,"href":"https:\/\/redsemlac.com\/semmexico\/wp-json\/wp\/v2\/users\/3"}],"replies":[{"embeddable":true,"href":"https:\/\/redsemlac.com\/semmexico\/wp-json\/wp\/v2\/comments?post=25130"}],"version-history":[{"count":0,"href":"https:\/\/redsemlac.com\/semmexico\/wp-json\/wp\/v2\/posts\/25130\/revisions"}],"wp:featuredmedia":[{"embeddable":true,"href":"https:\/\/redsemlac.com\/semmexico\/wp-json\/wp\/v2\/media\/25132"}],"wp:attachment":[{"href":"https:\/\/redsemlac.com\/semmexico\/wp-json\/wp\/v2\/media?parent=25130"}],"wp:term":[{"taxonomy":"category","embeddable":true,"href":"https:\/\/redsemlac.com\/semmexico\/wp-json\/wp\/v2\/categories?post=25130"},{"taxonomy":"post_tag","embeddable":true,"href":"https:\/\/redsemlac.com\/semmexico\/wp-json\/wp\/v2\/tags?post=25130"}],"curies":[{"name":"wp","href":"https:\/\/api.w.org\/{rel}","templated":true}]}}