{"id":2508,"date":"2018-06-14T17:23:50","date_gmt":"2018-06-14T17:23:50","guid":{"rendered":"https:\/\/redsemlac.com\/semmexico\/?p=2508"},"modified":"2023-07-21T14:32:21","modified_gmt":"2023-07-21T19:32:21","slug":"las-organizaciones-de-la-sociedad-civil-agrupadas-en-torno-a-la-campana-10-propuestas-para-proteger-la-riqueza-natural-de-mexico-lamentaron-la-superficialidad-con-que-se-trataron-los","status":"publish","type":"post","link":"https:\/\/redsemlac.com\/semmexico\/las-organizaciones-de-la-sociedad-civil-agrupadas-en-torno-a-la-campana-10-propuestas-para-proteger-la-riqueza-natural-de-mexico-lamentaron-la-superficialidad-con-que-se-trataron-los\/","title":{"rendered":"Las organizaciones de la sociedad civil agrupadas en torno a la campa\u00f1a \u201c10 propuestas para proteger la riqueza natural de M\u00e9xico\u201d lamentaron la superficialidad con que se trataron los temas ambientales"},"content":{"rendered":"\n<p class=\"wp-block-paragraph\"><a href=\"https:\/\/www.semmexico.com\/gallery-post.php?id=5070#\">Redacci\u00f3n<\/a><\/p>\n\n\n\n<p class=\"wp-block-paragraph\">SemM\u00e9xico. Cd. de M\u00e9xico. 14 de junio de 2018.- Los cuatro candidatos a la Presidencia de la Rep\u00fablica&nbsp; todav\u00eda est\u00e1n a tiempo para aceptar un piso m\u00ednimo de compromisos en el tema ambiental que realmente contribuya para remediar la aguda degradaci\u00f3n de los ecosistemas y para planear con una visi\u00f3n de futuro, demandaron ayer las 31 organizaciones de #10porM\u00e9xicoNatural.<\/p>\n\n\n\n<p class=\"wp-block-paragraph\">Las organizaciones de la sociedad civil agrupadas en torno a la campa\u00f1a \u201c10 propuestas para proteger la riqueza natural de M\u00e9xico\u201d lamentaron la superficialidad con que se trataron los temas ambientales por parte de los cuatro candidatos a la Presidencia de la Rep\u00fablica, en el debate que tuvo lugar en M\u00e9rida, el pasado 12 de junio, en el que la sustentabilidad ser\u00eda uno de los temas a tratar.<\/p>\n\n\n\n<p class=\"wp-block-paragraph\">Se\u00f1alaron que los candidatos se refirieron a los temas ambientales como cuestiones accesorias, como una categor\u00eda marginal, desvinculada de otros temas clave como la pobreza y la desigualdad. Esta situaci\u00f3n contrasta, indicaron, con las plataformas del tema ambiental presentadas por las tres coaliciones, la semana pasada, en las que incorporan algunas de las propuestas de las&nbsp; organizaciones de la sociedad civil, y de la academia que a lo largo de la campa\u00f1a se han estado reuniendo con los equipos para hablar sobre el tema, y sobre todo lo limitado de las plataformas registradas ante el Instituto Nacional Electoral (INE).<\/p>\n\n\n\n<p class=\"wp-block-paragraph\">Resaltaron que \u201c10 propuestas para proteger la riqueza natural de M\u00e9xico son resultado del an\u00e1lisis de un grupo de expertos de reconocida trayectoria por su compromiso con la conservaci\u00f3n de la naturaleza, conscientes de que esta tarea ya no puede atribuirse exclusivamente a los gobiernos, sino que exige un esfuerzo de colaboraci\u00f3n de todos los sectores de la sociedad.<\/p>\n\n\n\n<p class=\"wp-block-paragraph\">SEM\/em\/Gr<\/p>\n","protected":false},"excerpt":{"rendered":"<p>Redacci\u00f3n SemM\u00e9xico. Cd. de M\u00e9xico. 14 de junio de 2018.- Los cuatro candidatos a la Presidencia de la Rep\u00fablica&nbsp; todav\u00eda est\u00e1n a tiempo para aceptar un piso m\u00ednimo de compromisos en el tema ambiental que realmente contribuya para remediar la aguda degradaci\u00f3n de los ecosistemas y para planear con una visi\u00f3n de futuro, demandaron ayer [&hellip;]<\/p>\n","protected":false},"author":3,"featured_media":2509,"comment_status":"open","ping_status":"open","sticky":false,"template":"","format":"standard","meta":{"_monsterinsights_skip_tracking":false,"footnotes":""},"categories":[689,33],"tags":[],"class_list":["post-2508","post","type-post","status-publish","format-standard","has-post-thumbnail","category-689","category-elecciones-2018"],"_links":{"self":[{"href":"https:\/\/redsemlac.com\/semmexico\/wp-json\/wp\/v2\/posts\/2508","targetHints":{"allow":["GET"]}}],"collection":[{"href":"https:\/\/redsemlac.com\/semmexico\/wp-json\/wp\/v2\/posts"}],"about":[{"href":"https:\/\/redsemlac.com\/semmexico\/wp-json\/wp\/v2\/types\/post"}],"author":[{"embeddable":true,"href":"https:\/\/redsemlac.com\/semmexico\/wp-json\/wp\/v2\/users\/3"}],"replies":[{"embeddable":true,"href":"https:\/\/redsemlac.com\/semmexico\/wp-json\/wp\/v2\/comments?post=2508"}],"version-history":[{"count":0,"href":"https:\/\/redsemlac.com\/semmexico\/wp-json\/wp\/v2\/posts\/2508\/revisions"}],"wp:featuredmedia":[{"embeddable":true,"href":"https:\/\/redsemlac.com\/semmexico\/wp-json\/wp\/v2\/media\/2509"}],"wp:attachment":[{"href":"https:\/\/redsemlac.com\/semmexico\/wp-json\/wp\/v2\/media?parent=2508"}],"wp:term":[{"taxonomy":"category","embeddable":true,"href":"https:\/\/redsemlac.com\/semmexico\/wp-json\/wp\/v2\/categories?post=2508"},{"taxonomy":"post_tag","embeddable":true,"href":"https:\/\/redsemlac.com\/semmexico\/wp-json\/wp\/v2\/tags?post=2508"}],"curies":[{"name":"wp","href":"https:\/\/api.w.org\/{rel}","templated":true}]}}