{"id":2502,"date":"2018-06-15T17:19:10","date_gmt":"2018-06-15T17:19:10","guid":{"rendered":"https:\/\/redsemlac.com\/semmexico\/?p=2502"},"modified":"2023-07-21T14:32:21","modified_gmt":"2023-07-21T19:32:21","slug":"el-planton-inicio-con-la-lectura-de-la-declaracion-altoalaviolenciapolitica-que-demanda-un-proceso-electoral-y-un-mexico-en-paz","status":"publish","type":"post","link":"https:\/\/redsemlac.com\/semmexico\/el-planton-inicio-con-la-lectura-de-la-declaracion-altoalaviolenciapolitica-que-demanda-un-proceso-electoral-y-un-mexico-en-paz\/","title":{"rendered":"El plant\u00f3n inici\u00f3 con la lectura de la Declaraci\u00f3n #AltoAlaViolenciaPol\u00edtica que demanda \u201cun proceso electoral y un M\u00e9xico en paz\u201d"},"content":{"rendered":"\n<p class=\"wp-block-paragraph\"><a href=\"https:\/\/www.semmexico.com\/gallery-post.php?id=5079#\">Kyra N\u00fa\u00f1ez<\/a><\/p>\n\n\n\n<p class=\"wp-block-paragraph\">SemM\u00e9xico. Chiapas. 15 de junio de 2018.- Varias decenas de chiapanecas de varias regiones del estado exigieron Alto a la Violencia Pol\u00edtica contra la Mujer y sumaron su voz a la de cientos de mexicanas que el jueves demandaron un \u00a1Basta! a la ola de violencia que ha cobrado 134 muertes en los d\u00edas que van del actual proceso electoral.<\/p>\n\n\n\n<p class=\"wp-block-paragraph\">Con un plant\u00f3n que se efectu\u00f3 en el Parque de la Juventud de la ciudad capital, coordinado por Enriqueta Burelo, varias de las presentes se manifestaron con testimonios de oposici\u00f3n a que la violencia contin\u00fae como fueron las de Cinthya, Margarita, Claudia, Trini, Mirna, y la petici\u00f3n de una peque\u00f1a que no quiere crecer entre violencia.<\/p>\n\n\n\n<p class=\"wp-block-paragraph\">Durante el plant\u00f3n, se form\u00f3 el c\u00edrculo de la paz con velas encendidas y flores blancas de purificaci\u00f3n en un triste recordatorio de las mujeres que han sido asesinadas por haber ingresado al terreno de la pol\u00edtica.<\/p>\n\n\n\n<p class=\"wp-block-paragraph\">El acto de las chiapanecas fue uno de los eslabones que se integraron en el pa\u00eds por la convocatoria a poner un Alto a la Violencia Pol\u00edtica contra la Mujer, demandando asimismo la total aplicaci\u00f3n de la ley y la justicia para las asesinadas y agredidas y a sus familiares.<\/p>\n\n\n\n<p class=\"wp-block-paragraph\">El plant\u00f3n inici\u00f3 con la lectura de la Declaraci\u00f3n #AltoAlaViolenciaPol\u00edtica que demanda \u201cun proceso electoral y un M\u00e9xico en paz\u201d en referencia a este momento que culmina el 1 de julio y que \u201cser\u00e1 la elecci\u00f3n m\u00e1s grande en la historia del pa\u00eds y tambi\u00e9n la m\u00e1s sangrienta\u201d. En la declaratoria se expresa \u201cQueremos que las mujeres lleguen&nbsp;a todos los espacios de poder paritariamente, sin discriminaci\u00f3n y sin violencia\u201d y hace llamado a las autoridades, a los partidos pol\u00edticos, a quienes est\u00e1n involucrados, y a la ciudadan\u00eda en que \u201cla violencia contra la mujer es real, es grave y es inaceptable\u201d. As\u00ed le dieron lectura Delia Estrada y Kyra N\u00fa\u00f1ez, integrantes de la Red Chiapas por la Paridad Efectiva \u2013REPARE.<\/p>\n\n\n\n<p class=\"wp-block-paragraph\">Hubieron cantos para recordar a las mujeres asesinadas y el plant\u00f3n termin\u00f3 con las mujeres entonando, solemnes, el Himno a Chiapas.<\/p>\n\n\n\n<hr class=\"wp-block-separator\"\/>\n\n\n\n<ul class=\"wp-block-list\"><li>TAGS<\/li><\/ul>\n","protected":false},"excerpt":{"rendered":"<p>Kyra N\u00fa\u00f1ez SemM\u00e9xico. Chiapas. 15 de junio de 2018.- Varias decenas de chiapanecas de varias regiones del estado exigieron Alto a la Violencia Pol\u00edtica contra la Mujer y sumaron su voz a la de cientos de mexicanas que el jueves demandaron un \u00a1Basta! a la ola de violencia que ha cobrado 134 muertes en los [&hellip;]<\/p>\n","protected":false},"author":3,"featured_media":2503,"comment_status":"open","ping_status":"open","sticky":false,"template":"","format":"standard","meta":{"_monsterinsights_skip_tracking":false,"footnotes":""},"categories":[689,33],"tags":[],"class_list":["post-2502","post","type-post","status-publish","format-standard","has-post-thumbnail","category-689","category-elecciones-2018"],"_links":{"self":[{"href":"https:\/\/redsemlac.com\/semmexico\/wp-json\/wp\/v2\/posts\/2502","targetHints":{"allow":["GET"]}}],"collection":[{"href":"https:\/\/redsemlac.com\/semmexico\/wp-json\/wp\/v2\/posts"}],"about":[{"href":"https:\/\/redsemlac.com\/semmexico\/wp-json\/wp\/v2\/types\/post"}],"author":[{"embeddable":true,"href":"https:\/\/redsemlac.com\/semmexico\/wp-json\/wp\/v2\/users\/3"}],"replies":[{"embeddable":true,"href":"https:\/\/redsemlac.com\/semmexico\/wp-json\/wp\/v2\/comments?post=2502"}],"version-history":[{"count":0,"href":"https:\/\/redsemlac.com\/semmexico\/wp-json\/wp\/v2\/posts\/2502\/revisions"}],"wp:featuredmedia":[{"embeddable":true,"href":"https:\/\/redsemlac.com\/semmexico\/wp-json\/wp\/v2\/media\/2503"}],"wp:attachment":[{"href":"https:\/\/redsemlac.com\/semmexico\/wp-json\/wp\/v2\/media?parent=2502"}],"wp:term":[{"taxonomy":"category","embeddable":true,"href":"https:\/\/redsemlac.com\/semmexico\/wp-json\/wp\/v2\/categories?post=2502"},{"taxonomy":"post_tag","embeddable":true,"href":"https:\/\/redsemlac.com\/semmexico\/wp-json\/wp\/v2\/tags?post=2502"}],"curies":[{"name":"wp","href":"https:\/\/api.w.org\/{rel}","templated":true}]}}