{"id":24907,"date":"2020-08-07T22:50:00","date_gmt":"2020-08-07T22:50:00","guid":{"rendered":"https:\/\/redsemlac.com\/semmexico\/?p=24907"},"modified":"2023-07-21T16:27:08","modified_gmt":"2023-07-21T21:27:08","slug":"en-michoacan-prohibido-el-cobro-de-cuotas-en-las-escuelas-publicas-de-educacion-basica","status":"publish","type":"post","link":"https:\/\/redsemlac.com\/semmexico\/en-michoacan-prohibido-el-cobro-de-cuotas-en-las-escuelas-publicas-de-educacion-basica\/","title":{"rendered":"En Michoac\u00e1n, prohibido el cobro de cuotas en las escuelas p\u00fablicas de educaci\u00f3n b\u00e1sica"},"content":{"rendered":"\n<ul class=\"wp-block-list\"><li><strong>Los padres de familia tienen la libertad de aportar de manera voluntaria lo que se considere necesario<\/strong>&nbsp;<\/li><\/ul>\n\n\n\n<p class=\"wp-block-paragraph\"><strong>Redacci\u00f3n<\/strong><\/p>\n\n\n\n<p class=\"wp-block-paragraph\"><strong>SemM\u00e9xico. Morelia, Michoac\u00e1n. 7 de agosto de 2020.-<\/strong>\u00a0Ante el pr\u00f3ximo regreso a clases que se realizar\u00e1 a distancia, la Secretar\u00eda de Educaci\u00f3n en el Estado (SEE), reiter\u00f3 a las autoridades educativas en la entidad, directores, docentes y padres y madres de familia, que est\u00e1 prohibido el cobro de cuotas obligatorias en las escuelas p\u00fablicas de educaci\u00f3n b\u00e1sica. \u00a0<br><br>Lo anterior, con el fin de garantizar el derecho humano a la gratuidad de la educaci\u00f3n p\u00fablica que se marca en el Art\u00edculo Tercero Constitucional y la Legislaci\u00f3n Federal y Estatal en la materia.<br><br>Ante ello, \u00a0la SEE ha lanzado de nueva cuenta un llamado a la comunidad educativa, as\u00ed como a las asociaciones de padres de familia a evitar condicionar el servicio educativo si no se pagan las cuotas que deben ser voluntarias, pues todas las ni\u00f1as y los ni\u00f1os tienen garantizado el acceso a la instituci\u00f3n educativa en la que realizaron su preinscripci\u00f3n durante el mes de febrero.<br><br>Asimismo la SEE se\u00f1al\u00f3 que es importante ante esta pandemia no afectar en ning\u00fan sentido la igualdad en el trato de los alumnos si no se accede a realizar alguna aportaci\u00f3n.\u00a0<br><br>En este sentido, comunic\u00f3 que los padres de familia tienen la libertad de aportar lo que se considere necesario y participar solidariamente para las mejoras del servicio educativo a sus hijos, en caso de no poder hacerlo, la escuela no tiene derecho a prohibir la inscripci\u00f3n, la participaci\u00f3n en ex\u00e1menes ni negar o condicionar la entrega de documentos por este concepto.<\/p>\n\n\n\n<p class=\"wp-block-paragraph\"><br>Ante ello, la SEE advirti\u00f3 que se sancionar\u00e1 a toda autoridad educativa que incurra en estas faltas, e inform\u00f3 que las denuncias pueden hacerse en la Subsecretar\u00eda de Educaci\u00f3n B\u00e1sica, en la Direcci\u00f3n General de Unidades Regionales de la dependencia o en el Facebook oficial de la dependencia.<\/p>\n\n\n\n<p class=\"wp-block-paragraph\">SEM\/IL<\/p>\n","protected":false},"excerpt":{"rendered":"<p>Los padres de familia tienen la libertad de aportar de manera voluntaria lo que se considere necesario<\/p>\n","protected":false},"author":3,"featured_media":24908,"comment_status":"open","ping_status":"open","sticky":false,"template":"","format":"standard","meta":{"_monsterinsights_skip_tracking":false,"footnotes":""},"categories":[691,51],"tags":[],"class_list":["post-24907","post","type-post","status-publish","format-standard","has-post-thumbnail","category-691","category-ejecutivo"],"_links":{"self":[{"href":"https:\/\/redsemlac.com\/semmexico\/wp-json\/wp\/v2\/posts\/24907","targetHints":{"allow":["GET"]}}],"collection":[{"href":"https:\/\/redsemlac.com\/semmexico\/wp-json\/wp\/v2\/posts"}],"about":[{"href":"https:\/\/redsemlac.com\/semmexico\/wp-json\/wp\/v2\/types\/post"}],"author":[{"embeddable":true,"href":"https:\/\/redsemlac.com\/semmexico\/wp-json\/wp\/v2\/users\/3"}],"replies":[{"embeddable":true,"href":"https:\/\/redsemlac.com\/semmexico\/wp-json\/wp\/v2\/comments?post=24907"}],"version-history":[{"count":0,"href":"https:\/\/redsemlac.com\/semmexico\/wp-json\/wp\/v2\/posts\/24907\/revisions"}],"wp:featuredmedia":[{"embeddable":true,"href":"https:\/\/redsemlac.com\/semmexico\/wp-json\/wp\/v2\/media\/24908"}],"wp:attachment":[{"href":"https:\/\/redsemlac.com\/semmexico\/wp-json\/wp\/v2\/media?parent=24907"}],"wp:term":[{"taxonomy":"category","embeddable":true,"href":"https:\/\/redsemlac.com\/semmexico\/wp-json\/wp\/v2\/categories?post=24907"},{"taxonomy":"post_tag","embeddable":true,"href":"https:\/\/redsemlac.com\/semmexico\/wp-json\/wp\/v2\/tags?post=24907"}],"curies":[{"name":"wp","href":"https:\/\/api.w.org\/{rel}","templated":true}]}}