{"id":24871,"date":"2020-09-01T17:14:25","date_gmt":"2020-09-01T17:14:25","guid":{"rendered":"https:\/\/redsemlac.com\/semmexico\/?p=24871"},"modified":"2023-07-21T16:29:32","modified_gmt":"2023-07-21T21:29:32","slug":"morelos-52","status":"publish","type":"post","link":"https:\/\/redsemlac.com\/semmexico\/morelos-52\/","title":{"rendered":"Madres de desaparecidos anunciaron que se instalar\u00e1n todos los lunes para exigir la reactivaci\u00f3n de identificaci\u00f3n de cuerpos"},"content":{"rendered":"\n<ul class=\"wp-block-list\"><li><strong> La\u00a0Fiscal\u00eda de Morelos enterr\u00f3 de forma irregular, como no identificadas, al menos 85 personas en la fosa com\u00fan de Jojutla.\u00a0<\/strong><\/li><\/ul>\n\n\n\n<p class=\"wp-block-paragraph\"><strong>Estrella Pedroza<\/strong><\/p>\n\n\n\n<p class=\"wp-block-paragraph\">SemM\u00e9xico. Morelos. 1 de septiembre, 2020.- Familiares de \u00a0v\u00edctimas \u00a0anunciaron \u00a0una jornada de protesta para todos los lunes \u00a0para exigir que se agilice la identificaci\u00f3n de \u00a0cad\u00e1veres de \u00a0fosas de \u00a0Tetelcingo \u00a0y Jojutla, piden al gobierno de \u00a0Cuauht\u00e9moc Blanco Bravo que cumpla \u00a0con los acuerdos. \u00a0\u00a0<\/p>\n\n\n\n<p class=\"wp-block-paragraph\">Lo anterior, en el marco de un\u00a0acto conmemorativo del D\u00eda Internacional de las V\u00edctimas de Desapariciones Forzadas realizado este lunes por activistas en el Memorial de V\u00edctimas, situado en el acceso principal palacio de gobierno- sede oficial del Gobierno de Morelos-.<\/p>\n\n\n\n<p class=\"wp-block-paragraph\">Integrantes del colectivo B\u00fasqueda de Familiares \u201cRegresando a Casa Morelos\u201d, con un rebozo color rojo con las palabras justicia y verdad, anunciaron que se instalar\u00e1n todos los lunes en el Memorial de V\u00edctimas para exigir a las autoridades federales y estatales la identificaci\u00f3n de cuerpos de las fosas de Tetelcingo y Jojutla.<\/p>\n\n\n\n<figure class=\"wp-block-video aligncenter\"><video height=\"352\" style=\"aspect-ratio: 640 \/ 352;\" width=\"640\" controls src=\"https:\/\/redsemlac.com\/semmexico\/wp-content\/uploads\/2020\/09\/WhatsApp-Video-2020-09-01-at-10.34.38-AM-1.mp4\"><\/video><\/figure>\n\n\n\n<p class=\"wp-block-paragraph\">\u201cEstamos \u00a0aqu\u00ed para recordarles a las \u00a0autoridades de \u00a0Morelos y al mundo que la Fiscal\u00eda de Morelos enterr\u00f3 de forma irregular, como no identificadas, al menos 85 personas en la fosa com\u00fan de Jojutla. <\/p>\n\n\n\n<p class=\"wp-block-paragraph\">Hab\u00eda en esta fosa, bebes y ni\u00f1as, mujeres con las manos atadas, hombres con signos de tortura\u201d, dijo Diana Laura Castro Berm\u00fadez, vocera del colectivo.Y \u00a0agreg\u00f3: \u201cYa no permitiremos que se siga dilatando el tema de identificaci\u00f3n; es por eso que a partir de hoy vamos a estar presentes en frente del Palacio de Gobierno y contaremos los d\u00edas que pasan sin que las autoridades avancen en las tareas de identificaci\u00f3n. <\/p>\n\n\n\n<p class=\"wp-block-paragraph\">Est\u00e1 probado que la Fiscal\u00eda General de Morelos ocult\u00f3 decenas de cuerpos en fosas comunes irregulares. El asunto es suficientemente grave para que el Gobernador de Morelos se interese personalmente en este caso. Pedimos su presencia el pr\u00f3ximo lunes para informarle directamente\u201d.<\/p>\n\n\n\n<p class=\"wp-block-paragraph\">Adem\u00e1s piden la creaci\u00f3n de un Centro de Identificaci\u00f3n Forense en Morelos \u2013 cuya prioridad sea la identificaci\u00f3n de estas personas, empezando con los cuerpos exhumados de las fosas comunes irregulares de la Fiscal\u00eda General Estatal (FGE).<\/p>\n\n\n\n<p class=\"wp-block-paragraph\">Y solicitaron acceso p\u00fablico a los archivos forenses b\u00e1sicos de todas las personas no identificadas de los SEMEFOS de Morelos.<\/p>\n","protected":false},"excerpt":{"rendered":"<p> La Fiscal\u00eda de Morelos enterr\u00f3 de forma irregular, como no identificadas, al menos 85 personas en la fosa com\u00fan de Jojutla. <\/p>\n","protected":false},"author":3,"featured_media":24874,"comment_status":"open","ping_status":"open","sticky":false,"template":"","format":"standard","meta":{"_monsterinsights_skip_tracking":false,"footnotes":""},"categories":[691,54],"tags":[],"class_list":["post-24871","post","type-post","status-publish","format-standard","has-post-thumbnail","category-691","category-mujeres"],"_links":{"self":[{"href":"https:\/\/redsemlac.com\/semmexico\/wp-json\/wp\/v2\/posts\/24871","targetHints":{"allow":["GET"]}}],"collection":[{"href":"https:\/\/redsemlac.com\/semmexico\/wp-json\/wp\/v2\/posts"}],"about":[{"href":"https:\/\/redsemlac.com\/semmexico\/wp-json\/wp\/v2\/types\/post"}],"author":[{"embeddable":true,"href":"https:\/\/redsemlac.com\/semmexico\/wp-json\/wp\/v2\/users\/3"}],"replies":[{"embeddable":true,"href":"https:\/\/redsemlac.com\/semmexico\/wp-json\/wp\/v2\/comments?post=24871"}],"version-history":[{"count":0,"href":"https:\/\/redsemlac.com\/semmexico\/wp-json\/wp\/v2\/posts\/24871\/revisions"}],"wp:featuredmedia":[{"embeddable":true,"href":"https:\/\/redsemlac.com\/semmexico\/wp-json\/wp\/v2\/media\/24874"}],"wp:attachment":[{"href":"https:\/\/redsemlac.com\/semmexico\/wp-json\/wp\/v2\/media?parent=24871"}],"wp:term":[{"taxonomy":"category","embeddable":true,"href":"https:\/\/redsemlac.com\/semmexico\/wp-json\/wp\/v2\/categories?post=24871"},{"taxonomy":"post_tag","embeddable":true,"href":"https:\/\/redsemlac.com\/semmexico\/wp-json\/wp\/v2\/tags?post=24871"}],"curies":[{"name":"wp","href":"https:\/\/api.w.org\/{rel}","templated":true}]}}