{"id":24866,"date":"2020-09-01T17:04:20","date_gmt":"2020-09-01T17:04:20","guid":{"rendered":"https:\/\/redsemlac.com\/semmexico\/?p=24866"},"modified":"2023-07-21T16:29:32","modified_gmt":"2023-07-21T21:29:32","slug":"opinion-555","status":"publish","type":"post","link":"https:\/\/redsemlac.com\/semmexico\/opinion-555\/","title":{"rendered":"Y quiere ser Presidente"},"content":{"rendered":"\n<pre class=\"wp-block-verse has-text-align-right\"><strong><em>Se me adelant\u00f3 Julio Le\u00f3n Sardaneta; me duele el coraz\u00f3n<\/em><\/strong><\/pre>\n\n\n\n<p class=\"wp-block-paragraph\"><strong>Mois\u00e9s S\u00e1nchez Lim\u00f3n<\/strong>.<\/p>\n\n\n\n<p class=\"wp-block-paragraph\">SemM\u00e9xico. Cd. de M\u00e9xico. 1 de septiembre de 2020.- En la historia del quehacer pol\u00edtico no faltan los fan\u00e1ticos ni los partidos sat\u00e9lite dispuestos a perder el honor.<\/p>\n\n\n\n<p class=\"wp-block-paragraph\">Son personajes e institutos pol\u00edticos convencidos de que, para obtener y mantener el poder, se arriesga hasta el respeto personal; su imagen p\u00fablica linda entre iluminado y suicida capaz de imitar al bonzo y prenderse fuego en la plaza p\u00fablica para demostrar fidelidad al Mes\u00edas, aunque \u00e9ste lo ignore y se deslinde de sus &nbsp;poco ortodoxas pr\u00e1cticas partidistas.<\/p>\n\n\n\n<p class=\"wp-block-paragraph\">El riesgo es dar poder a esos personajes que suelen ser inteligentes, pero se desprenden de la realidad para tejerse la propia y considerar que la Patria les debe todo, que el pr\u00f3cer debe arroparlo y aplaudir sus desplantes y desproporciones que abonan en perjuicio de un proyecto. \u00bfEsa es la 4T?<\/p>\n\n\n\n<p class=\"wp-block-paragraph\">Esos, son trazos del perfil de Gerardo Fern\u00e1ndez Noro\u00f1a, diputado federal y vicecoordinador de la bancada del Partido del Trabajo en la C\u00e1mara baja, que al inicio de semana meti\u00f3 en un conflicto de procedimiento a la elecci\u00f3n de la mesa directiva cameral y repiti\u00f3 el escenario vivido hace un a\u00f1o, cuando Mario Delgado Carrillo, coordinador de la diputaci\u00f3n federal de Morena, se opon\u00eda, junto con sus aliados del PT, PVEM y PES a que la panista Laura Rojas rindiera protesta como presidente cameral.<\/p>\n\n\n\n<p class=\"wp-block-paragraph\">Contrastante de suyo la forma de hacer pol\u00edtica entre senadores y diputados de Morena.&nbsp;<strong>Y hay elementos para enfatizar en la abismal diferencia del trabajo pol\u00edtico de Ricardo Monreal \u00c1vila, coordinador de los senadores de Morena y presidente de la Junta de Coordinaci\u00f3n Pol\u00edtica<\/strong>&nbsp;senatorial, y el de Delgado Carrillo que, desde los mismos cargos en C\u00e1mara de Diputados, suele titubear con la delicadeza de un elefante sobre un hormiguero.<\/p>\n\n\n\n<p class=\"wp-block-paragraph\"><strong>Y Delgado<\/strong>, como cabeza que debiera ser de la mayor\u00eda legislativa, de esa alianza que se asume cabeza de playa en el Congreso de la Uni\u00f3n para allanar y apisonar el camino de la Cuarta Transformaci\u00f3n,&nbsp;<strong>dej\u00f3 abierta la tarea de Fern\u00e1ndez Noro\u00f1a para operar oportunista y asumir que el PT estaba llamado a presidir la mesa directiva cameral<\/strong>.<\/p>\n\n\n\n<p class=\"wp-block-paragraph\">Pero, recuerde usted que en pol\u00edtica no hay coincidencias ni casualidades, de suerte que, en el papel de fan\u00e1tico fundamentalista, Gerardo Fern\u00e1ndez Noro\u00f1a se asumi\u00f3 llamado a ocupar ese cargo se dijo con capacidades suficientes para ser Presidente de la Rep\u00fablica y relevar en 20204 al licenciado Andr\u00e9s Manuel L\u00f3pez Obrador. En serio.<\/p>\n\n\n\n<p class=\"wp-block-paragraph\"><strong>No, no hay comparaci\u00f3n de lo ocurrido &#8211;entre viernes y lunes \u00faltimo&#8211; en la C\u00e1mara de Diputados y el Senado de la Rep\u00fablica, en el proceso de sucesi\u00f3n, en el relevo de Laura Ang\u00e9lica Rojas Hern\u00e1ndez y M\u00f3nica Fern\u00e1ndez Balboa.<\/strong>&nbsp;Por supuesto, no todos los 500 diputados ni los 128 senadores tiene responsabilidad alguna de que personajes ambiciosos de poder desprestigien al Poder Legislativo y lo asuman escenario de sus debilidades y sue\u00f1os de opio.<\/p>\n\n\n\n<p class=\"wp-block-paragraph\">Por supuesto, en cada fracci\u00f3n o grupo parlamentario hay disensos; imposible un pensamiento homog\u00e9neo. Pero siempre el di\u00e1logo es el factor que permite al grupo presentarse s\u00f3lido y dispuesto al acuerdo con los contrincantes, con la oposici\u00f3n.&nbsp;<\/p>\n\n\n\n<p class=\"wp-block-paragraph\">As\u00ed, en el Senado fue elegido el chiapaneco \u00d3scar Eduardo Ram\u00edrez Aguilar, por la necesaria mayor\u00eda calificada que dej\u00f3 atr\u00e1s al considerado grupo del Bronx senatorial que ni siquiera se present\u00f3 a la plenaria de Morena, del domingo \u00faltimo, en sociedad con Mart\u00ed Batres Guadarrama quien descalific\u00f3 a un proceso en el que estuvieron de acuerdo los coordinadores del llamado bloque de contenci\u00f3n, integrado por PRI, PAN, PRD y Movimiento Ciudadano.<\/p>\n\n\n\n<p class=\"wp-block-paragraph\"><strong>\u00bfY en la C\u00e1mara de Diputados? Quien debiera meter orden y llamar a la unidad en torno del proyecto presidencial de la 4T, Mario Delgado, dio pauta para que Gerardo Fern\u00e1ndez Noro\u00f1a insistiera en asumir la presidencia cameral<\/strong>, pese a que incluso el coordinador de la bancada petista, Reginaldo Sandoval, plante\u00f3 otra opci\u00f3n.<\/p>\n\n\n\n<p class=\"wp-block-paragraph\">Proceso desaseado, falto de civilidad pol\u00edtica, pautado en la p\u00e9rdida de respeto por s\u00ed mismo. \u00bfQu\u00e9 es y qu\u00e9 ha sido el pet\u00e9? Hoy tiene mucho de similitud con el Partido Aut\u00e9ntico de la Revoluci\u00f3n Mexicana, creado por el priismo en el poder para contar con una oposici\u00f3n a modo, \u00e9sa que de pronto pareci\u00f3 llamada a disputarle el poder al PRI en el siglo pasado.<\/p>\n\n\n\n<p class=\"wp-block-paragraph\">El PT como el PARM que simulaba contender y oponerse al PRI, pero que lleg\u00f3 a ser utilizado por Cuauht\u00e9moc C\u00e1rdenas e incluso Porfirio Mu\u00f1oz Ledo en calidad de plataforma que los nomin\u00f3 a la Presidencia de la Rep\u00fablica. \u00a1Papelazo! \u00bfY qu\u00e9 fue del PARM y del PPS y del PFCRN y el PSUM y otros tantos sat\u00e9lites que simularon oposici\u00f3n en la segunda mitad del siglo pasado y otros en estos primeros 20 a\u00f1os del nuevo milenio? El olvido, el escarnio y todos los etc\u00e9teras que guste usted.<\/p>\n\n\n\n<p class=\"wp-block-paragraph\">Y mire usted. Igual que hace un a\u00f1o cuando Mario Delgado se asumi\u00f3 eje de la decisiones en la C\u00e1mara de Diputados, al grado de llevar a Laura Rojas a una sesi\u00f3n preparatoria en la que Morena y aliados le negaron la mayor\u00eda calificada, es decir, la dos terceras partes del pleno cameral, para instalarla en lista de espera y llegar al tiempo l\u00edmite legal, 5 de septiembre, en el que le dieron el beneficio de la duda.<\/p>\n\n\n\n<p class=\"wp-block-paragraph\">Hoy, Gerardo Fern\u00e1ndez Noro\u00f1a quien, reitero, aspira a ser Presidente de la Rep\u00fablica, provoc\u00f3 que la priista Dulce Mar\u00eda Sauri Riancho quedara en el mismo sitio de lista de espera. \u00bfSe dignar\u00e1 la mayor\u00eda de Morena a sumar 73 votos para lograr la mayor\u00eda calificada y, el pr\u00f3ximo, s\u00e1bado sea elegida legalmente la nueva mesa directiva?<\/p>\n\n\n\n<p class=\"wp-block-paragraph\">Cuesti\u00f3n de protagonismos, de jugar al pol\u00edtico, al parlamentario cuando en realidad el papel salpicado de ambiciones personales que juegan como mayor\u00eda aliada, es el de un club de iluminados y fundamentalistas que se creen salvadores de M\u00e9xico.<\/p>\n\n\n\n<p class=\"wp-block-paragraph\">\u00bfQui\u00e9n le cree a Fern\u00e1ndez Noro\u00f1a cuando imagina escenarios como el de que L\u00f3pez Obrador sea asesinado por el PRI? S\u00ed, como lee usted; en la conferencia de prensa que lind\u00f3 entre un acto de contrici\u00f3n y amenazas abiertas o premoniciones producto del fundamentalismo, Fern\u00e1ndez Noro\u00f1a dijo que el PRI quiere conducir la Mesa Directiva para quedarse con la Presidencia de la Rep\u00fablica, en caso de que nos metan en una crisis pol\u00edtica del tama\u00f1o del asesinato de Luis Donaldo Colosio y Jos\u00e9 Francisco Ruiz Massieu en 1994.&nbsp;Lea usted:<\/p>\n\n\n\n<p class=\"wp-block-paragraph\"><strong>&nbsp;\u201cA mis compa\u00f1eros de Morena les digo -no les quer\u00eda dar el argumento porque es muy fuerte y se puede tergiversar- lean las atribuciones de la presidencia de la C\u00e1mara. No me hacen caso (\u2026).&nbsp;Les voy a dar una sola. La seguridad del compa\u00f1ero Presidente siempre est\u00e1 en vilo, se juega la vida todos los d\u00edas y eso est\u00e1 a los ojos de todos. Es valiente y dijo \u201cno quiero nada, que el pueblo me cuide\u201d. \u00bfY si le pasara algo?, el PRI, lo digo duro, claro, asesin\u00f3 a su candidato a la presidencia en 1994, a Luis Donaldo Colosio, a su l\u00edder en la c\u00e1mara de Diputados , Ruiz Massieu, el mismo a\u00f1o, son una pandilla de asesinos.&nbsp;<\/strong><\/p>\n\n\n\n<p class=\"wp-block-paragraph\"><strong>\u201c\u00bfQu\u00e9 pasar\u00eda si nos meten en una crisis pol\u00edtica de ese tama\u00f1o? \u00bfQui\u00e9n asume la Presidencia temporalmente? El PRI y no digan \u201ct\u00fa est\u00e1s de ambicioso con eso\u201d. Yo quiero ser Presidente seis a\u00f1os, yo quiero ser candidato en 2024.&nbsp;<\/strong><\/p>\n\n\n\n<p class=\"wp-block-paragraph\"><strong>\u201cNosotros no estamos jugando una ambici\u00f3n vulgar, estamos defendiendo al movimiento, a la 4T, lo hemos demostrado en cada uno de nuestros actos, no tenemos ninguna complicada en lo moral\u201d.<\/strong><\/p>\n\n\n\n<p class=\"wp-block-paragraph\">S\u00ed, ese es el iluminado y fundamentalista Gerardo Fern\u00e1ndez Noro\u00f1a. Sus declaraciones lo evidencian en ese papel, lamentable papel de personajes que exudan rencores y ambiciones de venganzas personales, resentidos miembros de esa oposici\u00f3n que hoy est\u00e1 en el poder. \u00bfEst\u00e1 apuntalada la 4T? Conste.<\/p>\n\n\n\n<p class=\"wp-block-paragraph\"><strong>Perm\u00edtame un comentario al calce.<\/strong><\/p>\n\n\n\n<p class=\"wp-block-paragraph\"><strong>Conclu\u00ed esta entrega y me entero de la partida de mi querido amigo Julio Le\u00f3n Sardaneta, mi compa\u00f1ero en la fuente presidencial cuando don Pepe L\u00f3pez Portillo nos hac\u00eda bromas y sab\u00edamos en qu\u00e9 sitio est\u00e1bamos parados. Julius, el ocho de agosto te felicit\u00e9 por tu cumple, no me respondiste y ahora lo entiendo. An\u00f3tame en la talis de las preguntas en la conferencia de prensa con el creador. Hasta luego\u2026<\/strong><\/p>\n\n\n\n<p class=\"wp-block-paragraph\"><a href=\"mailto:sanchezlimon@gmail.com\" target=\"_blank\" rel=\"noreferrer noopener\">sanchezlimon@gmail.com<\/a><\/p>\n\n\n\n<p class=\"wp-block-paragraph\"><a href=\"http:\/\/www.entresemana.mx\/\" target=\"_blank\" rel=\"noreferrer noopener\">www.entresemana.mx<\/a><\/p>\n\n\n\n<p class=\"wp-block-paragraph\"><strong>@msanchezlimon<\/strong><\/p>\n","protected":false},"excerpt":{"rendered":"<p>En la historia del quehacer pol\u00edtico no faltan los fan\u00e1ticos ni los partidos sat\u00e9lite dispuestos a perder el honor.<\/p>\n","protected":false},"author":3,"featured_media":15805,"comment_status":"open","ping_status":"open","sticky":false,"template":"","format":"standard","meta":{"_monsterinsights_skip_tracking":false,"footnotes":""},"categories":[691,105,83,35],"tags":[],"class_list":["post-24866","post","type-post","status-publish","format-standard","has-post-thumbnail","category-691","category-entresemana","category-moises-sanchez-limon","category-opinion"],"_links":{"self":[{"href":"https:\/\/redsemlac.com\/semmexico\/wp-json\/wp\/v2\/posts\/24866","targetHints":{"allow":["GET"]}}],"collection":[{"href":"https:\/\/redsemlac.com\/semmexico\/wp-json\/wp\/v2\/posts"}],"about":[{"href":"https:\/\/redsemlac.com\/semmexico\/wp-json\/wp\/v2\/types\/post"}],"author":[{"embeddable":true,"href":"https:\/\/redsemlac.com\/semmexico\/wp-json\/wp\/v2\/users\/3"}],"replies":[{"embeddable":true,"href":"https:\/\/redsemlac.com\/semmexico\/wp-json\/wp\/v2\/comments?post=24866"}],"version-history":[{"count":0,"href":"https:\/\/redsemlac.com\/semmexico\/wp-json\/wp\/v2\/posts\/24866\/revisions"}],"wp:featuredmedia":[{"embeddable":true,"href":"https:\/\/redsemlac.com\/semmexico\/wp-json\/wp\/v2\/media\/15805"}],"wp:attachment":[{"href":"https:\/\/redsemlac.com\/semmexico\/wp-json\/wp\/v2\/media?parent=24866"}],"wp:term":[{"taxonomy":"category","embeddable":true,"href":"https:\/\/redsemlac.com\/semmexico\/wp-json\/wp\/v2\/categories?post=24866"},{"taxonomy":"post_tag","embeddable":true,"href":"https:\/\/redsemlac.com\/semmexico\/wp-json\/wp\/v2\/tags?post=24866"}],"curies":[{"name":"wp","href":"https:\/\/api.w.org\/{rel}","templated":true}]}}