{"id":24837,"date":"2020-08-31T21:47:53","date_gmt":"2020-08-31T21:47:53","guid":{"rendered":"https:\/\/redsemlac.com\/semmexico\/?p=24837"},"modified":"2023-07-21T16:29:33","modified_gmt":"2023-07-21T21:29:33","slug":"anuncia-sanchez-cordero-otra-estrategia-mas-contra-la-violencia-machista","status":"publish","type":"post","link":"https:\/\/redsemlac.com\/semmexico\/anuncia-sanchez-cordero-otra-estrategia-mas-contra-la-violencia-machista\/","title":{"rendered":"Anuncia S\u00e1nchez Cordero otra estrategia m\u00e1s contra la violencia machista"},"content":{"rendered":"\n<ul class=\"wp-block-list\"><li><strong> En 511 d\u00edas desde el primer anuncio siguen buscando la \u201cf\u00f3rmula\u201d<\/strong><\/li><\/ul>\n\n\n\n<ul class=\"wp-block-list\"><li><strong>Se oficializa: cada 8 horas una denuncia y 2 mil 173 asesinadas de enero a julio<\/strong><\/li><\/ul>\n\n\n\n<p class=\"wp-block-paragraph\"><strong>Argelia Guevara<\/strong><\/p>\n\n\n\n<p class=\"wp-block-paragraph\">SemM\u00e9xico, Cd. de M\u00e9xico, 31 de agosto, 2020.- En los \u00faltimos 511 d\u00edas la Secretar\u00eda de Gobernaci\u00f3n est\u00e1 dise\u00f1ando estrategias y futuros programas para \u201cproteger\u201d a las mujeres, adolescentes y ni\u00f1as de la violencia machista, reconoci\u00f3 la Secretaria de Gobernaci\u00f3n, Olga S\u00e1nchez Cordero.<\/p>\n\n\n\n<p class=\"wp-block-paragraph\">Lo hizo en la Segunda Asamblea Plenaria de la Conferencia Nacional de Seguridad P\u00fablica, ayer domingo, ante quienes present\u00f3 una estrategia integral, donde los activos deben ser los municipios. Eso para asegurar la eficacia de la \u201cprotecci\u00f3n\u201d del Estado a mujeres en situaci\u00f3n de violencia. Les recomend\u00f3 que \u201cse debe\u201d des normalizar esa violencia.<\/p>\n\n\n\n<p class=\"wp-block-paragraph\">Desde el 8 de marzo de 2019 a la fecha, la Secretaria de Gobernaci\u00f3n ha anunciado, hasta por seis ocasiones diversas iniciativas y planes, incluso de emergencia, para impulsar acciones que frenen la violencia contra las mujeres, pero hasta la fecha solamente ha lanzado dos campa\u00f1as publicitarias, recomendaciones para los estados y m\u00faltiples reuniones donde se reconoce el tama\u00f1o del ominoso fen\u00f3meno.<\/p>\n\n\n\n<p class=\"wp-block-paragraph\">Hasta ahora, de enero a julio han asesinado a dos mil 173 mujeres y ha habido 105 mil llamadas de auxilio al 9-1-1 y se ha podido establecer que cada ocho horas se conoce de lesiones dolosas contra las mujeres, tres cada d\u00eda, seg\u00fan dijo Nadine Gassman Silvera, presidenta del Instituto Nacional de las Mujeres (Inmujeres), quien calific\u00f3 la situaci\u00f3n como cr\u00edtica.<\/p>\n\n\n\n<p class=\"wp-block-paragraph\">Ninguna hizo referencia a algunas acciones concretas. Esas estrategias probables se fundan en la convicci\u00f3n de que se trata de tareas que esenciales, que deben desarrollar los municipios, aunque, \u201ces muy importante la estrategia nacional de seguridad,\u201d recalc\u00f3 \u201clo es m\u00e1s la municipal\u201d, dej\u00f3 en claro S\u00e1nchez Cordero.<\/p>\n\n\n\n<p class=\"wp-block-paragraph\">La titular de gobernaci\u00f3n, como es costumbre reiter\u00f3: \u201cMe sumo al dolor y a la indignaci\u00f3n que sienten -quienes sufren violencia machista- y a nombre del Estado mexicano les reitero que, en esta administraci\u00f3n del Presidente Andr\u00e9s Manuel L\u00f3pez Obrador, trabajaremos \u2013 en futuro- de forma incansable para revertir la desatenci\u00f3n sistem\u00e1tica que han enfrentado\u201d.&nbsp;<\/p>\n\n\n\n<p class=\"wp-block-paragraph\">En su turno la alcaldesa de Escobedo, Clara Luz Flores Carrales, explic\u00f3 la estrategia llevada a cabo \u201cinicialmente\u201d en su municipio. Dijo tener buenos resultados, con un trabajo de especializaci\u00f3n de la polic\u00eda y capacitaci\u00f3n para atender problemas de violencia familiar, esto en conjunto con la asociaci\u00f3n civil \u201cAlternativas Pac\u00edficas A.C.\u201d.<\/p>\n\n\n\n<p class=\"wp-block-paragraph\">Se cre\u00f3 una Unidad de Atenci\u00f3n Multiagencial Para Mujeres, denominada \u201cPuerta Violeta\u201d, con servicios de prevenci\u00f3n, interdisciplinario, interinstitucional, coordinada. Se trabaja tambi\u00e9n con las hijas e hijos de las v\u00edctimas. Atenci\u00f3n especial reciben los agresores.<\/p>\n\n\n\n<p class=\"wp-block-paragraph\">Con el trabajo que deben hacer los municipios, la estrategia pensada es dar una respuesta inmediata, cercana, eficaz y satisfactoria y contar con resultados medibles a corto plazo. Eso lograr\u00e1 el acceso real a la protecci\u00f3n del Estado, la clave est\u00e1 en la generaci\u00f3n de capacidades en los gobiernos locales para brindar esa atenci\u00f3n adecuada.<\/p>\n\n\n\n<p class=\"wp-block-paragraph\">Inform\u00f3 &nbsp;que participan en esta estrategia, la Secretar\u00eda de Gobernaci\u00f3n, con sus instancias como la Comisi\u00f3n Nacional para Prevenir y Erradicar la Violencia Contra las Mujeres (Conavim), Sistema Nacional de Protecci\u00f3n Integral de Ni\u00f1as, Ni\u00f1os y Adolescentes (Sipina), Consejo Nacional para Prevenir la Discriminaci\u00f3n (Conapred), Instituto Nacional para el Federalismo y el Desarrollo Municipal (INAFED) y la Unidad de Apoyo al Sistema de Justicia, as\u00ed como la Oficina de la Presidencia, Inmujeres y las Secretar\u00edas de Salud, de Seguridad y Protecci\u00f3n Ciudadana, el Instituto Nacional de Desarrollo Social, entre otras.<\/p>\n\n\n\n<p class=\"wp-block-paragraph\">Estuvieron presentes el Jefe de la Oficina de la Presidencia, Alfonso Romo Garza; el titular del Secretariado Ejecutivo del Sistema Nacional de Seguridad P\u00fablica, Leonel Cota Monta\u00f1o, y el General de Brigada Diplomado de Estado Mayor, Xicot\u00e9ncatl de Azolohua N\u00fa\u00f1ez M\u00e1rquez, integrante de la Coordinaci\u00f3n Operativa Institucional de la Guardia Nacional; as\u00ed como el Subsecretario de Prevenci\u00f3n y Promoci\u00f3n de la Salud, Hugo L\u00f3pez-Gatell Ram\u00edrez, y la Directora Adjunta del INAFED, Alicia Leal, adem\u00e1s de presidentas y presidentes municipales, entre otros.<\/p>\n\n\n\n<p class=\"wp-block-paragraph\">SEM\/ag\/sj<\/p>\n","protected":false},"excerpt":{"rendered":"<p>Se oficializa: cada 8 horas una denuncia y 2 mil 173 asesinadas de enero a julio<\/p>\n","protected":false},"author":3,"featured_media":24838,"comment_status":"open","ping_status":"open","sticky":false,"template":"","format":"standard","meta":{"_monsterinsights_skip_tracking":false,"footnotes":""},"categories":[691,51],"tags":[],"class_list":["post-24837","post","type-post","status-publish","format-standard","has-post-thumbnail","category-691","category-ejecutivo"],"_links":{"self":[{"href":"https:\/\/redsemlac.com\/semmexico\/wp-json\/wp\/v2\/posts\/24837","targetHints":{"allow":["GET"]}}],"collection":[{"href":"https:\/\/redsemlac.com\/semmexico\/wp-json\/wp\/v2\/posts"}],"about":[{"href":"https:\/\/redsemlac.com\/semmexico\/wp-json\/wp\/v2\/types\/post"}],"author":[{"embeddable":true,"href":"https:\/\/redsemlac.com\/semmexico\/wp-json\/wp\/v2\/users\/3"}],"replies":[{"embeddable":true,"href":"https:\/\/redsemlac.com\/semmexico\/wp-json\/wp\/v2\/comments?post=24837"}],"version-history":[{"count":0,"href":"https:\/\/redsemlac.com\/semmexico\/wp-json\/wp\/v2\/posts\/24837\/revisions"}],"wp:featuredmedia":[{"embeddable":true,"href":"https:\/\/redsemlac.com\/semmexico\/wp-json\/wp\/v2\/media\/24838"}],"wp:attachment":[{"href":"https:\/\/redsemlac.com\/semmexico\/wp-json\/wp\/v2\/media?parent=24837"}],"wp:term":[{"taxonomy":"category","embeddable":true,"href":"https:\/\/redsemlac.com\/semmexico\/wp-json\/wp\/v2\/categories?post=24837"},{"taxonomy":"post_tag","embeddable":true,"href":"https:\/\/redsemlac.com\/semmexico\/wp-json\/wp\/v2\/tags?post=24837"}],"curies":[{"name":"wp","href":"https:\/\/api.w.org\/{rel}","templated":true}]}}