{"id":2478,"date":"2018-07-25T16:33:49","date_gmt":"2018-07-25T16:33:49","guid":{"rendered":"https:\/\/redsemlac.com\/semmexico\/?p=2478"},"modified":"2023-07-21T14:32:49","modified_gmt":"2023-07-21T19:32:49","slug":"un-voto-para-martha-erika-es-un-voto-para-moreno-valle-no-reeleccion","status":"publish","type":"post","link":"https:\/\/redsemlac.com\/semmexico\/un-voto-para-martha-erika-es-un-voto-para-moreno-valle-no-reeleccion\/","title":{"rendered":"\u201cUn voto para Martha \u00c9rika es un voto para Moreno Valle. No reelecci\u00f3n\u201d"},"content":{"rendered":"\n<p class=\"wp-block-paragraph\"><a href=\"https:\/\/www.semmexico.com\/gallery-post.php?id=5149#\">Kara Castillo<\/a><\/p>\n\n\n\n<p class=\"wp-block-paragraph\">SemM\u00e9xico. Puebla. 25 de junio de 2018.- Mientras que en el estadio Zaragoza, la candidata de la coalici\u00f3n por Puebla al Frente Martha Erika Alonso Hidalgo, esposa del ex mandatario Rafael Moreno Valle llevaba a cabo un cierre multitudinario de su campa\u00f1a para contender por la gubernatura del estado, en las calles medio millar de poblanos llamaban al electores a votar por la \u201cno reelecci\u00f3n\u201d y evitar la continuidad del grupo morenovallista en el poder.<\/p>\n\n\n\n<p class=\"wp-block-paragraph\">&nbsp;\u201cUn voto para Martha \u00c9rika es un voto para Moreno Valle. No reelecci\u00f3n\u201d, fue la consigna con la que marcharon estudiantes, defensores de la tierra y del medio ambiente, del patrimonio cultural, l\u00edderes de movimientos sociales, campesinos, l\u00edderes de organizaciones ind\u00edgenas, mototaxistas, acad\u00e9micos, presidentes de juntas auxiliares, defensores al derecho agua, maestros, ex bur\u00f3cratas, ex presos pol\u00edticos, adem\u00e1s de ciudadanos afectados directos de las pol\u00edticas implementadas en el sexenio anterior, recordando los abusos que dej\u00f3 a paso el gobierno anterior.<\/p>\n\n\n\n<p class=\"wp-block-paragraph\">A la movilizaci\u00f3n convocada por el Movimiento Antirreleccionista Poblano (MAP) que aglutina colectivos y organizaciones advirtieron que el triunfo de la ex presidenta del DIF y del Partido de Acci\u00f3n Nacional, significar\u00eda perpetuar la \u201cmonarqu\u00eda\u201d y se cumplir\u00edan 14 a\u00f1os del mismo grupo pol\u00edtico en el poder.<\/p>\n\n\n\n<p class=\"wp-block-paragraph\">\u201cFuera Moreno Valle, fuera Moreno Valle\u201d, \u201cMartha Erika, entiende, Puebla no te quiere\u201d, fue la consigna m\u00e1s gritada en la marcha que parti\u00f3 desde el Paseo Bravo hasta el primer cuadro de la ciudad.<\/p>\n\n\n\n<p class=\"wp-block-paragraph\">\u201cLa elecci\u00f3n de Martha \u00c9rika, despu\u00e9s de seis a\u00f1os del sexenio de Moreno Valle y casi dos de Antonio Gali Fayad, representar\u00eda la continuidad del mismo grupo pol\u00edtico que habr\u00eda alcanzado m\u00e1s de una d\u00e9cada en el poder\u201d, dijo Manuel Carmona, vocero del MAP.<\/p>\n\n\n\n<p class=\"wp-block-paragraph\">L\u00edderes de organizaciones y activistas denunciaron a su paso que durante los \u00faltimos ocho a\u00f1os, Puebla se ha caracterizado por la sistem\u00e1tica violaci\u00f3n a los derechos humanos, con m\u00e1s de 300 presos pol\u00edticos, defensores y manifestantes que pasaron el sexenio en c\u00e1rceles poblanas.<\/p>\n\n\n\n<p class=\"wp-block-paragraph\">El ex secretario del Medio Ambiente, Francisco Castillo Montemayor, quien fue encarcelado en 2016 y luego exonerado en febrero del 2018 de la acusaci\u00f3n de peculado por no haber pruebas suficientes de la acusaci\u00f3n de parte del gobierno del estado que encabezaba Rafael Moreno Valle, march\u00f3 en el primer contingente.<\/p>\n\n\n\n<p class=\"wp-block-paragraph\">Castillo Montemayor, uno de los cr\u00edticos del exgobernador y reconocido &#8212;y descrito por organizaciones y fuerzas pol\u00edticas&#8212; como la prueba irrefutable de \u201cla venganza pol\u00edtica de Moreno Valle\u00bb explic\u00f3 que la represi\u00f3n que se vivi\u00f3 en Puebla fue para el contrario, el disidente, el que se manifest\u00f3 en las calles o era considerado peligroso a los intereses morenovallistas. \u201cTodo ciudadano que no era morenovallista se convirti\u00f3 en un \u201cenemigo\u201d al cual hab\u00eda que castigar y dar un escarmiento\u201d, acus\u00f3.<\/p>\n\n\n\n<p class=\"wp-block-paragraph\">Pobladores de Juan C Bonilla, marcharon encabezando un contingente que exig\u00eda justicia para 14 defensores comunitarios que en el mandato de Antonio Gali Fayad han sido encarcelados, siguiendo el mismo esquema de su antecesor.<\/p>\n\n\n\n<p class=\"wp-block-paragraph\">\u201cLa represi\u00f3n de esta administraci\u00f3n&nbsp; ha sido igual a la de Moreno Valle, se ha visto que Gali ha sido el gato que advertimos, nada ha cambiado, al contrario. No queremos imaginarnos qu\u00e9 ser\u00e1 de Puebla si gana la esposa, esa mujer representa la continuidad de la monarqu\u00eda que instaur\u00f3 Moreno Valle\u201d, dijo un poblador.<\/p>\n\n\n\n<p class=\"wp-block-paragraph\">A la marcha tambi\u00e9n asistieron grupos y amigos que recordaron el asesinato de Ricardo Cadena, joven que fue asesinado por el entonces subdirector de Seguridad P\u00fablica de San Pedro Cholula, Jaid Mothe Hern\u00e1ndez, el 3 de mayo de 2015. Para colectivos de derechos humanos, ese fue el saldo humano de \u201cla Ley Antigraffiti\u201d, promovida durante el moranovallismo que&nbsp; entr\u00f3 en vigor el 11 de marzo de 2015.<\/p>\n\n\n\n<p class=\"wp-block-paragraph\">En el templete que se improvis\u00f3 en el Z\u00f3calo de esta ciudad se reclamaron todas los mandatos que han trastocado la vida de los poblanos como la \u201cLey de Expropiaci\u00f3n\u201d medida expr\u00e9s que permite al gobierno estatal incautar bienes inmuebles o predios bajo el argumento de la \u201cinmediatez y urgencia\u201d, sin que la autoridad notifique previamente por escrito a los afectados de tal acci\u00f3n.<\/p>\n\n\n\n<p class=\"wp-block-paragraph\">Pobladores de la Junta Auxiliar de la Resurrecci\u00f3n, al respecto denunciaron que viven con la amenaza de ser despojados de m\u00e1s de 170 hect\u00e1reas de terrenos cultivables que han pertenecido a familias ind\u00edgenas desde hace m\u00e1s de 100 a\u00f1os. \u201cYa no podemos m\u00e1s, no se puede vivir en medio del miedo tan atroz, nosotros esperamos que gane alguien que no est\u00e9 vinculado con ese dictador\u201d, confes\u00f3 Amalia.<\/p>\n\n\n\n<p class=\"wp-block-paragraph\">La \u201cLey Org\u00e1nica Municipal\u201d, promovida por Rafael Moreno Valle, expedida en diciembre de 2013, que retira la facultad a las Juntas Auxiliares sobre el manejo de los Registros Civiles, pasando el control a los municipios, adem\u00e1s de la \u201cLey Bala\u201d.<\/p>\n\n\n\n<p class=\"wp-block-paragraph\">&nbsp;\u201cMartha Erika no representa a las mujeres, Martha Erika representa un modelo de asesinato, de corrupci\u00f3n, seguir\u00e1 el mismo modelo que el gobernador Moreno Valle, lo mismo:&nbsp; Ley Bala, la privatizaci\u00f3n del agua, la ley antigraffitti, son miembros de un modelo que se llama morenovallismo\u201d<\/p>\n\n\n\n<p class=\"wp-block-paragraph\">\u201cEstamos en contra no de las mujeres, sino de las abusivas, de las corruptas, de las que usan las causas para su propio beneficio\u201d, agreg\u00f3, \u201cella puede decir que no sab\u00eda lo que estaba ocurriendo, puede quitarse el apellido de Moreno Valle, pero sabemos que no tuvo empacho de usar recursos p\u00fablicos para financiar su campa\u00f1a\u201d, dijo la ambientalista Ninel Castillo, quien critic\u00f3 el \u201cdiscurso funcional de g\u00e9nero\u201d que Martha \u00c9rika us\u00f3 para promoverse en su campa\u00f1a.<\/p>\n\n\n\n<p class=\"wp-block-paragraph\">El reclamo mayor, sin embargo fue la Concesi\u00f3n de Agua. El gobierno morenovallista otorg\u00f3 a Concesiones Integrales S.A. de C.V., el permiso para administrar m\u00e1s de 25 Sistemas Operadores de Agua Potable y Alcantarillado, por un per\u00edodo de 30 a\u00f1os.<\/p>\n\n\n\n<p class=\"wp-block-paragraph\">Abelardo Cu\u00e9llar, integrante de la Asamblea Social del Agua (ASA), en su turno al micr\u00f3fono record\u00f3 las imposiciones \u201ccon sangre y represi\u00f3n\u201d de las leyes morenovallistas que despojaron a poblanos de su patrimonio y de la privatizaci\u00f3n de todo recurso en el estado. \u201c\u00c9l hizo de Puebla un ensayo de las pol\u00edticas neoliberales.<\/p>\n\n\n\n<p class=\"wp-block-paragraph\">Cuellar, el abogado laboral con m\u00e1s prestigio en la entidad denunci\u00f3 que durante el sexenio de Moreno Valle fueron despedidos alrededor de 15 mil trabajadores de base y de confianza del gobierno estatal, violando sus derechos laborales.<\/p>\n\n\n\n<p class=\"wp-block-paragraph\">Espiridi\u00f3n Guillermo uno de los m\u00e1s de mil elementos de Seguridad Estatal despedidos a comienzos del sexenio morenovallista, acus\u00f3 que los primeros que sufrieron los recortes laborales fueron las personas&nbsp;&nbsp; que estaban pr\u00f3ximos a la jubilaci\u00f3n, a la fecha, a \u00e9l como a otros miles, no ha sido cubierta su indemnizaci\u00f3n.<\/p>\n\n\n\n<p class=\"wp-block-paragraph\"><strong>\u201cSer\u00e9 la primera gobernadora de Puebla\u201d<\/strong><\/p>\n\n\n\n<p class=\"wp-block-paragraph\">&nbsp;\u201cSer\u00e9 gobernadora de Puebla porque estoy convencida que podemos escribir una nueva historia, con un gobierno m\u00e1s humano y sensible a las necesidades de cada uno de ustedes. Una historia donde los protagonistas sean los ciudadanos\u201d, dijo Martha Erika en el estadio Zaragoza ante nos 30 mil asistentes que le acompa\u00f1aron al cierre de campa\u00f1a.<\/p>\n\n\n\n<p class=\"wp-block-paragraph\">En el evento de la candidata de la coalici\u00f3n Por Puebla al Frente no asistieron ni el candidato presidencial, Ricardo Anaya Cort\u00e9s, ni de ninguno de los l\u00edderes nacionales de su partido.<br><\/p>\n","protected":false},"excerpt":{"rendered":"<p>Kara Castillo SemM\u00e9xico. Puebla. 25 de junio de 2018.- Mientras que en el estadio Zaragoza, la candidata de la coalici\u00f3n por Puebla al Frente Martha Erika Alonso Hidalgo, esposa del ex mandatario Rafael Moreno Valle llevaba a cabo un cierre multitudinario de su campa\u00f1a para contender por la gubernatura del estado, en las calles medio [&hellip;]<\/p>\n","protected":false},"author":3,"featured_media":2479,"comment_status":"open","ping_status":"open","sticky":false,"template":"","format":"standard","meta":{"_monsterinsights_skip_tracking":false,"footnotes":""},"categories":[689,33],"tags":[],"class_list":["post-2478","post","type-post","status-publish","format-standard","has-post-thumbnail","category-689","category-elecciones-2018"],"_links":{"self":[{"href":"https:\/\/redsemlac.com\/semmexico\/wp-json\/wp\/v2\/posts\/2478","targetHints":{"allow":["GET"]}}],"collection":[{"href":"https:\/\/redsemlac.com\/semmexico\/wp-json\/wp\/v2\/posts"}],"about":[{"href":"https:\/\/redsemlac.com\/semmexico\/wp-json\/wp\/v2\/types\/post"}],"author":[{"embeddable":true,"href":"https:\/\/redsemlac.com\/semmexico\/wp-json\/wp\/v2\/users\/3"}],"replies":[{"embeddable":true,"href":"https:\/\/redsemlac.com\/semmexico\/wp-json\/wp\/v2\/comments?post=2478"}],"version-history":[{"count":0,"href":"https:\/\/redsemlac.com\/semmexico\/wp-json\/wp\/v2\/posts\/2478\/revisions"}],"wp:featuredmedia":[{"embeddable":true,"href":"https:\/\/redsemlac.com\/semmexico\/wp-json\/wp\/v2\/media\/2479"}],"wp:attachment":[{"href":"https:\/\/redsemlac.com\/semmexico\/wp-json\/wp\/v2\/media?parent=2478"}],"wp:term":[{"taxonomy":"category","embeddable":true,"href":"https:\/\/redsemlac.com\/semmexico\/wp-json\/wp\/v2\/categories?post=2478"},{"taxonomy":"post_tag","embeddable":true,"href":"https:\/\/redsemlac.com\/semmexico\/wp-json\/wp\/v2\/tags?post=2478"}],"curies":[{"name":"wp","href":"https:\/\/api.w.org\/{rel}","templated":true}]}}