{"id":2475,"date":"2018-07-25T16:30:24","date_gmt":"2018-07-25T16:30:24","guid":{"rendered":"https:\/\/redsemlac.com\/semmexico\/?p=2475"},"modified":"2023-07-21T14:32:49","modified_gmt":"2023-07-21T19:32:49","slug":"la-representacion-de-morena-en-oaxaca-aun-no-conoce-del-caso","status":"publish","type":"post","link":"https:\/\/redsemlac.com\/semmexico\/la-representacion-de-morena-en-oaxaca-aun-no-conoce-del-caso\/","title":{"rendered":"La representaci\u00f3n de Morena en Oaxaca a\u00fan no conoce del caso"},"content":{"rendered":"\n<p class=\"wp-block-paragraph\"><a href=\"https:\/\/www.semmexico.com\/gallery-post.php?id=5150#\">Nadia Altamirano<\/a><\/p>\n\n\n\n<p class=\"wp-block-paragraph\">SemM\u00e9xico. Oaxaca. 25 de junio de 2018.- En medio del conflicto social que el municipio huave de San Dionisio del Mar vive por la oposici\u00f3n a las e\u00f3licas, el proceso electoral del 1 de julio pr\u00f3ximo vuelve a mostrar complicaciones. Una de las cinco candidatas a la presidencia municipal de San Dionisio del Mar, Magali Mart\u00ednez G\u00f3mez, denunci\u00f3 mediante una carta abierta que ha sido intimidada y agredida, pero el partido que la postul\u00f3 a\u00fan no conoce del caso y a quien responsabiliza de esa violencia niega las acusaciones.<\/p>\n\n\n\n<p class=\"wp-block-paragraph\">En una carta abierta fechada el pasado viernes, Magali Mart\u00ednez asegur\u00f3 que a las 19:00 horas del 1 de junio pasado fue \u201cagredida de manera directa\u201d en la comunidad de Huam\u00fachil, donde simpatizantes del Partido Revolucionario Institucional (PRI) eran \u201ccomandados\u201d por el poblador Juan Celaya L\u00f3pez, \u201cquien incitaba un ret\u00e9n con personas agresivas, cubiertas del rostro con pasamonta\u00f1as\u201d.<\/p>\n\n\n\n<p class=\"wp-block-paragraph\">Ese d\u00eda con jaloneos fue bajada del veh\u00edculo en que se transportaba, \u201cfui golpeada en tobillo y fui arrastrada\u201d, adem\u00e1s de amenazada de que le ir\u00eda peor si denunciaba.<\/p>\n\n\n\n<p class=\"wp-block-paragraph\">De las agresiones responsabiliza a simpatizantes del PRI, as\u00ed como a la candidata y actual presidenta municipal Teresita de Jes\u00fas Luis Ojeda, quien asegura a partir del 12 de junio ha enviado a \u201cpersonas de confianza\u201d a intimidarla, seguirla y amenazarla \u201cpara que deje de hacer campa\u00f1a en Huam\u00fachil.<\/p>\n\n\n\n<p class=\"wp-block-paragraph\">Identific\u00f3 a Gustavo V\u00e1squez Pineda, actual tesorero municipal, como una de las personas que la ha seguido, al igual que se\u00f1al\u00f3 a elementos de la polic\u00eda municipal como quienes la han seguido e intimidado durante los recorridos que realiza.<\/p>\n\n\n\n<p class=\"wp-block-paragraph\">En la carta pidi\u00f3 que \u201cante este \u201cclima de intimidaciones y agresiones f\u00edsicas que he sufrido al ejercer mi derecho de participar en la contienda electoral\u201d, responsabiliza a Teresita de Jes\u00fas de cualquier da\u00f1o a su integridad, pide cese a las agresiones en su contra y \u201clibertad para caminar como mujer y candidata por las calles de mi comunidad\u201d.<\/p>\n\n\n\n<p class=\"wp-block-paragraph\"><strong>Niega presidenta de San Dionisio agresiones a candidata<\/strong><\/p>\n\n\n\n<p class=\"wp-block-paragraph\">Entrevistada v\u00eda telef\u00f3nica, la presidenta municipal de San Dionisio del Mar que busca reelegirse en este proceso electoral, Teresita de Jes\u00fas Luis Ojeda, rechaz\u00f3 las acusaciones de&nbsp;Magali Mart\u00ednez G\u00f3mez.<\/p>\n\n\n\n<p class=\"wp-block-paragraph\">\u201cYo quisiera que lo denunciara ante el Ministerio P\u00fablico y si tiene pruebas que las presente\u201d, dijo en entrevista v\u00eda telef\u00f3nica una mujer que desde hace dos a\u00f1os encabez\u00f3 una planilla de unidad por un acuerdo entre todos los partidos que contendieron sin llegar a las urnas.<\/p>\n\n\n\n<p class=\"wp-block-paragraph\">\u201cNo sab\u00eda de la carta, no estaba enterada\u201d, dijo sobre las acusaciones de intimidaci\u00f3n, las cuales \u201cson falsas\u201d y por el contrario, ha sido ella quien ha \u201cvivido muchas dificultades aqu\u00ed\u201d, en medio del machismo y un conflicto en contra de los proyectos e\u00f3lico que mantiene tomado el palacio municipal.<\/p>\n\n\n\n<p class=\"wp-block-paragraph\">E insiste: \u201cTodas las mujeres tenemos la capacidad de cumplir con nuestros proyectos, no soy de las personas de las que se atraviesan para impedir que otras avancen\u201d.<\/p>\n\n\n\n<p class=\"wp-block-paragraph\">El tema pol\u00edtico, opin\u00f3, \u201cno nos debe llevar a la confrontaci\u00f3n, no soy una persona violenta, la gente de mi comunidad me conoce y a pesar de lo que se dice en la carta, me respalda\u201d.<\/p>\n\n\n\n<p class=\"wp-block-paragraph\">Dijo estar enterada de que la candidata Magali Mart\u00ednez ha hecho \u201creuniones, tal vez en algunas colonias\u201d, pero descart\u00f3 que se haya presentado en un evento p\u00fablico como candidata porque ella, al igual que las otras tres candidatas y el otro candidato que participan lo son \u201cs\u00f3lo en el papel\u201d.<\/p>\n\n\n\n<p class=\"wp-block-paragraph\">En medio del conflicto social que permanece en San Dionisio del Mar por integrantes de la Asamblea del Pueblo que desde el 2011 se oponen a la instalaci\u00f3n de un parque e\u00f3lico y tienen a\u00fan en su poder el palacio municipal, consider\u00f3 que quienes compiten por la presidencia esperan que haya un acuerdo similar al de hace dos a\u00f1os que sin acudir a las urnas la eligieron como presidenta municipal.<\/p>\n\n\n\n<p class=\"wp-block-paragraph\">\u201cMagali no hizo apertura de campa\u00f1a, son candidatos de papel porque no se han dado a conocer en la comunidad, han hecho algunas reuniones, pero s\u00f3lo est\u00e1n esperando que se haga una negociaci\u00f3n y tener una parte en el ayuntamiento que se espera pactar, ya que hay probabilidades de que no haya elecci\u00f3n municipal\u201d, advirti\u00f3.<\/p>\n\n\n\n<p class=\"wp-block-paragraph\">Teresita de Jes\u00fas asegur\u00f3 que ha sido a ella a quien integrantes de la Asamblea del Pueblo la fueron \u201ca apedrear\u201d al inicio de su campa\u00f1a, adem\u00e1s de que la han amenazado de muerte en un ambiente de participaci\u00f3n pol\u00edtica complicado \u201cpor la cultura machista\u201d.<\/p>\n\n\n\n<p class=\"wp-block-paragraph\">Las nuevas disposiciones en materia electoral permiten que una presidenta municipal en funciones pueda buscar la reelecci\u00f3n sin separarse de su cargo. En su caso el cabildo le autoriz\u00f3 una reducci\u00f3n de horario de trabajo de lunes a viernes de 9:00 a 14:00 horas.<\/p>\n\n\n\n<p class=\"wp-block-paragraph\">Adem\u00e1s de Teresita de Jes\u00fas y de Magali Mart\u00ednez, se inscribieron para competir por la presidencia municipal Rosa In\u00e9s Estudillo Ram\u00edrez del Partido de Mujeres Revolucionarias; Sonia Luis Gallegos por la coalici\u00f3n M\u00e9xico al Frente (PAN, PRD y MC); Edith Pineda Sierra del Partido Socialdem\u00f3crata (PSD) y Jorge Sierra Ramos de Unidad Popular (PUP).<\/p>\n\n\n\n<p class=\"wp-block-paragraph\">Existe la posibilidad de que al igual que en la contienda electoral de hace dos a\u00f1os acuerden integrar una planilla \u00fanica.<\/p>\n\n\n\n<p class=\"wp-block-paragraph\">El consejo local del Instituto Nacional Electoral (INE) ha reconocido a los medios de comunicaci\u00f3n las dificultades para terminar de integrar las mesas de funcionarios de casillas para la instalaci\u00f3n de tres secciones, dos en la cabecera municipal con cinco casillas y una en la comunidad de Huam\u00fachil con dos casillas.<\/p>\n\n\n\n<p class=\"wp-block-paragraph\"><strong>Morena no conoce de agresiones a candidata<\/strong><\/p>\n\n\n\n<p class=\"wp-block-paragraph\">De las 62 mujeres que Morena registr\u00f3 para participar contender por una presidencia municipal a trav\u00e9s de la coalici\u00f3n Juntos Haremos Historia con los partidos del Trabajo (PT) y Encuentro Social (PES), dos han dado a conocer que han enfrentado violencia pol\u00edtica, pero s\u00f3lo una, Nancy Ben\u00edtez, ha presentado denuncia formal.<\/p>\n\n\n\n<p class=\"wp-block-paragraph\">En ese n\u00famero no se contempla a la candidata por el municipio de San Dionisio del Mar, ya que la dirigente de Morena en Oaxaca, Nancy Cruz Ortiz, indic\u00f3 que tienen conocimiento de las agresiones e intimidaciones que denunci\u00f3 por escrito.<\/p>\n\n\n\n<p class=\"wp-block-paragraph\">\u201cOficialmente la carta de la candidata no ha llegado al partido\u201d, asegur\u00f3 en entrevista Cruz Ortiz, quien record\u00f3 que la \u00fanica que ha denunciado formalmente las agresiones es Nancy Ben\u00edtez, candidata a la presidencia municipal de Santa Cruz Xoxocotl\u00e1n a cuyo domicilio un grupo de cuatro personas ingres\u00f3 la tarde del pasado jueves, con machetes, haciendo disparos e hiriendo a dos hombres.<\/p>\n\n\n\n<p class=\"wp-block-paragraph\">La dirigente de Morena en Oaxaca record\u00f3 que antes de este incidente que ya investiga la Fiscal\u00eda General de Oaxaca, Nancy Ben\u00edtez se enfrent\u00f3 a otro acto violento cuando ingresaron a su oficina y se llevaron una computadora con informaci\u00f3n de la militancia.<\/p>\n\n\n\n<p class=\"wp-block-paragraph\">A inicios de semana Juanita Cruz Cruz, candidata a presidenta municipal por Huajuapan, dio a conocer que los vidrios de su camioneta fueron da\u00f1ados y aunque no ha trascendido por la precauci\u00f3n con que lo han manejado, la candidata a diputada federal por el distrito de Juchit\u00e1n, Gloria S\u00e1nchez, ha recibido amenazas telef\u00f3nicas.<\/p>\n\n\n\n<p class=\"wp-block-paragraph\">Aunque del Partido del Trabajo, pero por competir en la coalici\u00f3n Juntos Haremos Historia en el que participa Morena, Nancy Cruz record\u00f3 que de los primeros casos de violencia pol\u00edtica es el de Saymi Pineda, a quien el presidente municipal V\u00edctor Cruz la amenaz\u00f3 al intentar quedarse con la candidatura para reelegirse.<\/p>\n\n\n\n<p class=\"wp-block-paragraph\">Incluso integrantes del Frente en Contra de la Violencia Pol\u00edtica hacia las Mujeres protestaron frente al templo de Santo Domingo de Guzm\u00e1n desangr\u00e1ndose a inicios de mayo, pero las agresiones fueron superadas una vez que se registr\u00f3 como candidata e inici\u00f3 su campa\u00f1a proselitista.<\/p>\n","protected":false},"excerpt":{"rendered":"<p>Nadia Altamirano SemM\u00e9xico. Oaxaca. 25 de junio de 2018.- En medio del conflicto social que el municipio huave de San Dionisio del Mar vive por la oposici\u00f3n a las e\u00f3licas, el proceso electoral del 1 de julio pr\u00f3ximo vuelve a mostrar complicaciones. Una de las cinco candidatas a la presidencia municipal de San Dionisio del [&hellip;]<\/p>\n","protected":false},"author":3,"featured_media":2476,"comment_status":"open","ping_status":"open","sticky":false,"template":"","format":"standard","meta":{"_monsterinsights_skip_tracking":false,"footnotes":""},"categories":[689,33],"tags":[],"class_list":["post-2475","post","type-post","status-publish","format-standard","has-post-thumbnail","category-689","category-elecciones-2018"],"_links":{"self":[{"href":"https:\/\/redsemlac.com\/semmexico\/wp-json\/wp\/v2\/posts\/2475","targetHints":{"allow":["GET"]}}],"collection":[{"href":"https:\/\/redsemlac.com\/semmexico\/wp-json\/wp\/v2\/posts"}],"about":[{"href":"https:\/\/redsemlac.com\/semmexico\/wp-json\/wp\/v2\/types\/post"}],"author":[{"embeddable":true,"href":"https:\/\/redsemlac.com\/semmexico\/wp-json\/wp\/v2\/users\/3"}],"replies":[{"embeddable":true,"href":"https:\/\/redsemlac.com\/semmexico\/wp-json\/wp\/v2\/comments?post=2475"}],"version-history":[{"count":0,"href":"https:\/\/redsemlac.com\/semmexico\/wp-json\/wp\/v2\/posts\/2475\/revisions"}],"wp:featuredmedia":[{"embeddable":true,"href":"https:\/\/redsemlac.com\/semmexico\/wp-json\/wp\/v2\/media\/2476"}],"wp:attachment":[{"href":"https:\/\/redsemlac.com\/semmexico\/wp-json\/wp\/v2\/media?parent=2475"}],"wp:term":[{"taxonomy":"category","embeddable":true,"href":"https:\/\/redsemlac.com\/semmexico\/wp-json\/wp\/v2\/categories?post=2475"},{"taxonomy":"post_tag","embeddable":true,"href":"https:\/\/redsemlac.com\/semmexico\/wp-json\/wp\/v2\/tags?post=2475"}],"curies":[{"name":"wp","href":"https:\/\/api.w.org\/{rel}","templated":true}]}}