{"id":24643,"date":"2020-08-27T19:07:25","date_gmt":"2020-08-27T19:07:25","guid":{"rendered":"https:\/\/redsemlac.com\/semmexico\/?p=24643"},"modified":"2023-07-21T16:29:38","modified_gmt":"2023-07-21T21:29:38","slug":"advierten-trato-desigual-a-las-aspirantes-a-un-cargo-de-eleccion-popular","status":"publish","type":"post","link":"https:\/\/redsemlac.com\/semmexico\/advierten-trato-desigual-a-las-aspirantes-a-un-cargo-de-eleccion-popular\/","title":{"rendered":"Advierten trato desigual a las aspirantes a un cargo de elecci\u00f3n popular"},"content":{"rendered":"\n<p class=\"wp-block-paragraph\">* Revela un monitoreo por los medios del estado de Hidalgo, previo al inicido del proceso<\/p>\n\n\n\n<p class=\"wp-block-paragraph\">* Otra vez los medios destacan estereotipos sexista y de ellos su trayectoria pol\u00edtica<\/p>\n\n\n\n<p class=\"wp-block-paragraph\">Lorena Piedad*<\/p>\n\n\n\n<p class=\"wp-block-paragraph\">SemM\u00e9xico, Pachuca, Hgo., 27 de agosto, 2020.- Algunos nombres aparecen en la escena pol\u00edtico-electoral ante la pr\u00f3ximidad del proceso 2020-21, pero los medios informativos destacan de manera diferenciada la presencia de hombres y mujeres aspirantes:&nbsp;&nbsp;ellas son \u201cesposa de\u2026\u201d o \u201ccantante\u201d. En tanto de ellos se hace referencia de sus credenciales como pol\u00edticos. Ello ha alertado a diversas instancias sobre c\u00f3mo los medios contribuyen a la descalificaci\u00f3n de las mujeres en pol\u00edtica.<\/p>\n\n\n\n<p class=\"wp-block-paragraph\">Algunos medios de comunicaci\u00f3n locales en los \u00faltimos d\u00edas se han dado a la tarea de escribir encabezados que resaltan la vida personal y pasada de las aspirantes a un cargo de elecci\u00f3n popular sin mencionar su carrera pol\u00edtica, ejemplo de ello es la nota del peri\u00f3dico Criterio, publicada el mi\u00e9rcoles 26 de agosto de 2020, que lleva por t\u00edtulo principal \u201cC\u00f3nyuge de edil, una cantante y exsenador, tras ayuntamientos\u201d, esto para dar a conocer que Areli Maya Monzalvo, quien gan\u00f3 la diputaci\u00f3n local en 2018 con el PAN, ahora es aspirante a la candidatura en com\u00fan por Morena para Mineral de la Reforma, y menciona que dicho municipio \u201cactualmente es gobernado por su esposo, Ra\u00fal Camacho Ba\u00f1os\u201d.<\/p>\n\n\n\n<p class=\"wp-block-paragraph\">En ese contexto, Criterio detalla que el Partido de la Revoluci\u00f3n Democr\u00e1tica (PRD), en alianza con el PAN y Movimiento Ciudadano, \u201cinscribi\u00f3 en 2018 a la cantante Darina M\u00e1rquez Uribe como aspirante a la senadur\u00eda; la ganadora del reality show Operaci\u00f3n Triunfo en 2002 ahora busca la alcald\u00eda capitalina bajo las siglas del Partido Nueva Alianza Hidalgo\u201d.<\/p>\n\n\n\n<p class=\"wp-block-paragraph\">Cabe mencionar que la misma nota fue tratada por El Sol de Hidalgo con el encabezado \u201cOtra vez los postulan, pero en otros partidos\u201d, donde ignora la carrera art\u00edstica de Darina, al solo mencionar sus cargos pol\u00edticos anteriores \u201cexcandidata del PRD al senado, en 2018, fue postulada por el Partido Nueva Alianza (Panal) para el ayuntamiento de Pachuca\u201d.<\/p>\n\n\n\n<p class=\"wp-block-paragraph\">Un caso m\u00e1s fue publicado el martes 25 de agosto de 2020 por el peri\u00f3dico Independiente de Hidalgo con el encabezado \u201cAcusan a precandidata morenista de mentir sobre residencia\u201d; se trata de Marisol Prieto Avenda\u00f1o, virtual candidata morenista a la presidencia municipal de Tecozautla, de la que este medio impreso asegura fue \u201cse\u00f1alada de enga\u00f1ar a la localidad La Paila para obtener su carta de residencia\u201d.<\/p>\n\n\n\n<p class=\"wp-block-paragraph\">Sin presentar pruebas, el diario \u00fanicamente se limita a detallar que \u201cvarios documentos publicados en redes sociales y enviados a la redacci\u00f3n dan cuenta de que un grupo de inconformes acusa a la aspirante de enga\u00f1ar a la localidad\u201d.<\/p>\n\n\n\n<p class=\"wp-block-paragraph\">\u201cEn ese sentido, a trav\u00e9s de una carta abierta el sector que cuestiona la designaci\u00f3n de Marisol Prieto afirm\u00f3 que ella obtuvo ese beneficio gracias a \u201camiguismos pol\u00edticos e influencias en las altas esferas del partido\u201d.<\/p>\n\n\n\n<p class=\"wp-block-paragraph\">Finalmente, el peri\u00f3dico digital AM Hidalgo, public\u00f3 el martes 25 de agosto de 2020, el caso de Hilda Miranda, quien present\u00f3 ante el Tribunal Electoral de Hidalgo (TEEH) \u201cuna impugnaci\u00f3n contra la postulaci\u00f3n de la panista Areli Maya Monzalvo como candidata de Morena a la alcald\u00eda de Mineral de la Reforma\u201d.<\/p>\n\n\n\n<p class=\"wp-block-paragraph\">El diario mencion\u00f3 que \u201ca trav\u00e9s de su cuenta de Facebook, Miranda inform\u00f3 de su impugnaci\u00f3n al argumentar que \u00b4yo fui de las mujeres que cumpli\u00f3 en tiempo y forma con los requisitos legales ante las instancias de nuestro partido. No se tom\u00f3 en cuenta mi registro \u00fanico, as\u00ed como el registro de otros compa\u00f1eros de la planilla, otorg\u00e1ndoles la candidatura a otras personas\u00b4\u201d, y subraya \u201ces decir a la diputada local del PAN, Areli Maya\u201d.<\/p>\n\n\n\n<p class=\"wp-block-paragraph\">Sobre esta situaci\u00f3n, AM Hidalgo enfatiza en el desacuerdo entre ambas mujeres el destacar una de las declaraciones de Hilda Miranda \u201cresalt\u00f3 en el D\u00eda Naranja: \u201cLas mujeres no debemos permitir normalizar ning\u00fan tipo de violencia contra las mujeres: no es normal que se violenten nuestros derechos; no es normal que las mujeres sean violentadas por otras mujeres; no es normal querer callar la voz de las mujeres\u201d.<\/p>\n\n\n\n<p class=\"wp-block-paragraph\">El 4 de septiembre arrancan las campa\u00f1as<\/p>\n\n\n\n<p class=\"wp-block-paragraph\">El Instituto Estatal Electoral (IEE) dio a conocer los nombres de las 12 mil 312 personas que solicitaron su registro para contender en las elecciones del 18 de octubre por una alcald\u00eda, regidur\u00eda o sindicatura en los 84 municipios de Hidalgo.<\/p>\n\n\n\n<p class=\"wp-block-paragraph\">Seg\u00fan el portal del Instituto, el acuerdo de aprobaci\u00f3n de candidaturas ser\u00e1 realizado por el Consejo General el 4 de septiembre para iniciar las campa\u00f1as electorales al d\u00eda siguiente.&nbsp;<\/p>\n\n\n\n<p class=\"wp-block-paragraph\">De los 12 mil 312 aspirantes, el PRI inscribi\u00f3 a mil 357, el PAN a 823, PRD 782 y 476 a la aspiraci\u00f3n com\u00fan PAN-PRD; 835 por parte de Morena, 741 del Partido Verde, 926 el PT, 926 PESH y 328 son de la alianza Morena-PVEM-PT-PESH. De igual forma, Nueva Alianza mil 357, Podemos mil 320, Movimiento Ciudadano 962, M\u00e1s por Hidalgo 852 y 627 aspirantes independientes.<\/p>\n\n\n\n<p class=\"wp-block-paragraph\">* Estudiante de Comunicaci\u00f3n<\/p>\n","protected":false},"excerpt":{"rendered":"<p>* Revela un monitoreo por los medios del estado de Hidalgo, previo al inicido del proceso * Otra vez los medios destacan estereotipos sexista y de ellos su trayectoria pol\u00edtica Lorena Piedad* SemM\u00e9xico, Pachuca, Hgo., 27 de agosto, 2020.- Algunos nombres aparecen en la escena pol\u00edtico-electoral ante la pr\u00f3ximidad del proceso 2020-21, pero los medios [&hellip;]<\/p>\n","protected":false},"author":3,"featured_media":24644,"comment_status":"open","ping_status":"open","sticky":false,"template":"","format":"standard","meta":{"_monsterinsights_skip_tracking":false,"footnotes":""},"categories":[691,141],"tags":[],"class_list":["post-24643","post","type-post","status-publish","format-standard","has-post-thumbnail","category-691","category-elecciones-2020-2021"],"_links":{"self":[{"href":"https:\/\/redsemlac.com\/semmexico\/wp-json\/wp\/v2\/posts\/24643","targetHints":{"allow":["GET"]}}],"collection":[{"href":"https:\/\/redsemlac.com\/semmexico\/wp-json\/wp\/v2\/posts"}],"about":[{"href":"https:\/\/redsemlac.com\/semmexico\/wp-json\/wp\/v2\/types\/post"}],"author":[{"embeddable":true,"href":"https:\/\/redsemlac.com\/semmexico\/wp-json\/wp\/v2\/users\/3"}],"replies":[{"embeddable":true,"href":"https:\/\/redsemlac.com\/semmexico\/wp-json\/wp\/v2\/comments?post=24643"}],"version-history":[{"count":0,"href":"https:\/\/redsemlac.com\/semmexico\/wp-json\/wp\/v2\/posts\/24643\/revisions"}],"wp:featuredmedia":[{"embeddable":true,"href":"https:\/\/redsemlac.com\/semmexico\/wp-json\/wp\/v2\/media\/24644"}],"wp:attachment":[{"href":"https:\/\/redsemlac.com\/semmexico\/wp-json\/wp\/v2\/media?parent=24643"}],"wp:term":[{"taxonomy":"category","embeddable":true,"href":"https:\/\/redsemlac.com\/semmexico\/wp-json\/wp\/v2\/categories?post=24643"},{"taxonomy":"post_tag","embeddable":true,"href":"https:\/\/redsemlac.com\/semmexico\/wp-json\/wp\/v2\/tags?post=24643"}],"curies":[{"name":"wp","href":"https:\/\/api.w.org\/{rel}","templated":true}]}}