{"id":24635,"date":"2020-08-27T18:27:26","date_gmt":"2020-08-27T18:27:26","guid":{"rendered":"https:\/\/redsemlac.com\/semmexico\/?p=24635"},"modified":"2023-07-21T16:29:38","modified_gmt":"2023-07-21T21:29:38","slug":"lanza-alondra-de-la-parra-proyecto-musical-para-apoyar-a-la-ninez-y-mujeres","status":"publish","type":"post","link":"https:\/\/redsemlac.com\/semmexico\/lanza-alondra-de-la-parra-proyecto-musical-para-apoyar-a-la-ninez-y-mujeres\/","title":{"rendered":"Lanza Alondra de la Parra proyecto musical para apoyar a la ni\u00f1ez y mujeres"},"content":{"rendered":"\n<ul class=\"wp-block-list\"><li><strong>La m\u00fasica es acompa\u00f1ada por la bailarina Elisa Carrillo<\/strong><\/li><\/ul>\n\n\n\n<ul class=\"wp-block-list\"><li><strong>14 profesionales de la m\u00fasica conforman La Orquesta Imposible<\/strong><\/li><\/ul>\n\n\n\n<p class=\"wp-block-paragraph\"><strong>Olga Rosario Avenda\u00f1o<\/strong><\/p>\n\n\n\n<p class=\"wp-block-paragraph\">SemM\u00e9xico, Cd. de M\u00e9xico, 27 de agosto, 2020.- La directora musical Alondra de la Parra reuni\u00f3 a 14 profesionales de la m\u00fasica de diferentes partes del mundo para conformar La Orquesta Imposible y poner en marcha un proyecto de m\u00fasica cl\u00e1sica, cuyos recursos recabados se destinar\u00e1n a dos fundaciones que trabajan a favor de la ni\u00f1ez y las mujeres afectadas por el Covid-19 en M\u00e9xico: Fondo Semillas y Save the Children M\u00e9xico.<\/p>\n\n\n\n<p class=\"wp-block-paragraph\">Alondra de la Parra trabaja actualmente con los y las mejores solistas del mundo, 14 mujeres y hombres, con el objetivo de generar conciencia y apoyar a la ni\u00f1ez y a las mujeres, cuyas vidas se han visto impactadas por la pandemia en M\u00e9xico.<\/p>\n\n\n\n<p class=\"wp-block-paragraph\">En el v\u00eddeo que ya se encuentra en l\u00ednea, La Orquesta Imposible inicia con la interpretaci\u00f3n de una de las obras sinf\u00f3nicas mexicanas m\u00e1s reconocidas: el Danz\u00f3n No. 2 de Arturo M\u00e1rquez.<\/p>\n\n\n\n<p class=\"wp-block-paragraph\">Arturo M\u00e1rquez es uno de los compositores contempor\u00e1neos m\u00e1s c\u00e9lebres y reconocidos. Su obra combina de manera magistral la m\u00fasica cl\u00e1sica con ritmos tradicionales de M\u00e9xico, Am\u00e9rica Latina y \u00c1frica.<\/p>\n\n\n\n<p class=\"wp-block-paragraph\">El Danz\u00f3n No. 2, la m\u00e1s c\u00e9lebre de las nueve que llevan ese nombre y estrenada en 1994, se convirti\u00f3 r\u00e1pidamente en la sinfon\u00eda mexicana por excelencia. En ella dialogan de manera armoniosa la m\u00fasica para orquesta con el baile de sal\u00f3n mexicano y otras melod\u00edas populares latinoamericanas. En 2019 fue la pieza de m\u00fasica cl\u00e1sica m\u00e1s interpretada a nivel mundial.<\/p>\n\n\n\n<p class=\"wp-block-paragraph\">La Orquesta Imposible re\u00fane a la distancia a los mejores solistas del mundo para tocar una de las piezas m\u00e1s importantes de la m\u00fasica mexicana, el Danz\u00f3n No. 2 de Arturo M\u00e1rquez. Debido a la crisis del COVID-19, estos m\u00fasicos han grabado su m\u00fasica de manera independiente, mostrando que incluso en la distancia se puede crear m\u00fasica a partir de la colaboraci\u00f3n, la creatividad y el talento.<\/p>\n\n\n\n<p class=\"wp-block-paragraph\">La m\u00fasica es acompa\u00f1ada por la bailarina Elisa Carrillo con una coreograf\u00eda especialmente creada para este evento por el renombrado Christopher Wheeldon. El Danz\u00f3n No. 2 fue la pieza de m\u00fasica cl\u00e1sica m\u00e1s interpretada en todo el mundo en 2019, y fue reinventada por M\u00e1rquez y Alondra de la Parra para esta ocasi\u00f3n especial.<\/p>\n\n\n\n<p class=\"wp-block-paragraph\">En M\u00e9xico, como en otros pa\u00edses en desarrollo, el COVID 19 ha afectado particularmente a mujeres y ni\u00f1os ya que son los m\u00e1s vulnerables ante los efectos sociales, sanitarios y econ\u00f3micos de la pandemia. Como mexicana, mujer y directora de orquesta, Alondra de la Parra estaba convencida de que deb\u00eda hacer algo, y que pod\u00eda hacerlo desde la m\u00fasica.<\/p>\n\n\n\n<p class=\"wp-block-paragraph\">La Orquesta Imposible naci\u00f3 de la convicci\u00f3n de que la m\u00fasica tiene el poder de unirnos. Sin importar nuestros or\u00edgenes, nuestras nacionalidades o nuestras diferencias, la m\u00fasica crea un lenguaje universal de esperanza en estos tiempos dif\u00edciles, se lee en el proyecto que se encuentra en el sitio web de la artista.<\/p>\n\n\n\n<p class=\"wp-block-paragraph\">La Directora de Orquesta Alondra de la Parra trabaja con frecuencia con las orquestas m\u00e1s prestigiosas del mundo, incluyendo a la Orchestre de Paris, la Orquesta Filarm\u00f3nica de Londres, la Tonhalle-Orchester de Zurich, la Orquesta de la Radio Sueca, la Orquesta Sinf\u00f3nica de S\u00e3o Paulo, la Orquesta Sinf\u00f3nica de la Radio de Berl\u00edn y la Orchestra dell\u2019Accademia Nazionale di Santa Cecilia. Entre 2017 y 2019 fue Directora Musical de la Orquesta Sinf\u00f3nica de Queensland, convirti\u00e9ndola en la primera mujer a cargo de una orquesta australiana. Tambi\u00e9n fue la primera mujer mexicana en dirigir en una de las grandes orquestas de Nueva York y es Embajadora Cultural Oficial de M\u00e9xico.<\/p>\n\n\n\n<p class=\"wp-block-paragraph\">En la siguiente liga se puede ver el v\u00eddeo en la Orquesta Imposible ejecuta el Danz\u00f3n n\u00famero 2:<\/p>\n\n\n\n<figure class=\"wp-block-embed-youtube wp-block-embed is-type-video is-provider-youtube wp-embed-aspect-16-9 wp-has-aspect-ratio\"><div class=\"wp-block-embed__wrapper\">\n<div class=\"youtube-embed\" data-video_id=\"hCEiEXQmyik\"><iframe loading=\"lazy\" title=\"La Orquesta Imposible: Danz\u00f3n No. 2 (Video Completo)\" width=\"696\" height=\"392\" src=\"https:\/\/www.youtube.com\/embed\/hCEiEXQmyik?start=3&#038;feature=oembed&#038;enablejsapi=1\" frameborder=\"0\" allow=\"accelerometer; autoplay; clipboard-write; encrypted-media; gyroscope; picture-in-picture; web-share\" referrerpolicy=\"strict-origin-when-cross-origin\" allowfullscreen><\/iframe><\/div>\n<\/div><\/figure>\n\n\n\n<p class=\"wp-block-paragraph\">SEM\/ora\/sj<\/p>\n","protected":false},"excerpt":{"rendered":"<p>14 profesionales de la m\u00fasica conforman La Orquesta Imposible<\/p>\n","protected":false},"author":3,"featured_media":24636,"comment_status":"open","ping_status":"open","sticky":false,"template":"","format":"standard","meta":{"_monsterinsights_skip_tracking":false,"footnotes":""},"categories":[691,46],"tags":[],"class_list":["post-24635","post","type-post","status-publish","format-standard","has-post-thumbnail","category-691","category-cultura-cultura"],"_links":{"self":[{"href":"https:\/\/redsemlac.com\/semmexico\/wp-json\/wp\/v2\/posts\/24635","targetHints":{"allow":["GET"]}}],"collection":[{"href":"https:\/\/redsemlac.com\/semmexico\/wp-json\/wp\/v2\/posts"}],"about":[{"href":"https:\/\/redsemlac.com\/semmexico\/wp-json\/wp\/v2\/types\/post"}],"author":[{"embeddable":true,"href":"https:\/\/redsemlac.com\/semmexico\/wp-json\/wp\/v2\/users\/3"}],"replies":[{"embeddable":true,"href":"https:\/\/redsemlac.com\/semmexico\/wp-json\/wp\/v2\/comments?post=24635"}],"version-history":[{"count":0,"href":"https:\/\/redsemlac.com\/semmexico\/wp-json\/wp\/v2\/posts\/24635\/revisions"}],"wp:featuredmedia":[{"embeddable":true,"href":"https:\/\/redsemlac.com\/semmexico\/wp-json\/wp\/v2\/media\/24636"}],"wp:attachment":[{"href":"https:\/\/redsemlac.com\/semmexico\/wp-json\/wp\/v2\/media?parent=24635"}],"wp:term":[{"taxonomy":"category","embeddable":true,"href":"https:\/\/redsemlac.com\/semmexico\/wp-json\/wp\/v2\/categories?post=24635"},{"taxonomy":"post_tag","embeddable":true,"href":"https:\/\/redsemlac.com\/semmexico\/wp-json\/wp\/v2\/tags?post=24635"}],"curies":[{"name":"wp","href":"https:\/\/api.w.org\/{rel}","templated":true}]}}