{"id":24627,"date":"2020-08-27T17:12:26","date_gmt":"2020-08-27T17:12:26","guid":{"rendered":"https:\/\/redsemlac.com\/semmexico\/?p=24627"},"modified":"2023-07-21T16:29:38","modified_gmt":"2023-07-21T21:29:38","slug":"dictan-sentencia-a-dos-feminicidas-en-guerrero","status":"publish","type":"post","link":"https:\/\/redsemlac.com\/semmexico\/dictan-sentencia-a-dos-feminicidas-en-guerrero\/","title":{"rendered":"Dictan sentencia a dos feminicidas en Guerrero"},"content":{"rendered":"\n<p class=\"wp-block-paragraph\">* Por separado privaron de la vida a dos mujeres<\/p>\n\n\n\n<p class=\"wp-block-paragraph\">* Uno fue condenado a 45 y otro a 40 a\u00f1os de prisi\u00f3n y deber\u00e1n cubrir la reparaci\u00f3n del da\u00f1o<\/p>\n\n\n\n<p class=\"wp-block-paragraph\">Josefina Aguilar Pastor&nbsp;&nbsp;&nbsp;<\/p>\n\n\n\n<p class=\"wp-block-paragraph\">SemM\u00e9xico, Chilpancingo, Gro., 27 de agosto, 2020.- Al juzgar con perspectiva de g\u00e9nero, el Tribunal Superior de Justicia (TSJ), a trav\u00e9s de sus respectivos jueces, dict\u00f3 sentencia a dos feminicidas en el Estado de Guerrero.<\/p>\n\n\n\n<p class=\"wp-block-paragraph\">La Fiscal\u00eda General del Estado (FGE) dio a conocer de dos sentencias dictadas este mi\u00e9rcoles, en contra de igual n\u00famero de feminicidas, luego de largos procesos de investigaci\u00f3n y desahogo de pruebas que acreditaron los il\u00edcitos.<\/p>\n\n\n\n<p class=\"wp-block-paragraph\">El primero, es&nbsp;Edilberto \u201cN, quien fue condenado a 45 a\u00f1os de prisi\u00f3n, deber\u00e1 pagar una cantidad monetaria por concepto de reparaci\u00f3n del da\u00f1o, propel feminicidio que cometi\u00f3 en la localidad de Cochoapa, municipio de Ometepec, en la regi\u00f3n de Costa Chica.<\/p>\n\n\n\n<p class=\"wp-block-paragraph\">Se dio a conocer que el feminicidio fue cometido por Edilberto \u201cN, luego de llegar a un convivo donde se encontraba la v\u00edctima, a quien llev\u00f3 a un callej\u00f3n donde la priv\u00f3 la vida con un arma de fuego, los hechos quedaron asentados en la carpeta judicial JO-02\/2020. El feminicida, fue recluido en el Centro de Reinserci\u00f3n Social de Ometepec.<\/p>\n\n\n\n<p class=\"wp-block-paragraph\">El segundo, se trata de \u00c1ngel \u00abN\u00bb, acusado del feminicidio de Nury \u00abN\u00bb, a quien asfixi\u00f3, hechos ocurridos en esta capital. El feminicida fue sentenciado a 40 a\u00f1os de prisi\u00f3n, al mismo tiempo deber\u00e1 de a pagar una cantidad monetaria por concepto de reparaci\u00f3n del da\u00f1o material en favor de las hijas de la v\u00edctima.<\/p>\n\n\n\n<p class=\"wp-block-paragraph\">SEM\/jap\/sj<\/p>\n","protected":false},"excerpt":{"rendered":"<p>* Por separado privaron de la vida a dos mujeres * Uno fue condenado a 45 y otro a 40 a\u00f1os de prisi\u00f3n y deber\u00e1n cubrir la reparaci\u00f3n del da\u00f1o Josefina Aguilar Pastor&nbsp;&nbsp;&nbsp; SemM\u00e9xico, Chilpancingo, Gro., 27 de agosto, 2020.- Al juzgar con perspectiva de g\u00e9nero, el Tribunal Superior de Justicia (TSJ), a trav\u00e9s de [&hellip;]<\/p>\n","protected":false},"author":3,"featured_media":24628,"comment_status":"open","ping_status":"open","sticky":false,"template":"","format":"standard","meta":{"_monsterinsights_skip_tracking":false,"footnotes":""},"categories":[691,47],"tags":[],"class_list":["post-24627","post","type-post","status-publish","format-standard","has-post-thumbnail","category-691","category-no-mas-impunidad"],"_links":{"self":[{"href":"https:\/\/redsemlac.com\/semmexico\/wp-json\/wp\/v2\/posts\/24627","targetHints":{"allow":["GET"]}}],"collection":[{"href":"https:\/\/redsemlac.com\/semmexico\/wp-json\/wp\/v2\/posts"}],"about":[{"href":"https:\/\/redsemlac.com\/semmexico\/wp-json\/wp\/v2\/types\/post"}],"author":[{"embeddable":true,"href":"https:\/\/redsemlac.com\/semmexico\/wp-json\/wp\/v2\/users\/3"}],"replies":[{"embeddable":true,"href":"https:\/\/redsemlac.com\/semmexico\/wp-json\/wp\/v2\/comments?post=24627"}],"version-history":[{"count":0,"href":"https:\/\/redsemlac.com\/semmexico\/wp-json\/wp\/v2\/posts\/24627\/revisions"}],"wp:featuredmedia":[{"embeddable":true,"href":"https:\/\/redsemlac.com\/semmexico\/wp-json\/wp\/v2\/media\/24628"}],"wp:attachment":[{"href":"https:\/\/redsemlac.com\/semmexico\/wp-json\/wp\/v2\/media?parent=24627"}],"wp:term":[{"taxonomy":"category","embeddable":true,"href":"https:\/\/redsemlac.com\/semmexico\/wp-json\/wp\/v2\/categories?post=24627"},{"taxonomy":"post_tag","embeddable":true,"href":"https:\/\/redsemlac.com\/semmexico\/wp-json\/wp\/v2\/tags?post=24627"}],"curies":[{"name":"wp","href":"https:\/\/api.w.org\/{rel}","templated":true}]}}