{"id":24619,"date":"2020-08-27T00:23:25","date_gmt":"2020-08-27T00:23:25","guid":{"rendered":"https:\/\/redsemlac.com\/semmexico\/?p=24619"},"modified":"2023-07-21T16:29:38","modified_gmt":"2023-07-21T21:29:38","slug":"invertira-ine-mas-de-300-mdp-en-material-por-pandemia-covid-19","status":"publish","type":"post","link":"https:\/\/redsemlac.com\/semmexico\/invertira-ine-mas-de-300-mdp-en-material-por-pandemia-covid-19\/","title":{"rendered":"Invertir\u00e1 INE m\u00e1s de 300 MDP en material por pandemia COVID 19"},"content":{"rendered":"\n<ul class=\"wp-block-list\"><li><strong>Por definici\u00f3n temporal y estrechamente vinculados al a\u00f1o electoral, el INE generar\u00e1 66 mil 445 empleos temporales<\/strong><\/li><\/ul>\n\n\n\n<p class=\"wp-block-paragraph\"><strong>Redacci\u00f3n&nbsp;<\/strong><\/p>\n\n\n\n<p class=\"wp-block-paragraph\">SemM\u00e9xico. Cd. de M\u00e9xico, 26 de agosto, 2020.- Ante la pandemia del COVID 19, el Instituto Nacional Electoral (INE) invertir\u00e1 378 millones de pesos en materiales para proteger a la poblaci\u00f3n en el proceso electoral 2021, inform\u00f3 el consejero de ese instituto electoral, Ciro Murayama Rend\u00f3n.<\/p>\n\n\n\n<p class=\"wp-block-paragraph\">Durante la sesi\u00f3n explic\u00f3 que \u201chay previsi\u00f3n de recursos para proteger la salud de trabajadores, capacitadores electorales, funcionarios de casilla y electores\u201d.<\/p>\n\n\n\n<p class=\"wp-block-paragraph\">Agreg\u00f3 que \u201cquienes instalen las casillas tendr\u00e1n acceso a espacios sanitizados, caretas, cubrebocas, gel, toallas desinfectantes, atomizadores para limpiar superficies, a sana distancia con medidas de se\u00f1alamiento y mesas adicionales, en total, solo en materiales para proteger a la poblaci\u00f3n, el INE invertir\u00e1 378 millones de pesos\u201d.<\/p>\n\n\n\n<p class=\"wp-block-paragraph\">Murayama Rend\u00f3n a\u00f1adi\u00f3 que el anteproyecto de presupuesto incluye una solicitud total de 20 mil 464 millones, se trata, en t\u00e9rminos reales, de un presupuesto 5.5 por ciento adicional al de 2018.<\/p>\n\n\n\n<p class=\"wp-block-paragraph\">En lo que hace al presupuesto base que se entregar\u00e1 al Ejecutivo Federal que a su vez tendr\u00e1 que enviarlo al Poder Legislativo, \u201cel ordinario del INE a\u00f1o con a\u00f1o, este significa un aumento de solo 1.26 por ciento, respecto a 2018, esto indica una operaci\u00f3n institucional estable sin altibajos, certera, consistente y as\u00ed lo es su ejercicio y solicitud presupuestal\u201d.<\/p>\n\n\n\n<p class=\"wp-block-paragraph\">El consejero dijo que en el INE se ha decidido no hacer contrataciones adicionales, \u201csalvo unas cuantas personas que trabajar\u00e1n como producto de la reforma en materia de violencia pol\u00edtica, por razones de g\u00e9nero contra las mujeres para combatir esas pr\u00e1cticas con personal especializado\u201d.<\/p>\n\n\n\n<p class=\"wp-block-paragraph\">Tambi\u00e9n para atender casos de hostigamiento y acoso sexual y laboral, tal como se desprende de la reforma al estatuto del Servicio Profesional y de la rama administrativa; y cuatro plazas para m\u00e9dicos, para que atiendan la salud del personal del INE.<\/p>\n\n\n\n<p class=\"wp-block-paragraph\">Adem\u00e1s de congelar el n\u00famero de plazas, \u201cse congelar\u00e1n las remuneraciones reales, salvo para los seis mil compa\u00f1eros que trabajan en los m\u00f3dulos de atenci\u00f3n ciudadana, y que menos remuneraciones reciben, con un aumento de 1.5 por ciento sobre la inflaci\u00f3n\u201d.<\/p>\n\n\n\n<p class=\"wp-block-paragraph\">Resalt\u00f3 que por definici\u00f3n temporal y estrechamente vinculados al a\u00f1o electoral, el INE generar\u00e1 66 mil 445 empleos temporales, formales, para ciudadanos que con entrega decidan laborar el pr\u00f3ximo a\u00f1o en la tarea de organizaci\u00f3n electoral.<\/p>\n\n\n\n<p class=\"wp-block-paragraph\">El presupuesto se ha elaborado con base a tres criterios: responsabilidad, racionalidad y respeto.<\/p>\n\n\n\n<p class=\"wp-block-paragraph\">Enfatiz\u00f3 que M\u00e9xico vive una coyuntura delicada, \u201cprecisamente en ella es indispensable salvaguardar los derechos pol\u00edticos de la ciudadan\u00eda, asegurar el voto libre y secreto, la renovaci\u00f3n pac\u00edfica del poder. Es una inversi\u00f3n en estabilidad democr\u00e1tica y econ\u00f3mica que conviene a partidos, gobierno y ciudadanos\u201d.&nbsp;&nbsp;&nbsp;&nbsp;&nbsp;&nbsp;&nbsp;<\/p>\n","protected":false},"excerpt":{"rendered":"<p>Quienes instalen las casillas tendr\u00e1n acceso a espacios sanitizados, caretas, cubrebocas, gel, toallas desinfectantes, atomizadores para limpiar superficies, a sana distancia con medidas de se\u00f1alamiento y mesas adicionales<\/p>\n","protected":false},"author":3,"featured_media":24620,"comment_status":"open","ping_status":"open","sticky":false,"template":"","format":"standard","meta":{"_monsterinsights_skip_tracking":false,"footnotes":""},"categories":[691,51],"tags":[],"class_list":["post-24619","post","type-post","status-publish","format-standard","has-post-thumbnail","category-691","category-ejecutivo"],"_links":{"self":[{"href":"https:\/\/redsemlac.com\/semmexico\/wp-json\/wp\/v2\/posts\/24619","targetHints":{"allow":["GET"]}}],"collection":[{"href":"https:\/\/redsemlac.com\/semmexico\/wp-json\/wp\/v2\/posts"}],"about":[{"href":"https:\/\/redsemlac.com\/semmexico\/wp-json\/wp\/v2\/types\/post"}],"author":[{"embeddable":true,"href":"https:\/\/redsemlac.com\/semmexico\/wp-json\/wp\/v2\/users\/3"}],"replies":[{"embeddable":true,"href":"https:\/\/redsemlac.com\/semmexico\/wp-json\/wp\/v2\/comments?post=24619"}],"version-history":[{"count":0,"href":"https:\/\/redsemlac.com\/semmexico\/wp-json\/wp\/v2\/posts\/24619\/revisions"}],"wp:featuredmedia":[{"embeddable":true,"href":"https:\/\/redsemlac.com\/semmexico\/wp-json\/wp\/v2\/media\/24620"}],"wp:attachment":[{"href":"https:\/\/redsemlac.com\/semmexico\/wp-json\/wp\/v2\/media?parent=24619"}],"wp:term":[{"taxonomy":"category","embeddable":true,"href":"https:\/\/redsemlac.com\/semmexico\/wp-json\/wp\/v2\/categories?post=24619"},{"taxonomy":"post_tag","embeddable":true,"href":"https:\/\/redsemlac.com\/semmexico\/wp-json\/wp\/v2\/tags?post=24619"}],"curies":[{"name":"wp","href":"https:\/\/api.w.org\/{rel}","templated":true}]}}