{"id":24613,"date":"2020-08-26T23:39:22","date_gmt":"2020-08-26T23:39:22","guid":{"rendered":"https:\/\/redsemlac.com\/semmexico\/?p=24613"},"modified":"2023-07-21T16:29:38","modified_gmt":"2023-07-21T21:29:38","slug":"oaxaca-217","status":"publish","type":"post","link":"https:\/\/redsemlac.com\/semmexico\/oaxaca-217\/","title":{"rendered":"AVGM en Oaxaca sin resultados, piden comparecencia del funcionariado"},"content":{"rendered":"\n<ul class=\"wp-block-list\"><li><strong>Titulares de 5 dependencias podr\u00edan ser llamados al Congreso local<\/strong><\/li><\/ul>\n\n\n\n<ul class=\"wp-block-list\"><li><strong> MP debe garantizar que se haga justicia a Mar\u00eda Elena R\u00edos<\/strong><\/li><\/ul>\n\n\n\n<p class=\"wp-block-paragraph\"><strong>Soledad Jarqu\u00edn Edgar<\/strong><\/p>\n\n\n\n<p class=\"wp-block-paragraph\">SemM\u00e9xico, Oaxaca, 26 de agosto, 2020.- Un total de 26 iniciativas propusieron las diputadas de la 64 Legislatura local en la sesi\u00f3n del congreso local celebrada hoy, de las cuales s\u00f3lo tres iniciativas, dos dict\u00e1menes y dos m\u00e1s en primera lectura se establecen desde la perspectiva de g\u00e9nero.<\/p>\n\n\n\n<p class=\"wp-block-paragraph\">Entre ellos destacan el punto de acuerdo para que cinco funcionarios del gobierno estatal comparezcan previo al segundo aniversario de la declaratoria de Alerta de Violencia de G\u00e9nero contra las Mujeres en Oaxaca; otro m\u00e1s para que se garantice la justicia a la saxofonista Mar\u00eda Elena R\u00edos y que se inicie una investigaci\u00f3n por las agresiones de polic\u00edas a comerciantes en Tlaxicaco, el pasado viernes.<\/p>\n\n\n\n<div class=\"wp-block-image\"><figure class=\"alignright size-large is-resized\"><img loading=\"lazy\" decoding=\"async\" src=\"https:\/\/redsemlac.com\/semmexico\/wp-content\/uploads\/2020\/08\/WhatsApp-Image-2020-08-25-at-5.16.05-PM-1024x659.jpeg\" alt=\"\" class=\"wp-image-24614\" width=\"341\" height=\"218\"\/><figcaption><strong><em>Magaly L\u00f3pez Dom\u00ednguez, diputada por Morena.<\/em><\/strong><\/figcaption><\/figure><\/div>\n\n\n\n<p class=\"wp-block-paragraph\">La diputada Magaly L\u00f3pez Dom\u00ednguez, del Partido Morena, present\u00f3 un punto de acuerdo en el que solicit\u00f3 citar a comparecer ante el pleno, en sesiones p\u00fablicas, a las personas titulares de la Secretar\u00eda General de Gobierno (H\u00e9ctor Anuar Mafud), de la Secretar\u00eda de las Mujeres de Oaxaca (Ana Isabel V\u00e1squez), de la Secretar\u00eda de Pueblos Ind\u00edgenas y Afromexicano (Eufrosina Cruz), de la Secretar\u00eda de Seguridad P\u00fablica (Ernesto Salcedo) y de la Fiscal\u00eda General del Estado (Rub\u00e9n Vasconcelos). La raz\u00f3n \u2013dijo m\u00e1s adelante- la violencia ejercida contra las mujeres registra un aumento alarmante.<\/p>\n\n\n\n<p class=\"wp-block-paragraph\">Record\u00f3 que el pr\u00f3ximo 30 de agosto se cumplir\u00e1n dos a\u00f1os de la declaratoria de Alerta de Violencia de G\u00e9nero contra las Mujeres (AVGM) para Oaxaca, con medidas obligatorias (seguridad, justicia y reparaci\u00f3n, y prevenci\u00f3n) para el gobierno del estado y 40 municipios. Alerta decretada, as\u00ed se dice, por parte de la Secretar\u00eda de Gobernaci\u00f3n, a trav\u00e9s de la Comisi\u00f3n Nacional para Prevenir y Erradicar la Violencia contra las Mujeres.<\/p>\n\n\n\n<p class=\"wp-block-paragraph\">Desde entonces hasta ahora, cit\u00f3 la diputada morenista, han ocurrido 140 feminicidios, 349 desapariciones de mujeres, 174 casos de violencia familiar y 116 agresiones sexuales, dijo en referencia a los datos de la organizaci\u00f3n no gubernamental Consorcio Oaxaca, recuento que obtiene de un seguimiento hemerogr\u00e1fico y agreg\u00f3 dos datos m\u00e1s: 72 asesinatos cometidos en lo que va de este a\u00f1o, 21 por ciento, lament\u00f3, cometidos contra ni\u00f1as y adolescentes.<\/p>\n\n\n\n<p class=\"wp-block-paragraph\">Anunci\u00f3 que convocar\u00e1n a reuniones de trabajo a las autoridades municipales de los 40 municipios de la entidad que incluy\u00f3, hace dos a\u00f1os, la AVGM. La propuesta se turn\u00f3 a la Junta de Coordinaci\u00f3n Pol\u00edtica.<\/p>\n\n\n\n<div class=\"wp-block-image\"><figure class=\"alignright size-large is-resized\"><img loading=\"lazy\" decoding=\"async\" src=\"https:\/\/redsemlac.com\/semmexico\/wp-content\/uploads\/2020\/08\/WhatsApp-Image-2020-08-25-at-10.38.21-AM-1024x605.jpeg\" alt=\"\" class=\"wp-image-24615\" width=\"308\" height=\"182\"\/><figcaption><strong><em>Elisa Zepeda Lagunas, diputada por Morena<\/em><\/strong><\/figcaption><\/figure><\/div>\n\n\n\n<p class=\"wp-block-paragraph\">Por otra parte, la diputada Elisa Zepeda Lagunas, tambi\u00e9n del Partido Movimiento de Regeneraci\u00f3n Nacional (Morena) propuso una iniciativa para que la integraci\u00f3n del Consejo General del Instituto de Transparencia y Acceso a la Informaci\u00f3n se procure la inclusi\u00f3n de las personas ind\u00edgenas y la paridad de g\u00e9nero. Se turn\u00f3 a las Comisiones Permanentes Unidas de Transparencia, Acceso a la Informaci\u00f3n y Congreso Abierto; y de Pueblos ind\u00edgenas y Afromexicano, con la opini\u00f3n de la Comisi\u00f3n Permanente de Igualdad de G\u00e9nero.<\/p>\n\n\n\n<p class=\"wp-block-paragraph\">Zepeda Lagunas tambi\u00e9n present\u00f3 una proposici\u00f3n con punto de acuerdo en el que se exhorta al presidente municipal de la Heroica Ciudad de Tlaxiaco, para que a la brevedad posible inicie los procedimientos de investigaci\u00f3n respectivos y en su caso se determine el grado de responsabilidad para que se impongan las sanciones administrativas, medidas correctivas o disciplinarias que correspondan a los elementos de la Polic\u00eda Municipal bajo su cargo, que intervinieron en el desalojo de mujeres y hombres comerciantes que fueron agredidos el pasado 21 de agosto de 2020. Este punto se turn\u00f3 a las Comisiones Permanentes Unidas de Administraci\u00f3n y Procuraci\u00f3n de Justicia, y de Derechos Humanos.<\/p>\n\n\n\n<p class=\"wp-block-paragraph\"><strong>Los dict\u00e1menes con perspectiva de g\u00e9nero<\/strong><\/p>\n\n\n\n<p class=\"wp-block-paragraph\">Se aprob\u00f3 el dictamen con proyecto de Decreto, de la Migdalia Espinosa Manuel, de Morena, por el que se adiciona un segundo p\u00e1rrafo y las fracciones I, II, III y IV al art\u00edculo 34 de la Ley de los Derechos de Ni\u00f1as, Ni\u00f1os y Adolescentes del Estado de Oaxaca. Ello con el fin de garantizar la igualdad sustantiva entre ni\u00f1as, ni\u00f1os y adolescentes, para el dise\u00f1o, implementaci\u00f3n y evaluaci\u00f3n de pol\u00edticas p\u00fablicas a trav\u00e9s de acciones afirmativas tendentes a eliminar los obst\u00e1culos que impiden la igualdad de acceso y de oportunidades a la alimentaci\u00f3n, educaci\u00f3n y atenci\u00f3n m\u00e9dica entre ni\u00f1as, ni\u00f1os y adolescentes.<\/p>\n\n\n\n<p class=\"wp-block-paragraph\">Adem\u00e1s de implementar acciones espec\u00edficas para alcanzar la eliminaci\u00f3n de costumbres, tradiciones, prejuicios, roles y estereotipos sexistas o de cualquier otra \u00edndole que est\u00e9n basadas en la idea de inferioridad. Establecer acciones dirigidas a las ni\u00f1as y las adolescentes que pertenezcan a grupos y regiones con mayor rezago educativo o que enfrenten condiciones econ\u00f3micas y sociales de desventaja para el goce de los derechos contenidos en esta Ley y en la Ley General. Desarrollar campa\u00f1as permanentes de difusi\u00f3n, promoci\u00f3n, conocimiento, sensibilizaci\u00f3n y goce de los derechos de las ni\u00f1as, ni\u00f1os y adolescentes.<\/p>\n\n\n\n<p class=\"wp-block-paragraph\">Otro dictamen aprobado, presentado por las diputadas Arcelia L\u00f3pez Hern\u00e1ndez y Delfina Elizabeth Guzm\u00e1n D\u00edaz, ambas de Morena, por el que se reforma el primer p\u00e1rrafo del art\u00edculo 39; y se adiciona la fracci\u00f3n IV al art\u00edculo 4, de la Ley de los Derechos de Ni\u00f1as, Ni\u00f1os y Adolescentes en el Estado de Oaxaca. Nota: Establecer medidas tendentes (sic) a prevenir y erradicar los embarazos en ni\u00f1as y adolescentes con respeto a los derechos humanos y a los derechos sexuales y reproductivos; as\u00ed como brindar una educaci\u00f3n integral oportuna en salud sexual y reproductiva. y a recibir la orientaci\u00f3n en salud sexual y reproductiva para la prevenci\u00f3n de los embarazos en ni\u00f1as y adolescentes.<\/p>\n\n\n\n<p class=\"wp-block-paragraph\">De los dict\u00e1menes aprobados en primera lectura destacan el de las Comisiones Permanentes Unidas de Administraci\u00f3n y Procuraci\u00f3n de Justicia; y de Igualdad de G\u00e9nero, por el que se instruye al Agente del Ministerio P\u00fablico encargado de la investigaci\u00f3n complementaria del caso de la ciudadana Mar\u00eda Elena R\u00edos Ortiz, implemente los mecanismos necesarios para allegarse de todos los medios de prueba que sean necesarios para evitar vicios en dicha investigaci\u00f3n y en caso de existir los corrija, a efecto de contar con los elementos suficientes al momento de formular la acusaci\u00f3n y medios de prueba contundentes en los que determine correctamente los grados de autor\u00eda y participaci\u00f3n, evitando dejar cabos sueltos que generen impunidad.<\/p>\n\n\n\n<p class=\"wp-block-paragraph\">Asimismo, exhorta al Presidente del Tribunal Superior de Justicia del Estado, para que gire instrucciones al Juez de control de la causa, act\u00fae apegado a derecho y al tribunal o juez de enjuiciamiento para que valore todas las pruebas de manera imparcial y garantice una eficaz impartici\u00f3n de justicia, as\u00ed como una correcta y ejemplar individualizaci\u00f3n de la pena, a fin que los actos cometidos en contra de Mar\u00eda Elena R\u00edos Ortiz, no queden impunes.<\/p>\n\n\n\n<p class=\"wp-block-paragraph\">Otro dictamen de las Comisiones Permanentes Unidas de Grupos en Situaci\u00f3n de Vulnerabilidad; y de Educaci\u00f3n Ciencia Tecnolog\u00eda e Innovaci\u00f3n, con Proyecto de Decreto por el que se reforma la fracci\u00f3n VIII del art\u00edculo 49 de la Ley de los Derechos de Ni\u00f1as, Ni\u00f1os y Adolescentes del Estado de Oaxaca. En este se establece que la educaci\u00f3n tendr\u00e1 por objeto que a las ni\u00f1as, ni\u00f1os y adolescentes se les imparta una educaci\u00f3n sexual integral desde un enfoque de derechos humanos; as\u00ed como de la prevenci\u00f3n de enfermedades de trasmisi\u00f3n sexual, de embarazos en ni\u00f1as y adolescentes y de violencia de g\u00e9nero, conforme a su edad desarrollo evolutivo, cognoscitivo y madurez. Este fue promovido por la diputada Karina Espino Carmona, tambi\u00e9n de Morena.<\/p>\n","protected":false},"excerpt":{"rendered":"<p>Un total de 26 iniciativas propusieron las diputadas de la 64 Legislatura local fueron propuestas en la sesi\u00f3n del congreso local celebrada hoy<\/p>\n","protected":false},"author":3,"featured_media":24616,"comment_status":"open","ping_status":"open","sticky":false,"template":"","format":"standard","meta":{"_monsterinsights_skip_tracking":false,"footnotes":""},"categories":[691,50],"tags":[],"class_list":["post-24613","post","type-post","status-publish","format-standard","has-post-thumbnail","category-691","category-congreso"],"_links":{"self":[{"href":"https:\/\/redsemlac.com\/semmexico\/wp-json\/wp\/v2\/posts\/24613","targetHints":{"allow":["GET"]}}],"collection":[{"href":"https:\/\/redsemlac.com\/semmexico\/wp-json\/wp\/v2\/posts"}],"about":[{"href":"https:\/\/redsemlac.com\/semmexico\/wp-json\/wp\/v2\/types\/post"}],"author":[{"embeddable":true,"href":"https:\/\/redsemlac.com\/semmexico\/wp-json\/wp\/v2\/users\/3"}],"replies":[{"embeddable":true,"href":"https:\/\/redsemlac.com\/semmexico\/wp-json\/wp\/v2\/comments?post=24613"}],"version-history":[{"count":0,"href":"https:\/\/redsemlac.com\/semmexico\/wp-json\/wp\/v2\/posts\/24613\/revisions"}],"wp:featuredmedia":[{"embeddable":true,"href":"https:\/\/redsemlac.com\/semmexico\/wp-json\/wp\/v2\/media\/24616"}],"wp:attachment":[{"href":"https:\/\/redsemlac.com\/semmexico\/wp-json\/wp\/v2\/media?parent=24613"}],"wp:term":[{"taxonomy":"category","embeddable":true,"href":"https:\/\/redsemlac.com\/semmexico\/wp-json\/wp\/v2\/categories?post=24613"},{"taxonomy":"post_tag","embeddable":true,"href":"https:\/\/redsemlac.com\/semmexico\/wp-json\/wp\/v2\/tags?post=24613"}],"curies":[{"name":"wp","href":"https:\/\/api.w.org\/{rel}","templated":true}]}}