{"id":24610,"date":"2020-08-26T23:33:16","date_gmt":"2020-08-26T23:33:16","guid":{"rendered":"https:\/\/redsemlac.com\/semmexico\/?p=24610"},"modified":"2023-07-21T16:29:38","modified_gmt":"2023-07-21T21:29:38","slug":"aprueba-ine-calendario-electoral-para-proceso-2020-201","status":"publish","type":"post","link":"https:\/\/redsemlac.com\/semmexico\/aprueba-ine-calendario-electoral-para-proceso-2020-201\/","title":{"rendered":"Aprueba INE calendario electoral para proceso 2020-201"},"content":{"rendered":"\n<ul class=\"wp-block-list\"><li><strong>Las actividades arrancan el pr\u00f3ximo 7 de septiembre, que culminar\u00e1 el 6 de junio de 2021<\/strong><\/li><\/ul>\n\n\n\n<p class=\"wp-block-paragraph\"><strong>Redacci\u00f3n<\/strong><\/p>\n\n\n\n<p class=\"wp-block-paragraph\">SemM\u00e9xico. Cd. de M\u00e9xico. 26 de agosto de 2020.- El Consejo General del Instituto Nacional Electoral (INE) aprob\u00f3 el Plan Integral y Calendario del Proceso Electoral Federal 2020-2021, mismo que plantea 617 actividades a desarrollar a partir de la proyecci\u00f3n de una Lista Nominal conformada por 95 millones de ciudadanos y ciudadanas que podr\u00e1n participar en la elecci\u00f3n federal y en las elecciones que se desarrollar\u00e1n en las 32 entidades del pa\u00eds.<\/p>\n\n\n\n<p class=\"wp-block-paragraph\">Esto representa la instalaci\u00f3n de aproximadamente 164 mil 550 casillas, la contrataci\u00f3n de m\u00e1s de 48 mil supervisores y capacitadores electorales, los cuales visitar\u00e1n a cerca de 12 millones de personas para contar con m\u00e1s de un mill\u00f3n de funcionarios y funcionarias de casilla requeridas para la Jornada Electoral.<\/p>\n\n\n\n<p class=\"wp-block-paragraph\">El Consejero Presidente del INE, Lorenzo C\u00f3rdova, se\u00f1al\u00f3 que la organizaci\u00f3n del proceso electoral es una de las actividades m\u00e1s complejas que realiza el Estado, por lo que \u201cno hay pie para la improvisaci\u00f3n, estamos hablando de actividades perfectamente definidas, eslabonadas y perfectamente ubicadas en el cronograma que arrancar\u00e1 el pr\u00f3ximo 7 de septiembre, que culminar\u00e1 el 6 de junio (de 2021) con la elecci\u00f3n y con las actividades posteriores\u201d.<\/p>\n\n\n\n<p class=\"wp-block-paragraph\">C\u00f3rdova explic\u00f3 que, si bien el Plan y Calendario es un documento t\u00e9cnico, de su cumplimiento depende la dimensi\u00f3n pol\u00edtica del proceso electoral si se lleva a cabo adecuadamente, en donde ganadores y perdedores acepten sus resultados y se renueve el poder p\u00fablico de manera pac\u00edfica.<\/p>\n\n\n\n<p class=\"wp-block-paragraph\">\u201cEsto es mucho m\u00e1s que una mera hoja de ruta, es la demostraci\u00f3n de esa construcci\u00f3n que nos ha llevado tres d\u00e9cadas y que es punto de referencia a nivel mundial, porque s\u00ed, si algo identifica a M\u00e9xico en el mundo es el reconocimiento que se hace de c\u00f3mo hacemos elecciones\u201d.<\/p>\n\n\n\n<p class=\"wp-block-paragraph\">La Consejera Carla Humphrey record\u00f3 que la norma establece que el Plan y Calendario debe aprobarse antes del inicio del proceso electoral y con ello dar certeza a todas las actividades que el Instituto desarrollar\u00e1 para la organizaci\u00f3n de los comicios.<\/p>\n\n\n\n<p class=\"wp-block-paragraph\">En tanto el Consejero Ciro Murayama Rend\u00f3n explic\u00f3 que en2021 M\u00e9xico vivir\u00e1 el mayor ejercicio democr\u00e1tico de su historia, \u201cen esos comicios construir\u00e1n, por primera vez, la votaci\u00f3n federal y 32 votaciones locales concurrentes\u201d.<\/p>\n\n\n\n<p class=\"wp-block-paragraph\">Ante ello explic\u00f3 que para esa amplia jornada electoral de la que depende la renovaci\u00f3n pac\u00edfica institucional y democr\u00e1tica del poder en todo el territorio, el INE debe aprobar su anteproyecto de presupuesto y turnarlo al ejecutivo federal, quien, \u201cen pleno respeto a nuestra autonom\u00eda constitucional, deber\u00e1 enviarlo sin modificaciones a la C\u00e1mara de Diputados\u201d.<\/p>\n\n\n\n<p class=\"wp-block-paragraph\">Explic\u00f3 que la elecci\u00f3n de 2021 se caracteriza por tres elementos de la mayor relevancia, uno la expansi\u00f3n acelerada del padr\u00f3n de electores, dos, la concurrencia electoral que ordena la celebraci\u00f3n de los comicios en una misma fecha, y en tercer lugar, la situaci\u00f3n de pandemia que afecta a todas las sociedades del orbe.<\/p>\n\n\n\n<p class=\"wp-block-paragraph\">En M\u00e9xico, la poblaci\u00f3n a atender es aquella en edad de ciudadan\u00eda que se va empadronando, las cifras son contundentes; el pa\u00eds se encuentra a\u00fan en fase de expansi\u00f3n poblacional y por la transici\u00f3n demogr\u00e1fica crece de manera m\u00e1s acelerada el grupo de j\u00f3venes que cumple 18 a\u00f1os que el grueso de los habitantes. \u201cDe ah\u00ed que en 2021 vamos a tener un listado nominal de 94.98 millones de ciudadanos, una cantidad de 5.8 millones m\u00e1s que la elecci\u00f3n federal previa, este crecimiento es del 6.5 por ciento\u201d.<\/p>\n\n\n\n<p class=\"wp-block-paragraph\">Lo anterior, \u201cnos lleva a instalar necesariamente m\u00e1s casillas y se prev\u00e9 llegar a 164 mil 550 en 2021, para que en cualquier rinc\u00f3n del pa\u00eds cada ciudadano tenga un lugar cercano donde votar en secreto y libertad\u201d.<\/p>\n\n\n\n<p class=\"wp-block-paragraph\">Esto requiere mayor esfuerzo de capacitaci\u00f3n electoral, \u201cla ley nos mandata sortear y visitar al 13 por ciento del Padr\u00f3n, esto es, a 12.3 millones de personas el a\u00f1o entrante\u201d.<\/p>\n\n\n\n<p class=\"wp-block-paragraph\"><strong>Aprueban modificaciones a la geograf\u00eda electoral<\/strong><\/p>\n\n\n\n<p class=\"wp-block-paragraph\">Durante la sesi\u00f3n, el pleno aprob\u00f3 los resultados del Proyecto de Integraci\u00f3n Seccional 2020 y modificaciones de la cartograf\u00eda electoral de los estados de Baja California, Campeche, Ciudad de M\u00e9xico, Estado de M\u00e9xico, Morelos, Nuevo Le\u00f3n, Quintana Roo, Tlaxcala y Yucat\u00e1n.&nbsp;<\/p>\n\n\n\n<p class=\"wp-block-paragraph\">En el caso de Baja California, se ajustan los distritos derivado de las modificaciones a los l\u00edmites municipales entre Playas de Rosarito, Tijuana, Ensenada, Tecate y Mexicali aprobados por el Congreso local en el \u201cEstatuto Territorial de los Municipios del Estado de Baja California\u201d, el 21 de noviembre de 2019.<\/p>\n\n\n\n<p class=\"wp-block-paragraph\">La cartograf\u00eda electoral del estado de Campeche se modifica con motivo de la creaci\u00f3n e incorporaci\u00f3n de los municipios de Seybaplaya y Dzitbalch\u00e9 a esta entidad.<\/p>\n\n\n\n<p class=\"wp-block-paragraph\">En la Ciudad de M\u00e9xico se adec\u00faan los l\u00edmites de las alcald\u00edas de Cuajimalpa de Morelos y \u00c1lvaro Obreg\u00f3n con el objetivo de representar, en forma precisa, los l\u00edmites entre estos dos municipios.<\/p>\n\n\n\n<p class=\"wp-block-paragraph\">Adicionalmente se modifican los l\u00edmites estatales entre la Ciudad de M\u00e9xico y el Estado de M\u00e9xico, en lo que corresponde a los l\u00edmites entre la Alcald\u00eda de Cuajimalpa de Morelos y el Municipio de Huixquilucan.<\/p>\n\n\n\n<p class=\"wp-block-paragraph\">Tambi\u00e9n fue redefinida la cartograf\u00eda del Estado de M\u00e9xico, respecto de los municipios de Almoloya de Alquisiras, Sultepec, Zacualpan, Amatepec, Tejupilco, Amanalco, Temascaltepec y Zinacantepec, debido a la celebraci\u00f3n de Convenios Amistosos para la Precisi\u00f3n y Reconocimiento de L\u00edmites Territoriales, celebrado por dichos ayuntamientos.<\/p>\n\n\n\n<p class=\"wp-block-paragraph\">Respecto al estado de Morelos, los cambios devienen de la incorporaci\u00f3n de los municipios de Coatetelco, Xoxocotla, Zacualpan y Temoac.<\/p>\n\n\n\n<p class=\"wp-block-paragraph\">La cartograf\u00eda electoral de Nuevo Le\u00f3n actualiza los l\u00edmites municipales de Cerralvo y Melchor Ocampo; mientras que en Quintana Roo, los municipios de Solidaridad y L\u00e1zaro C\u00e1rdenas en virtud de que el Congreso local realiz\u00f3 la modificaci\u00f3n de l\u00edmites municipales de ambos municipios.<\/p>\n\n\n\n<p class=\"wp-block-paragraph\">En Tlaxcala se modifican los l\u00edmites municipales de Tlaxcala y Totolac, derivado de un edicto del Congreso del Estado, en el que se defini\u00f3 el Segmento de L\u00edmite Intermunicipal entre ambas demarcaciones para definir el territorio de la Colonia Adolfo L\u00f3pez Mateos, perteneciente al municipio de Tlaxcala.&nbsp;<\/p>\n\n\n\n<p class=\"wp-block-paragraph\">Finalmente, se modific\u00f3 la cartograf\u00eda electoral del estado de Yucat\u00e1n para adecuar los l\u00edmites municipales entre M\u00e9rida y Um\u00e1n y entre Kanas\u00edn y M\u00e9rida, derivado de dict\u00e1menes t\u00e9cnicos que buscan una mejor representaci\u00f3n pol\u00edtica.<\/p>\n","protected":false},"excerpt":{"rendered":"<p>Las actividades arrancan el pr\u00f3ximo 7 de septiembre, que culminar\u00e1 el 6 de junio de 2021<\/p>\n","protected":false},"author":3,"featured_media":24611,"comment_status":"open","ping_status":"open","sticky":false,"template":"","format":"standard","meta":{"_monsterinsights_skip_tracking":false,"footnotes":""},"categories":[691,141],"tags":[],"class_list":["post-24610","post","type-post","status-publish","format-standard","has-post-thumbnail","category-691","category-elecciones-2020-2021"],"_links":{"self":[{"href":"https:\/\/redsemlac.com\/semmexico\/wp-json\/wp\/v2\/posts\/24610","targetHints":{"allow":["GET"]}}],"collection":[{"href":"https:\/\/redsemlac.com\/semmexico\/wp-json\/wp\/v2\/posts"}],"about":[{"href":"https:\/\/redsemlac.com\/semmexico\/wp-json\/wp\/v2\/types\/post"}],"author":[{"embeddable":true,"href":"https:\/\/redsemlac.com\/semmexico\/wp-json\/wp\/v2\/users\/3"}],"replies":[{"embeddable":true,"href":"https:\/\/redsemlac.com\/semmexico\/wp-json\/wp\/v2\/comments?post=24610"}],"version-history":[{"count":0,"href":"https:\/\/redsemlac.com\/semmexico\/wp-json\/wp\/v2\/posts\/24610\/revisions"}],"wp:featuredmedia":[{"embeddable":true,"href":"https:\/\/redsemlac.com\/semmexico\/wp-json\/wp\/v2\/media\/24611"}],"wp:attachment":[{"href":"https:\/\/redsemlac.com\/semmexico\/wp-json\/wp\/v2\/media?parent=24610"}],"wp:term":[{"taxonomy":"category","embeddable":true,"href":"https:\/\/redsemlac.com\/semmexico\/wp-json\/wp\/v2\/categories?post=24610"},{"taxonomy":"post_tag","embeddable":true,"href":"https:\/\/redsemlac.com\/semmexico\/wp-json\/wp\/v2\/tags?post=24610"}],"curies":[{"name":"wp","href":"https:\/\/api.w.org\/{rel}","templated":true}]}}