{"id":24607,"date":"2020-08-26T23:17:20","date_gmt":"2020-08-26T23:17:20","guid":{"rendered":"https:\/\/redsemlac.com\/semmexico\/?p=24607"},"modified":"2023-07-21T16:29:38","modified_gmt":"2023-07-21T21:29:38","slug":"rinde-informe-la-senadora-monica-fernandez-balboa-destaco-su-compromiso-con-la-igualdad","status":"publish","type":"post","link":"https:\/\/redsemlac.com\/semmexico\/rinde-informe-la-senadora-monica-fernandez-balboa-destaco-su-compromiso-con-la-igualdad\/","title":{"rendered":"Rinde informe  la senadora M\u00f3nica Fern\u00e1ndez Balboa, destac\u00f3 su compromiso con la igualdad"},"content":{"rendered":"\n<ul class=\"wp-block-list\"><li><strong>Destac\u00f3 su convicci\u00f3n de abrir una nueva \u00e9poca de igualdad de oportunidades para las mujeres.\u00a0<br><\/strong><\/li><\/ul>\n\n\n\n<p class=\"wp-block-paragraph\"><strong>Argelia Guevara\u00a0<\/strong><\/p>\n\n\n\n<p class=\"wp-block-paragraph\">SemM\u00e9xico. Cd. de M\u00e9xico. 26 de agosto de 2020.- En verdad que el primer y \u00faltimo informe de la a\u00fan presidenta de la Mesa Directiva del Senado de la Rep\u00fablica, M\u00f3nica Fern\u00e1ndez Balboa, tuvo forma y fondo.\u00a0<\/p>\n\n\n\n<p class=\"wp-block-paragraph\">La cita fue en el antiguo e hist\u00f3rico recinto de Xicontencalt. Asistieron representantes de toda la clase pol\u00edtica, como miembros de la academia. Presentes Olga S\u00e1nchez Cordero, en representaci\u00f3n del presidente L\u00f3pez Obrador; Enrique Graue, rector de la UNAM, as\u00ed como magistradas y magistrados. Y por supuesto legisladores de los diversos partidos pol\u00edticos representados en el Congreso de la Uni\u00f3n.&nbsp;<\/p>\n\n\n\n<p class=\"wp-block-paragraph\">M\u00f3nica Fern\u00e1ndez Balboa hizo uso de todas las modernas tecnolog\u00edas de la comunicaci\u00f3n e hizo un resumen de sus actividades a trav\u00e9s de un video, que se divulg\u00f3 por las diversas plataformas.<\/p>\n\n\n\n<p class=\"wp-block-paragraph\">En su discurso, la legisladora tabasque\u00f1a destac\u00f3 diversos hechos. De entrada, su convicci\u00f3n de abrir una nueva \u00e9poca de igualdad de oportunidades para las mujeres e impulsar las mejores pr\u00e1cticas del Parlamento Abierto, la austeridad, la eficiencia legislativa y la integridad en el Senado.&nbsp;<\/p>\n\n\n\n<p class=\"wp-block-paragraph\">Destac\u00f3 de su trabajo legislativo el haber presentado 78 iniciativas y diversos puntos de acuerdo, para corregir las deficiencias, lagunas e imprecisiones normativas que tienen repercusiones negativas en la vida de las personas.<br>De su gesti\u00f3n pol\u00edtica, la legisladora de la bancada de Morena, dijo que se han garantizado los derechos de las senadoras y los senadores y de los grupos parlamentarios, sin distinci\u00f3n de ninguna \u00edndole. En el seno del recinto parlamentario, \u201cbajo mi presidencia, se escucharon todas las voces y, no menos esencial, se dio voz a las necesidades y demandas de nuestro pueblo mexicano\u201d.<\/p>\n\n\n\n<p class=\"wp-block-paragraph\">Especial \u00e9nfasis dio a la cuesti\u00f3n de g\u00e9nero para afirmar que ser mujer senadora, en consecuencia en esta hist\u00f3rica legislatura de la paridad de g\u00e9nero, conlleva un doble compromiso: el de cumplir con M\u00e9xico y con las mexicanas, lo que implica consolidar las reformas pendientes para garantizar una democracia con rostro femenino y con respeto a los derechos humanos de la mujer, pero de igual importancia alcanzar la justicia para ella.<\/p>\n","protected":false},"excerpt":{"rendered":"<p>Destac\u00f3 su convicci\u00f3n de abrir una nueva \u00e9poca de igualdad de oportunidades para las mujeres. <\/p>\n","protected":false},"author":3,"featured_media":24608,"comment_status":"open","ping_status":"open","sticky":false,"template":"","format":"standard","meta":{"_monsterinsights_skip_tracking":false,"footnotes":""},"categories":[691,50],"tags":[],"class_list":["post-24607","post","type-post","status-publish","format-standard","has-post-thumbnail","category-691","category-congreso"],"_links":{"self":[{"href":"https:\/\/redsemlac.com\/semmexico\/wp-json\/wp\/v2\/posts\/24607","targetHints":{"allow":["GET"]}}],"collection":[{"href":"https:\/\/redsemlac.com\/semmexico\/wp-json\/wp\/v2\/posts"}],"about":[{"href":"https:\/\/redsemlac.com\/semmexico\/wp-json\/wp\/v2\/types\/post"}],"author":[{"embeddable":true,"href":"https:\/\/redsemlac.com\/semmexico\/wp-json\/wp\/v2\/users\/3"}],"replies":[{"embeddable":true,"href":"https:\/\/redsemlac.com\/semmexico\/wp-json\/wp\/v2\/comments?post=24607"}],"version-history":[{"count":0,"href":"https:\/\/redsemlac.com\/semmexico\/wp-json\/wp\/v2\/posts\/24607\/revisions"}],"wp:featuredmedia":[{"embeddable":true,"href":"https:\/\/redsemlac.com\/semmexico\/wp-json\/wp\/v2\/media\/24608"}],"wp:attachment":[{"href":"https:\/\/redsemlac.com\/semmexico\/wp-json\/wp\/v2\/media?parent=24607"}],"wp:term":[{"taxonomy":"category","embeddable":true,"href":"https:\/\/redsemlac.com\/semmexico\/wp-json\/wp\/v2\/categories?post=24607"},{"taxonomy":"post_tag","embeddable":true,"href":"https:\/\/redsemlac.com\/semmexico\/wp-json\/wp\/v2\/tags?post=24607"}],"curies":[{"name":"wp","href":"https:\/\/api.w.org\/{rel}","templated":true}]}}