{"id":24604,"date":"2020-08-26T23:05:44","date_gmt":"2020-08-26T23:05:44","guid":{"rendered":"https:\/\/redsemlac.com\/semmexico\/?p=24604"},"modified":"2023-07-21T16:29:38","modified_gmt":"2023-07-21T21:29:38","slug":"opinion-545","status":"publish","type":"post","link":"https:\/\/redsemlac.com\/semmexico\/opinion-545\/","title":{"rendered":"No Distorsionen La Historia y Sus Personajes, es Un Golpe a La Ni\u00f1ez"},"content":{"rendered":"\n<p class=\"wp-block-paragraph\"><strong>Jorge Herrera Valenzuela<\/strong><\/p>\n\n\n\n<p class=\"wp-block-paragraph\">SemM\u00e9xico. Cd. de M\u00e9xico. 26 de agosto de 2020.- Pareciera una broma, un chiste o simplemente un supuesto olvido y confusi\u00f3n moment\u00e1nea, el que al referir a hechos, nombres y lugares de los acontecimientos hist\u00f3ricos, equivoque los datos. Es delicado cuando el autor es un funcionario p\u00fablico y m\u00e1s si es el Presidente de M\u00e9xico. El comentario no es para sumarme a quienes satirizan o satanizan el desliz oral y lo difunden en las redes sociales, herramienta cibern\u00e9tica sin control y cementerio de muchos.<\/p>\n\n\n\n<p class=\"wp-block-paragraph\">Considero negativo el no hacer las oportunas e inmediatas aclaraciones en aras de mantener inc\u00f3lumes, la investidura presidencial y la imagen institucional. Quienes pueden resultar afectados, son los ni\u00f1os, los que apenas se inician en la educaci\u00f3n primaria, b\u00e1sica y fundamental para su formaci\u00f3n. La materia de Historia Nacional, Historia Patria o Historia Mexicana, deber\u00eda ser una de las tres principales en los planes de ense\u00f1anza.<\/p>\n\n\n\n<p class=\"wp-block-paragraph\">Para nadie es desconocido que las nuevas generaciones, y no pocos adultos, no se interesan por conocer la historia de este pa\u00eds, no les importa saber qui\u00e9nes han sido sus gobernantes. Impartir la clase de historia, en primaria o en secundaria, es realizar un esfuerzo del profesor, pues debe hacerla amena, sin muchas citas de nombres, lugares y fechas. Despertar el inter\u00e9s radica en la interacci\u00f3n de alumnos y maestro.<\/p>\n\n\n\n<p class=\"wp-block-paragraph\">Esta ocasi\u00f3n es una oportunidad no para rectificar a quienes confunden la gimnasia con la magnesia, sino de solicitar que haya m\u00e1s cuidado al hablar del Movimiento de Independencia, de la etapa juarista o de la Revoluci\u00f3n Mexicana, as\u00ed como ubicar a los personajes de cada uno de esos cap\u00edtulos para evitar los chascarrillos como esos de que \u201c<strong>a Hern\u00e1n Cort\u00e9s, no le quemaron los pies<\/strong>\u201d, ni tampoco es cierto que \u201c<strong>Cuauht\u00e9moc llor\u00f3 en el \u00c1rbol de la Noche Triste<\/strong>\u201d.<\/p>\n\n\n\n<p class=\"wp-block-paragraph\">Debemos de entender que ese juego (?) perjudica a los ni\u00f1os y a los j\u00f3venes, porque al o\u00edr que el Presidente de M\u00e9xico afirma que&nbsp;<strong>Vicente Guerrero&nbsp;<\/strong>fue El Siervo de la Naci\u00f3n y que le dict\u00f3 (?) el texto de&nbsp;<strong>Los Sentimientos de la Naci\u00f3n&nbsp;<\/strong>a otro h\u00e9roe,&nbsp;<strong>Andr\u00e9s Quintana Roo<\/strong>, resulta una muestra del desconocimiento de los pasajes hist\u00f3ricos significativos para el establecimiento del marco jur\u00eddico de este grandioso pa\u00eds.<\/p>\n\n\n\n<p class=\"wp-block-paragraph\">Una aberraci\u00f3n m\u00e1s se registr\u00f3 cuando el hombre que vive y despacha en Palacio Nacional expres\u00f3 que&nbsp;<strong>Carmelita Romero Rubio&nbsp;<\/strong>hab\u00eda sido la esposa de<strong>&nbsp;don Benito Ju\u00e1rez<\/strong>. El marido de Carmelita fue otro oaxaque\u00f1o,&nbsp;<strong>Porfirio D\u00edaz<\/strong>. Y la recordada&nbsp;<strong>Margarita Maza<\/strong>&nbsp;estuvo casada con el Benem\u00e9rito de las Am\u00e9ricas y su nombre completo era: Margarita Eustaquia Maza Parada.&nbsp;<\/p>\n\n\n\n<p class=\"wp-block-paragraph\">Distorsionar la Historia Patria nos conduce a una situaci\u00f3n que es com\u00fan, perder el sentido de la identidad nacional, como tambi\u00e9n lo es ignorar los nombres de los Presidentes de M\u00e9xico. He platicado con algunos j\u00f3venes en torno a&nbsp;&nbsp;quienes han dirigido este pa\u00eds y solo recuerdan \u201cal que orden\u00f3 la matanza del 2 de Octubre\u201d y hablan de los hermanos Salinas de Gortari \u201cpor rateros\u201d.&nbsp;<\/p>\n\n\n\n<p class=\"wp-block-paragraph\">En una tienda de Orlando, Florida, me encontr\u00e9 con juego muy ilustrativo dirigido a los ni\u00f1os norteamericanos. Desde los primeros a\u00f1os de escolaridad a los peque\u00f1os les dicen los nombres desde el primer presidente de Estados Unidos de Am\u00e9rica hasta el actual, mediante tarjetas que llevan impresas las fotos y datos biogr\u00e1ficos desde&nbsp;<strong>George Washington<\/strong>&nbsp;hasta&nbsp;<strong>Donald Trump<\/strong>. Por eso nuestros vecinos del Norte si hablan de sus 45 presidentes.&nbsp;<\/p>\n\n\n\n<p class=\"wp-block-paragraph\"><strong>PREGUNTA PARA MEDITAR:<\/strong><\/p>\n\n\n\n<p class=\"wp-block-paragraph\">\u00bfA partir de 1824 y hasta este pand\u00e9mico 2020, cu\u00e1ntos Presidentes han gobernado a los mexicanos y c\u00f3mo se llamaron?<\/p>\n\n\n\n<p class=\"wp-block-paragraph\"><strong><a href=\"mailto:jherrerav@live.com.mx\" target=\"_blank\" rel=\"noreferrer noopener\">jherrerav@live.com.mx<\/a><\/strong><\/p>\n","protected":false},"excerpt":{"rendered":"<p>Distorsionar la Historia Patria nos conduce a una situaci\u00f3n que es com\u00fan, perder el sentido de la identidad nacional<\/p>\n","protected":false},"author":3,"featured_media":24606,"comment_status":"open","ping_status":"open","sticky":false,"template":"","format":"standard","meta":{"_monsterinsights_skip_tracking":false,"footnotes":""},"categories":[691,94,35,107],"tags":[],"class_list":["post-24604","post","type-post","status-publish","format-standard","has-post-thumbnail","category-691","category-jorge-herrera-valenzuela","category-opinion","category-rafaga"],"_links":{"self":[{"href":"https:\/\/redsemlac.com\/semmexico\/wp-json\/wp\/v2\/posts\/24604","targetHints":{"allow":["GET"]}}],"collection":[{"href":"https:\/\/redsemlac.com\/semmexico\/wp-json\/wp\/v2\/posts"}],"about":[{"href":"https:\/\/redsemlac.com\/semmexico\/wp-json\/wp\/v2\/types\/post"}],"author":[{"embeddable":true,"href":"https:\/\/redsemlac.com\/semmexico\/wp-json\/wp\/v2\/users\/3"}],"replies":[{"embeddable":true,"href":"https:\/\/redsemlac.com\/semmexico\/wp-json\/wp\/v2\/comments?post=24604"}],"version-history":[{"count":0,"href":"https:\/\/redsemlac.com\/semmexico\/wp-json\/wp\/v2\/posts\/24604\/revisions"}],"wp:featuredmedia":[{"embeddable":true,"href":"https:\/\/redsemlac.com\/semmexico\/wp-json\/wp\/v2\/media\/24606"}],"wp:attachment":[{"href":"https:\/\/redsemlac.com\/semmexico\/wp-json\/wp\/v2\/media?parent=24604"}],"wp:term":[{"taxonomy":"category","embeddable":true,"href":"https:\/\/redsemlac.com\/semmexico\/wp-json\/wp\/v2\/categories?post=24604"},{"taxonomy":"post_tag","embeddable":true,"href":"https:\/\/redsemlac.com\/semmexico\/wp-json\/wp\/v2\/tags?post=24604"}],"curies":[{"name":"wp","href":"https:\/\/api.w.org\/{rel}","templated":true}]}}