{"id":24601,"date":"2020-08-26T22:56:46","date_gmt":"2020-08-26T22:56:46","guid":{"rendered":"https:\/\/redsemlac.com\/semmexico\/?p=24601"},"modified":"2023-07-21T16:29:39","modified_gmt":"2023-07-21T21:29:39","slug":"francia-expulsa-a-una-familia-musulmana-que-rapo-a-su-hija-por-salir-con-un-cristiano","status":"publish","type":"post","link":"https:\/\/redsemlac.com\/semmexico\/francia-expulsa-a-una-familia-musulmana-que-rapo-a-su-hija-por-salir-con-un-cristiano\/","title":{"rendered":"Francia expulsa a una familia musulmana que rap\u00f3 a su hija por salir con un cristiano"},"content":{"rendered":"\n<p class=\"wp-block-paragraph\"><strong>Por Mercedes Arancibia\u00a0<\/strong><\/p>\n\n\n\n<p class=\"wp-block-paragraph\">SemM\u00e9xico\/ Periodistas en Espa\u00f1ol. 26 de agosto de 2020.- El ministro del Interior franc\u00e9s, G\u00e9rald Darmarin, ha anunciado que la familia bosnio musulmana residente en la localidad de Besan\u00e7on que propin\u00f3 una paliza y rap\u00f3 al cero a una hija adolescente de diecisiete a\u00f1os, por tener relaciones con un chico cristiano de origen serbio, \u00abser\u00e1 conducida a la frontera, una vez finalice el procedimiento judicial abierto, porque no tiene nada que hacer en el suelo nacional\u00bb.<\/p>\n\n\n\n<p class=\"wp-block-paragraph\">La joven, que se encuentra bajo protecci\u00f3n judicial en una casa de acogida, no est\u00e1 afectada por la medida y podr\u00e1 seguir residiendo en Francia, dijo el ministro este 25 de agosto de 2020.<\/p>\n\n\n\n<p class=\"wp-block-paragraph\">La medida afecta a los padres de la adolescente, as\u00ed como a su t\u00edo y su t\u00eda, quienes deben responder ante el tribunal por \u00abviolencia a una menor, en reuni\u00f3n y delante de testigos\u00bb.<\/p>\n\n\n\n<p class=\"wp-block-paragraph\">La polic\u00eda les detuvo el lunes 17, despu\u00e9s de que el novio de la chica \u2013que vive en el mismo inmueble en Besan\u00e7on- denunciara que le hab\u00edan dado una paliza y le hab\u00edan rapado el pelo, explicando que el motivo era&nbsp;&nbsp;que la pareja quiere contraer matrimonio y la familia de ella se niega a consentirlo.<\/p>\n\n\n\n<p class=\"wp-block-paragraph\">Contra los padres de la menor, que tienen otros cuatro hijos m\u00e1s y llegaron a Francia desde Bosnia Herzegovina en 2017, las autoridades dictaron una orden de abandono del territorio en 2019, una vez que les fue denegada la petici\u00f3n de asilo. Entonces solicitaron una \u00abayuda para el regreso voluntario\u00bb, que se encontraba en tr\u00e1mite cuando Bosnia Herzegovina cerr\u00f3 sus fronteras a causa de&nbsp;&nbsp;la pandemia de la COVID-19. En cuanto a los t\u00edos, que llegaron a Francia en 2016,&nbsp;&nbsp;les podr\u00edan retirar el estatuto de refugiados \u00aben vista de su implicaci\u00f3n en los hechos y en funci\u00f3n de lo que diga la sentencia\u00bb.<\/p>\n\n\n\n<p class=\"wp-block-paragraph\">El pasado lunes 24 la pareja de adolescentes regres\u00f3 al domicilio familiar de la chica, tras una fuga de cuatro d\u00edas y acompa\u00f1ados de los padres del chico. Lo que empez\u00f3 como una discusi\u00f3n degener\u00f3 r\u00e1pidamente y, seg\u00fan ha declarado la joven que est\u00e1 llena de hematomas y tiene una costilla rota, fue el t\u00edo quien, a petici\u00f3n del padre, le rap\u00f3 la melena con una maquinilla.<\/p>\n","protected":false},"excerpt":{"rendered":"<p>El ministro del Interior franc\u00e9s, G\u00e9rald Darmarin, ha anunciado que la familia bosnio musulmana residente en la localidad de Besan\u00e7on que propin\u00f3 una paliza y rap\u00f3 al cero a una hija adolescente de diecisiete a\u00f1os, por tener relaciones con un chico cristiano de origen serbio.<\/p>\n","protected":false},"author":3,"featured_media":24602,"comment_status":"open","ping_status":"open","sticky":false,"template":"","format":"standard","meta":{"_monsterinsights_skip_tracking":false,"footnotes":""},"categories":[691,53],"tags":[],"class_list":["post-24601","post","type-post","status-publish","format-standard","has-post-thumbnail","category-691","category-internacional"],"_links":{"self":[{"href":"https:\/\/redsemlac.com\/semmexico\/wp-json\/wp\/v2\/posts\/24601","targetHints":{"allow":["GET"]}}],"collection":[{"href":"https:\/\/redsemlac.com\/semmexico\/wp-json\/wp\/v2\/posts"}],"about":[{"href":"https:\/\/redsemlac.com\/semmexico\/wp-json\/wp\/v2\/types\/post"}],"author":[{"embeddable":true,"href":"https:\/\/redsemlac.com\/semmexico\/wp-json\/wp\/v2\/users\/3"}],"replies":[{"embeddable":true,"href":"https:\/\/redsemlac.com\/semmexico\/wp-json\/wp\/v2\/comments?post=24601"}],"version-history":[{"count":0,"href":"https:\/\/redsemlac.com\/semmexico\/wp-json\/wp\/v2\/posts\/24601\/revisions"}],"wp:featuredmedia":[{"embeddable":true,"href":"https:\/\/redsemlac.com\/semmexico\/wp-json\/wp\/v2\/media\/24602"}],"wp:attachment":[{"href":"https:\/\/redsemlac.com\/semmexico\/wp-json\/wp\/v2\/media?parent=24601"}],"wp:term":[{"taxonomy":"category","embeddable":true,"href":"https:\/\/redsemlac.com\/semmexico\/wp-json\/wp\/v2\/categories?post=24601"},{"taxonomy":"post_tag","embeddable":true,"href":"https:\/\/redsemlac.com\/semmexico\/wp-json\/wp\/v2\/tags?post=24601"}],"curies":[{"name":"wp","href":"https:\/\/api.w.org\/{rel}","templated":true}]}}