{"id":2456,"date":"2018-06-29T22:01:36","date_gmt":"2018-06-29T22:01:36","guid":{"rendered":"https:\/\/redsemlac.com\/semmexico\/?p=2456"},"modified":"2023-07-21T14:32:20","modified_gmt":"2023-07-21T19:32:20","slug":"hacen-un-llamado-para-que-la-jornada-electoral-del-proximo-domingo-1o-de-julio-transcurra-en-un-ambiente-libre-de-violencia","status":"publish","type":"post","link":"https:\/\/redsemlac.com\/semmexico\/hacen-un-llamado-para-que-la-jornada-electoral-del-proximo-domingo-1o-de-julio-transcurra-en-un-ambiente-libre-de-violencia\/","title":{"rendered":"Hacen un llamado para que la jornada electoral del pr\u00f3ximo domingo 1\u00ba de julio transcurra en un ambiente libre de violencia"},"content":{"rendered":"\n<p class=\"wp-block-paragraph\"><a href=\"https:\/\/www.semmexico.com\/gallery-post.php?id=5188#\">Elda Montiel<\/a><\/p>\n\n\n\n<p class=\"wp-block-paragraph\">SemM\u00e9xico. Cd. de M\u00e9xico. 29 de junio de 2018.-&nbsp; Ante el incremento de la violencia pol\u00edtica de g\u00e9nero y con el fin de salvaguardar los derechos pol\u00edticos de las candidatas y ciudadan\u00eda en general, diversas instituciones, organizaciones de la sociedad civil y personas de diversos \u00e1mbitos de la vida nacional hacen un llamado para que la jornada electoral del pr\u00f3ximo domingo 1\u00ba de julio transcurra en un ambiente libre de violencia para que las y los mexicanos puedan ejercer su derecho al voto con plena libertad y seguridad.<\/p>\n\n\n\n<p class=\"wp-block-paragraph\">Este pronunciamiento se realiza por la relevancia de la jornada electoral en la que se renovar\u00e1n 243 cargos p\u00fablicos en la Ciudad de M\u00e9xico y por el hecho preocupante de la discriminaci\u00f3n y desigualdad a las que continuamente se enfrentan las mujeres, particularmente en la esfera p\u00fablica. Asimismo refrendaron su compromiso para trabajar en favor de los derechos humanos, la democracia y la construcci\u00f3n de una cultura de paz, libre de cualquier tipo de violencia.<\/p>\n\n\n\n<p class=\"wp-block-paragraph\">Tambi\u00e9n se hace un llamado a mantener un di\u00e1logo permanente despu\u00e9s de las elecciones con la firme convicci\u00f3n de abonar al fortalecimiento de la democracia de esta ciudad y del pa\u00eds.<\/p>\n\n\n\n<p class=\"wp-block-paragraph\">Las instituciones, organizaciones c\u00edvicas y personas convocantes son:<\/p>\n\n\n\n<p class=\"wp-block-paragraph\">Ana Cruz Navarro, cineasta; Cristina Alcayaga N\u00fa\u00f1ez, empresaria y escritora; Edith G\u00f3mez, periodista; Elvira Hern\u00e1ndez Carballido; Er\u00e9ndira Cruzvillegas Fuentes; Estela Livera, periodista; M.C. Fabiola L\u00f3pez Bautista; Gabriela Delgado Ballesteros, investigadora; Dra. Georgina C\u00e1rdenas Acosta, investigadora posdoctoral; Gilberto Ortiz Mu\u00f1iz, ingeniero qu\u00edmico; Dra. Josefina Hern\u00e1ndez T\u00e9llez, Jefa del \u00c1rea Acad\u00e9mica de Ciencias de la Comunicaci\u00f3n de la Universidad Aut\u00f3noma del Estado de Hidalgo; Lourdes Salgado Mart\u00ednez; Luc\u00eda Melgar, cr\u00edtica cultural; Patricia Pernas.<\/p>\n\n\n\n<p class=\"wp-block-paragraph\">Alianza C\u00edvica, Beatriz Camacho; Alianza C\u00edvica Nuevo Le\u00f3n, Nelli Herrera; Centro de Formaci\u00f3n y Educaci\u00f3n para el Desarrollo Social, AC (CEDES AC), CDMX; Clara Scherer y asociadas; Club M\u00e9xico Migrante, USA; Coalici\u00f3n Internacional de Mexicanos en el Exterior, Illinois, USA; Connecting Immigrants Network, Chicago, IL, USA; Corazonar A.C.; Equipo Pueblo, A.C., Laura Becerra Pozos; Elige Red de J\u00f3venes por los Derechos Sexuales y Reproductivos A.C.; Glifos Comunicaciones A.C., Elva Narcia; INCIDE Social A.C., Clara Jusidman; Instituto de Desarrollo y Atenci\u00f3n Psico Social, Colectivo IDAPS; Investigaci\u00f3n, An\u00e1lisis y Propuestas en Derechos Humanos, IAP-DH, Paulina Mendoza Castillo; Promotora M\u00e9xico Migrante, M\u00e9xico; 12624 Consultoras, S.C., Teresa Hevia Rocha.<\/p>\n\n\n\n<p class=\"wp-block-paragraph\">Comisi\u00f3n de Derechos Humanos del Distrito Federal; Fiscal\u00eda Central de Investigaci\u00f3n para la Atenci\u00f3n de Asuntos Especiales y Electorales de la Procuradur\u00eda General de Justicia de la Ciudad de M\u00e9xico; Instituto Electoral de la Ciudad de M\u00e9xico; Instituto de la Juventud de la Ciudad de M\u00e9xico; Tribunal Electoral de la Ciudad de M\u00e9xico.<br><\/p>\n","protected":false},"excerpt":{"rendered":"<p>Elda Montiel SemM\u00e9xico. Cd. de M\u00e9xico. 29 de junio de 2018.-&nbsp; Ante el incremento de la violencia pol\u00edtica de g\u00e9nero y con el fin de salvaguardar los derechos pol\u00edticos de las candidatas y ciudadan\u00eda en general, diversas instituciones, organizaciones de la sociedad civil y personas de diversos \u00e1mbitos de la vida nacional hacen un llamado [&hellip;]<\/p>\n","protected":false},"author":3,"featured_media":2457,"comment_status":"open","ping_status":"open","sticky":false,"template":"","format":"standard","meta":{"_monsterinsights_skip_tracking":false,"footnotes":""},"categories":[689,33],"tags":[],"class_list":["post-2456","post","type-post","status-publish","format-standard","has-post-thumbnail","category-689","category-elecciones-2018"],"_links":{"self":[{"href":"https:\/\/redsemlac.com\/semmexico\/wp-json\/wp\/v2\/posts\/2456","targetHints":{"allow":["GET"]}}],"collection":[{"href":"https:\/\/redsemlac.com\/semmexico\/wp-json\/wp\/v2\/posts"}],"about":[{"href":"https:\/\/redsemlac.com\/semmexico\/wp-json\/wp\/v2\/types\/post"}],"author":[{"embeddable":true,"href":"https:\/\/redsemlac.com\/semmexico\/wp-json\/wp\/v2\/users\/3"}],"replies":[{"embeddable":true,"href":"https:\/\/redsemlac.com\/semmexico\/wp-json\/wp\/v2\/comments?post=2456"}],"version-history":[{"count":0,"href":"https:\/\/redsemlac.com\/semmexico\/wp-json\/wp\/v2\/posts\/2456\/revisions"}],"wp:featuredmedia":[{"embeddable":true,"href":"https:\/\/redsemlac.com\/semmexico\/wp-json\/wp\/v2\/media\/2457"}],"wp:attachment":[{"href":"https:\/\/redsemlac.com\/semmexico\/wp-json\/wp\/v2\/media?parent=2456"}],"wp:term":[{"taxonomy":"category","embeddable":true,"href":"https:\/\/redsemlac.com\/semmexico\/wp-json\/wp\/v2\/categories?post=2456"},{"taxonomy":"post_tag","embeddable":true,"href":"https:\/\/redsemlac.com\/semmexico\/wp-json\/wp\/v2\/tags?post=2456"}],"curies":[{"name":"wp","href":"https:\/\/api.w.org\/{rel}","templated":true}]}}