{"id":24145,"date":"2020-08-17T19:39:49","date_gmt":"2020-08-17T19:39:49","guid":{"rendered":"https:\/\/redsemlac.com\/semmexico\/?p=24145"},"modified":"2023-07-21T16:28:50","modified_gmt":"2023-07-21T21:28:50","slug":"denuncia-diputada-wendy-briceno-persecucion-e-intimidacion-en-sonora","status":"publish","type":"post","link":"https:\/\/redsemlac.com\/semmexico\/denuncia-diputada-wendy-briceno-persecucion-e-intimidacion-en-sonora\/","title":{"rendered":"Denuncia diputada Wendy Brice\u00f1o persecuci\u00f3n e intimidaci\u00f3n en Sonora"},"content":{"rendered":"\n<ul class=\"wp-block-list\"><li><strong>Llama a la Gobernadora Claudia Pavlovich a garantizar su seguridad<\/strong><\/li><\/ul>\n\n\n\n<ul class=\"wp-block-list\"><li><strong>Tambi\u00e9n demanda protecci\u00f3n para las activistas Olimpia Coral y Frida G\u00f3mez<\/strong><\/li><\/ul>\n\n\n\n<p class=\"wp-block-paragraph\"><strong>Redacci\u00f3n<\/strong><\/p>\n\n\n\n<p class=\"wp-block-paragraph\">SemM\u00e9xico\/BillieParkerNoticias, Hermosillo, Son., 17 de agosto, 2020.- La diputada Wendy Brice\u00f1o Zuloaga, Presidenta de la Comisi\u00f3n de igualdad de g\u00e9nero en la c\u00e1mara de diputados, denunci\u00f3 en sus redes vigilancia ilegal e intimidaci\u00f3n sobre su persona y j\u00f3venes activistas que frenaron la intentona de amordazar mujeres con una ley que mal llamaron \u201cLey Olimpia\u201d<\/p>\n\n\n\n<p class=\"wp-block-paragraph\">\u201cDesde el viernes en la noche me han estado siguiendo; hay un coche afuera de mi casa vigilando; tengo placas de uno de los carros. Esto nos fue advertido por uno de los meseros donde cen\u00e1bamos @OlimpiaCMujer, Frida y personas de mi equipo. Son t\u00e1cticas represoras muy delicadas\u201d., escribi\u00f3 la legisladora de Morena.<\/p>\n\n\n\n<div class=\"wp-block-image\"><figure class=\"alignleft size-large is-resized\"><img loading=\"lazy\" decoding=\"async\" src=\"https:\/\/redsemlac.com\/semmexico\/wp-content\/uploads\/2020\/08\/Captura-de-pantalla-2020-08-17-a-las-11.54.25.png\" alt=\"\" class=\"wp-image-24146\" width=\"353\" height=\"217\"\/><\/figure><\/div>\n\n\n\n<p class=\"wp-block-paragraph\">La legisladora morenista por Sonora agreg\u00f3 adem\u00e1s que la acosan medi\u00e1ticamente con violencia simb\u00f3lica.<\/p>\n\n\n\n<p class=\"wp-block-paragraph\">\u201cTambi\u00e9n hay un grupo de plumas pagadas, las que consistentemente empiezan a atacarme, a calumniarme, a hacer acusaciones sin prueba alguna en redes sociales, actuando como manada, y en columnas que salen al mismo tiempo con las mismas calumnias. Es un modus operandi que se repite\u201d, escribi\u00f3 en otro mensaje.<\/p>\n\n\n\n<p class=\"wp-block-paragraph\">Hasta el momento no ha dado a conocer si interpuso denuncia formal pero llama publicamente a la gobernadora Claudia Pavlovich a que se garantice su seguridad y la de las activistas que impidieron que su iniciativa rebautizada fraudulentamente como la creada por Olimpia Coral Melo, \u201cLey Olimpia\u201d, contra la violencia digital, y que ella y su grupo impidieron el pasado viernes fuera aprobada en el congreso de Sonora.<\/p>\n\n\n\n<p class=\"wp-block-paragraph\">\u201cDesde tu medio hago un llamado a la Gobernadora @ClaudiaPavlovic y @ClaudiaIndiraC para que garanticen la seguridad de una servidora y tambi\u00e9n de las j\u00f3venes que se manifestaron leg\u00edtimamente. La represi\u00f3n, la persecuci\u00f3n, la calumnia no deben ser instrumentos de la pol\u00edtica.\u201d<\/p>\n\n\n\n<p class=\"wp-block-paragraph\">Ademas hace un recordatorio \u201camistoso\u201d a los periodistas de la prensa sonorense que muestran actitudes machistas.<\/p>\n\n\n\n<p class=\"wp-block-paragraph\">\u201cRecordatorio amistoso, como lo dice esta compa\u00f1era, a todos los pseudoperiodistas que est\u00e1n calumniando, amenazando, acusando, incitando con mensajes de odio, mis\u00f3ginos, xen\u00f3fobos y de violencia pol\u00edtica en raz\u00f3n de g\u00e9nero\u201d.<\/p>\n\n\n\n<p class=\"wp-block-paragraph\">La gobernadora de Sonora no ha emitido mensaje alguno dando respuesta a la diputada del grupo parlamentario de Morena.<\/p>\n\n\n\n<p class=\"wp-block-paragraph\">SEM-BPN<\/p>\n","protected":false},"excerpt":{"rendered":"<p>La diputada Wendy Brice\u00f1o Zuloaga, Presidenta de la Comisi\u00f3n de igualdad de g\u00e9nero en la c\u00e1mara de diputados, denunci\u00f3 en sus redes vigilancia ilegal e intimidaci\u00f3n sobre su persona y j\u00f3venes activistas<\/p>\n","protected":false},"author":3,"featured_media":24147,"comment_status":"open","ping_status":"open","sticky":false,"template":"","format":"standard","meta":{"_monsterinsights_skip_tracking":false,"footnotes":""},"categories":[691,50],"tags":[],"class_list":["post-24145","post","type-post","status-publish","format-standard","has-post-thumbnail","category-691","category-congreso"],"_links":{"self":[{"href":"https:\/\/redsemlac.com\/semmexico\/wp-json\/wp\/v2\/posts\/24145","targetHints":{"allow":["GET"]}}],"collection":[{"href":"https:\/\/redsemlac.com\/semmexico\/wp-json\/wp\/v2\/posts"}],"about":[{"href":"https:\/\/redsemlac.com\/semmexico\/wp-json\/wp\/v2\/types\/post"}],"author":[{"embeddable":true,"href":"https:\/\/redsemlac.com\/semmexico\/wp-json\/wp\/v2\/users\/3"}],"replies":[{"embeddable":true,"href":"https:\/\/redsemlac.com\/semmexico\/wp-json\/wp\/v2\/comments?post=24145"}],"version-history":[{"count":0,"href":"https:\/\/redsemlac.com\/semmexico\/wp-json\/wp\/v2\/posts\/24145\/revisions"}],"wp:featuredmedia":[{"embeddable":true,"href":"https:\/\/redsemlac.com\/semmexico\/wp-json\/wp\/v2\/media\/24147"}],"wp:attachment":[{"href":"https:\/\/redsemlac.com\/semmexico\/wp-json\/wp\/v2\/media?parent=24145"}],"wp:term":[{"taxonomy":"category","embeddable":true,"href":"https:\/\/redsemlac.com\/semmexico\/wp-json\/wp\/v2\/categories?post=24145"},{"taxonomy":"post_tag","embeddable":true,"href":"https:\/\/redsemlac.com\/semmexico\/wp-json\/wp\/v2\/tags?post=24145"}],"curies":[{"name":"wp","href":"https:\/\/api.w.org\/{rel}","templated":true}]}}