{"id":24126,"date":"2020-08-17T17:01:57","date_gmt":"2020-08-17T17:01:57","guid":{"rendered":"https:\/\/redsemlac.com\/semmexico\/?p=24126"},"modified":"2023-07-21T16:28:51","modified_gmt":"2023-07-21T21:28:51","slug":"para-que-nos-enganan-de-que-todo-va-muy-bien","status":"publish","type":"post","link":"https:\/\/redsemlac.com\/semmexico\/para-que-nos-enganan-de-que-todo-va-muy-bien\/","title":{"rendered":"\u00bfPara qu\u00e9 nos enga\u00f1an de que todo va muy bien?"},"content":{"rendered":"\n<ul class=\"wp-block-list\"><li>Reformar en el papel el sistema judicial, suena hueco y vac\u00edo<\/li><\/ul>\n\n\n\n<p class=\"wp-block-paragraph\"><strong>Sara Lovera<\/strong><\/p>\n\n\n\n<p class=\"wp-block-paragraph\">SemM\u00e9xico. 17 de agosto 2020.- Nada es m\u00e1s doloroso que la p\u00e9rdida violenta de una hija. Nada m\u00e1s indignante que la impunidad, prima hermana de la impericia y la indiferencia. Nada es mucho peor que el enga\u00f1o y la complicidad.<br><\/p>\n\n\n\n<p class=\"wp-block-paragraph\">Los casos y hechos son innumerables, pero cuando est\u00e1n muy cerca, nada lo consuela, nada lo explica, nada lo justifica. Hace dos a\u00f1os, dos meses y 15 d\u00edas que Mar\u00eda del Sol Cruz Jarqu\u00edn fue una de las v\u00edctimas de un triple asesinato, el cual sigue impune y est\u00e1 rodeado por la indolencia y el cinismo de las autoridades.<br>Protestar por lo sucedido, ya produjo amenazas para quienes exigen justicia, como le sucedi\u00f3 no hace mucho al grupo de mujeres de Consorcio para el Di\u00e1logo Parlamentario y la Equidad Oaxaca, AC, quienes no han escatimado solidaridad militante, ah\u00ed, en Oaxaca.<br><\/p>\n\n\n\n<p class=\"wp-block-paragraph\">Por este asesinato sucedido la madrugada del 2 de junio de 2018, en Juchit\u00e1n de Zaragoza, Oaxaca, por la actitud del fiscal del estado y el silencio del gobierno, el caso de Mar\u00eda del Sol Cruz Jarqu\u00edn ha concitado toda clase de reclamos de los grupos de mujeres, de diputadas federales, del gremio period\u00edstico y a\u00fan de organismos internacionales.<br><\/p>\n\n\n\n<p class=\"wp-block-paragraph\">T\u00edmidas las instituciones federales y locales que \u201cdefienden\u201d a las mujeres, t\u00edmidas las autoridades electorales, debido a que el crimen sucedi\u00f3 durante las elecciones de 2018, cuando Mar\u00eda del Sol hab\u00eda sido envidada a apoyar a Hageo Montero L\u00f3pez, hermano del secretario de asuntos ind\u00edgenas de Oaxaca. <\/p>\n\n\n\n<p class=\"wp-block-paragraph\">T\u00edmidas, igualmente, todas las instancias variadas y diversas que dicen impartir justicia.<br><\/p>\n\n\n\n<p class=\"wp-block-paragraph\">Y no s\u00f3lo t\u00edmidas; tambi\u00e9n tibias, las autoridades que dicen proteger a las y los periodistas, en el pedestal de la Secretar\u00eda de Gobernaci\u00f3n, ofreciendo que se har\u00eda lo imposible por dar con los culpables. La fotoperiodista Mar\u00eda del Sol era la responsable de Comunicaci\u00f3n Social de esa Secretar\u00eda en aquel junio de 2018. Bajo amenaza de perder su trabajo, fue enviada a la campa\u00f1a del hermano de Francisco Montero, en el lugar donde hubo un triple homicidio. Una joven inteligente y creativa, cuya vida fue segada por un criminal a sueldo que anda libre.<br><\/p>\n\n\n\n<p class=\"wp-block-paragraph\">El feminicidio de Mar\u00eda del Sol Cruz Jarqu\u00edn es, entre miles, un acto de lesa humanidad en este pa\u00eds donde la impunidad llega a extremos inenarrables. Su madre, periodista como ella, no ha descansado desde aquella terrible madrugada, tocando todas las puertas oficiales, protestando, escribiendo. Pide solamente investigaci\u00f3n y justicia.<br><\/p>\n\n\n\n<p class=\"wp-block-paragraph\">A la tremenda situaci\u00f3n que estamos viviendo, de temor e inseguridad por el Covid-19, se suma ese otro temor latente: el de no salir nunca de esta sensaci\u00f3n de desamparo que aparece en los entretelones cotidianos del confinamiento; esta sensaci\u00f3n de incapacidad colectiva de obtener justicia, de acabar con la impericia y tener otro mundo posible. No se puede admitir, no es humano, que cada ma\u00f1ana nos digan: \u201cVamos bien\u201d. No se entiende.<br><\/p>\n\n\n\n<p class=\"wp-block-paragraph\">En este marco, donde se yergue en mi memoria la hermosa sonrisa de Mar\u00eda del Sol, es que me rebelo, protesto, desobedezco, me indigno.<br><\/p>\n\n\n\n<p class=\"wp-block-paragraph\">\u00bfHasta cu\u00e1ndo el aparato de injusticia cambiar\u00e1? \u00bfO no cambiar\u00e1 y debemos derrotarnos? La madre, hoy madre del feminicidio, no ha parado. Por ella nos enteramos de manera directa de c\u00f3mo su dolor se ha convertido en fortaleza. Sus pares, miles de madres que buscan a sus hijas por desaparici\u00f3n forzada, las mismas que protestan por los feminicidios de sus hijas, no cejan. <\/p>\n\n\n\n<p class=\"wp-block-paragraph\">Son como el heraldo que anuncia tempestades de estrellas, de esperanza, porque est\u00e1n fuertes, altivas, alzadas. Toman caminos, plazas y nada las calla. Sue\u00f1an todos los d\u00edas en que su indignaci\u00f3n colectiva no ser\u00e1 borrada como signo de la desesperanza de un pueblo, sino alguna vez reivindicada.<br><\/p>\n\n\n\n<p class=\"wp-block-paragraph\">Para estas madres, para la que me duele en el alma: Soledad Jarqu\u00edn Edgar, hoy presidenta del jurado calificador del Premio Nacional de Periodismo 2019, cuya palabra y pensamiento recorre el pa\u00eds, no les dicen nada los discursos y los anuncios, ya de ocho meses, de que se reformar\u00e1 el sistema de justicia. Para ellas, es solo simulaci\u00f3n. Les suena hueca la campa\u00f1a de puras palabras contra la corrupci\u00f3n, esa que es cotidiana en los juzgados, en las fiscal\u00edas, en los s\u00f3tanos de los tribunales, y nadie la ve.<br><\/p>\n\n\n\n<p class=\"wp-block-paragraph\">Tan huecos los discursos frente a los hechos, esos que en el periodismo se vuelven fr\u00edas estad\u00edsticas, donde las im\u00e1genes de dolor se vuelven obscenas, porque han borrado su contenido humano y certero de la raz\u00f3n y el amor.<br><\/p>\n\n\n\n<p class=\"wp-block-paragraph\">\u00bfC\u00f3mo significar el anuncio de que este 18 de agosto, en parlamento abierto en el Senado de la Rep\u00fablica, se empezar\u00e1 a revisar c\u00f3mo hacer que se transforme el sistema judicial mexicano? \u00bfUstedes creen? Si durante dos d\u00e9cadas se nos ha vacunado contra el sentimiento de horror que causa la muerte violenta, esa que acaba con la vida de al menos once mujeres todos los d\u00edas, por feminicidio. No lo entiendo. No puedo.<br><\/p>\n\n\n\n<p class=\"wp-block-paragraph\">Y todo ello vino a mi mente, cuando le\u00ed este domingo que se repondr\u00e1 el proceso del asesinato de Abril P\u00e9rez Saga\u00f3n \u2013presuntamente asesinada por su pareja\u2013 para juzgarlo como feminicidio. Que se intentar\u00e1 encarcelar al responsable, que s\u00ed habr\u00e1 hoy, a un a\u00f1o, un juicio con perspectiva de g\u00e9nero. Habr\u00e1 aplausos, felicitaciones, pero de nada me sirve, me dije al leer la primera plana de Reforma, ni me da ninguna esperanza el espect\u00e1culo anunciado, con zoom y discusi\u00f3n a distancia en ese parlamento. Me urge saber si hay alguien por ah\u00ed que logre humanizar esto que no es vida.<\/p>\n\n\n\n<p class=\"wp-block-paragraph\">saraloveralopez@gmail.com, Twitter @saraloveralpez<\/p>\n","protected":false},"excerpt":{"rendered":"<p>Reformar en el papel el sistema judicial, suena hueco y vac\u00edo<\/p>\n","protected":false},"author":3,"featured_media":9290,"comment_status":"open","ping_status":"open","sticky":false,"template":"","format":"standard","meta":{"_monsterinsights_skip_tracking":false,"footnotes":""},"categories":[691,35,95,69],"tags":[],"class_list":["post-24126","post","type-post","status-publish","format-standard","has-post-thumbnail","category-691","category-opinion","category-palabra-de-antigona","category-sara-lovera"],"_links":{"self":[{"href":"https:\/\/redsemlac.com\/semmexico\/wp-json\/wp\/v2\/posts\/24126","targetHints":{"allow":["GET"]}}],"collection":[{"href":"https:\/\/redsemlac.com\/semmexico\/wp-json\/wp\/v2\/posts"}],"about":[{"href":"https:\/\/redsemlac.com\/semmexico\/wp-json\/wp\/v2\/types\/post"}],"author":[{"embeddable":true,"href":"https:\/\/redsemlac.com\/semmexico\/wp-json\/wp\/v2\/users\/3"}],"replies":[{"embeddable":true,"href":"https:\/\/redsemlac.com\/semmexico\/wp-json\/wp\/v2\/comments?post=24126"}],"version-history":[{"count":0,"href":"https:\/\/redsemlac.com\/semmexico\/wp-json\/wp\/v2\/posts\/24126\/revisions"}],"wp:featuredmedia":[{"embeddable":true,"href":"https:\/\/redsemlac.com\/semmexico\/wp-json\/wp\/v2\/media\/9290"}],"wp:attachment":[{"href":"https:\/\/redsemlac.com\/semmexico\/wp-json\/wp\/v2\/media?parent=24126"}],"wp:term":[{"taxonomy":"category","embeddable":true,"href":"https:\/\/redsemlac.com\/semmexico\/wp-json\/wp\/v2\/categories?post=24126"},{"taxonomy":"post_tag","embeddable":true,"href":"https:\/\/redsemlac.com\/semmexico\/wp-json\/wp\/v2\/tags?post=24126"}],"curies":[{"name":"wp","href":"https:\/\/api.w.org\/{rel}","templated":true}]}}