{"id":24120,"date":"2020-08-16T10:19:00","date_gmt":"2020-08-16T10:19:00","guid":{"rendered":"https:\/\/redsemlac.com\/semmexico\/?p=24120"},"modified":"2023-07-21T16:28:51","modified_gmt":"2023-07-21T21:28:51","slug":"michoacan-49","status":"publish","type":"post","link":"https:\/\/redsemlac.com\/semmexico\/michoacan-49\/","title":{"rendered":"Preparan en Michoac\u00e1n protocolo de atenci\u00f3n para menores en orfandad por feminicidio"},"content":{"rendered":"\n<ul class=\"wp-block-list\"><li><strong>Permitir\u00e1 dar atenci\u00f3n y acompa\u00f1amiento psico-emocional e institucional a todas las ni\u00f1as, ni\u00f1os y adolescentes en condici\u00f3n de orfandad por feminicidio.<\/strong><\/li><\/ul>\n\n\n\n<p class=\"wp-block-paragraph\"><strong>Redacci\u00f3n<\/strong><\/p>\n\n\n\n<p class=\"wp-block-paragraph\">SemM\u00e9xico. Morelia, Michoac\u00e1n, a 16 de agosto de 2020.- Son las ni\u00f1as, ni\u00f1os y adolescentes las v\u00edctimas indirectas en un caso de feminicidio, reconoci\u00f3 la secretaria de Igualdad Sustantiva y Desarrollo de las Mujeres (Seimujer), Nuria Gabriela Hern\u00e1ndez Abarca, al anunciar que se prepara el Protocolo Estatal de Atenci\u00f3n Integral a menores de edad en condici\u00f3n de Orfandad por Feminicidio.<\/p>\n\n\n\n<p class=\"wp-block-paragraph\">Fue durante la sesi\u00f3n ordinaria del Sistema Estatal de Protecci\u00f3n Integral de Ni\u00f1as, Ni\u00f1os y Adolescentes de Michoac\u00e1n (Sipinna), donde la funcionaria dio a conocer que actualmente se tiene un registro de m\u00e1s de 80 menores de edad que se encuentran en condici\u00f3n de orfandad tras perder a su madre por violencia feminicida.<\/p>\n\n\n\n<p class=\"wp-block-paragraph\">El protocolo estatal, dijo Hern\u00e1ndez Abarca, permitir\u00e1 dar atenci\u00f3n y acompa\u00f1amiento psico-emocional e institucional a todas las ni\u00f1as, ni\u00f1os y adolescentes en condici\u00f3n de orfandad por feminicidio, la acci\u00f3n ser\u00e1 coordinada por la Seimujer en colaboraci\u00f3n de Sipinna, la Fiscal\u00eda General del Estado y dem\u00e1s instancias involucradas en el tema.<\/p>\n\n\n\n<p class=\"wp-block-paragraph\">&nbsp;\u201cEs obligaci\u00f3n del Estado garantizar que nuestras ni\u00f1as, ni\u00f1os y adolescentes, puedan crecer en un ambiente sano y de armon\u00eda\u201d, dijo la funcionaria durante la presentaci\u00f3n del punto de acuerdo que fue aprobado por las y los integrantes del Sistema.<\/p>\n\n\n\n<p class=\"wp-block-paragraph\">En la sesi\u00f3n, en la que particip\u00f3 Ricardo Antonio Bucio M\u00fajica, secretario ejecutivo del Sistema Nacional de Protecci\u00f3n Integral de Ni\u00f1as, Ni\u00f1os y Adolescentes (SIPINNA), Hern\u00e1ndez Abarca, adelant\u00f3 que, mediante la prestaci\u00f3n de servicios diferenciales y especializados de ayuda inmediata, asistencia, atenci\u00f3n y reparaci\u00f3n integral del da\u00f1o, se podr\u00e1 atender a todos los menores de edad.<\/p>\n\n\n\n<p class=\"wp-block-paragraph\">SEM\/IL<\/p>\n","protected":false},"excerpt":{"rendered":"<p>Permitir\u00e1 dar atenci\u00f3n y acompa\u00f1amiento psico-emocional e institucional a todas las ni\u00f1as, ni\u00f1os y adolescentes en condici\u00f3n de orfandad por feminicidio.<\/p>\n","protected":false},"author":3,"featured_media":24121,"comment_status":"open","ping_status":"open","sticky":false,"template":"","format":"standard","meta":{"_monsterinsights_skip_tracking":false,"footnotes":""},"categories":[691,51],"tags":[],"class_list":["post-24120","post","type-post","status-publish","format-standard","has-post-thumbnail","category-691","category-ejecutivo"],"_links":{"self":[{"href":"https:\/\/redsemlac.com\/semmexico\/wp-json\/wp\/v2\/posts\/24120","targetHints":{"allow":["GET"]}}],"collection":[{"href":"https:\/\/redsemlac.com\/semmexico\/wp-json\/wp\/v2\/posts"}],"about":[{"href":"https:\/\/redsemlac.com\/semmexico\/wp-json\/wp\/v2\/types\/post"}],"author":[{"embeddable":true,"href":"https:\/\/redsemlac.com\/semmexico\/wp-json\/wp\/v2\/users\/3"}],"replies":[{"embeddable":true,"href":"https:\/\/redsemlac.com\/semmexico\/wp-json\/wp\/v2\/comments?post=24120"}],"version-history":[{"count":0,"href":"https:\/\/redsemlac.com\/semmexico\/wp-json\/wp\/v2\/posts\/24120\/revisions"}],"wp:featuredmedia":[{"embeddable":true,"href":"https:\/\/redsemlac.com\/semmexico\/wp-json\/wp\/v2\/media\/24121"}],"wp:attachment":[{"href":"https:\/\/redsemlac.com\/semmexico\/wp-json\/wp\/v2\/media?parent=24120"}],"wp:term":[{"taxonomy":"category","embeddable":true,"href":"https:\/\/redsemlac.com\/semmexico\/wp-json\/wp\/v2\/categories?post=24120"},{"taxonomy":"post_tag","embeddable":true,"href":"https:\/\/redsemlac.com\/semmexico\/wp-json\/wp\/v2\/tags?post=24120"}],"curies":[{"name":"wp","href":"https:\/\/api.w.org\/{rel}","templated":true}]}}