{"id":2412,"date":"2018-07-03T16:02:05","date_gmt":"2018-07-03T16:02:05","guid":{"rendered":"https:\/\/redsemlac.com\/semmexico\/?p=2412"},"modified":"2023-07-21T14:32:19","modified_gmt":"2023-07-21T19:32:19","slug":"habra-una-primera-alcaldesa-en-tlalpan","status":"publish","type":"post","link":"https:\/\/redsemlac.com\/semmexico\/habra-una-primera-alcaldesa-en-tlalpan\/","title":{"rendered":"Habr\u00e1 una primera alcaldesa en Tlalpan"},"content":{"rendered":"\n<p class=\"wp-block-paragraph\"><a href=\"https:\/\/www.semmexico.com\/gallery-post.php?id=5217#\">Lizbeth \u00c1lvarez<\/a><\/p>\n\n\n\n<p class=\"wp-block-paragraph\">SemM\u00e9xico, Cd. M\u00e9xico, 03 julio 2018. Se espera que el nuevo Senado de la Rep\u00fablica y el Congreso de la Uni\u00f3n queden conformados de manera paritaria. En ese sentido, dos mujeres feministas que participar\u00e1n en ambas c\u00e1maras, Martha Ang\u00e9lica Tagle Mart\u00ednez y Patricia Mercado Castro, expresan que seguir\u00e1n luchando por los derechos de las mujeres.<\/p>\n\n\n\n<p class=\"wp-block-paragraph\">En entrevista para SemM\u00e9xico, la candidata a diputada federal por Movimiento Ciudadano, Martha Tagle, expres\u00f3 que el siguiente paso es atender dos temas fundamentales en el pa\u00eds: c\u00f3mo frenar la violencia de g\u00e9nero en sus m\u00faltiples manifestaciones desde el acoso, la violencia sexual, pol\u00edtica, hasta el feminicidio. &nbsp;<\/p>\n\n\n\n<p class=\"wp-block-paragraph\">\u201cTenemos que hacer una revisi\u00f3n y redise\u00f1o de las pol\u00edticas p\u00fablicas en este tema, porque sigue siendo el gran reto: que las mujeres podamos vivir libres de violencia para poder hacer todo lo dem\u00e1s\u201d, cit\u00f3. &nbsp;<\/p>\n\n\n\n<p class=\"wp-block-paragraph\">Coment\u00f3 que el otro gran tema, tiene que ver con el empoderamiento econ\u00f3mico de las mujeres. Ya avanzamos en lo pol\u00edtico, pero ahora de lo que se trata es de cambiar la calidad de vida de las mujeres, eso pasa por un sistema de cuidados y de mayores posibilidades en los salarios.<\/p>\n\n\n\n<p class=\"wp-block-paragraph\">\u201cHabr\u00e1 que ver qui\u00e9nes llegamos con la agenda feminista para seguir abonando en el reconocimiento de la salud sexual, reproductiva y en la autonom\u00eda del cuerpo de las mujeres\u201d.<\/p>\n\n\n\n<p class=\"wp-block-paragraph\">Destac\u00f3 que habr\u00e1 un n\u00famero importante de presidentas municipales y dos posibles gobernadoras, la de la Ciudad de M\u00e9xico, Claudia Sheinbaum y la del estado de Puebla, Martha Erika Alonso. \u201cUna de las buenas noticias es que tendremos un Senado y un Congreso con paridad, resultado de muchos a\u00f1os de lucha\u201d. &nbsp;<\/p>\n\n\n\n<p class=\"wp-block-paragraph\">Por su parte, la ex secretaria de gobierno de la Ciudad de M\u00e9xico, hoy candidata de Movimiento Ciudadano al Senado, Patricia Mercado, declar\u00f3 a sus seguidores en redes sociales: \u201cEstoy segura que ustedes me dieron ese voto; le dieron ese voto a Movimiento Ciudadano, para que yo represente ah\u00ed las causas por las que siempre he luchado y lleve ah\u00ed el trabajo por estas convicciones que compartimos; m\u00e1s derechos, libertades.\u201d<\/p>\n\n\n\n<p class=\"wp-block-paragraph\">\u201cEl derecho a decir de las mujeres, en todo lo que esto significa, todas las pol\u00edticas, las reformas legislativas, la inversi\u00f3n presupuestal que necesitamos para que las mujeres de verdad puedan decidir sobre su cuerpo, sobre su vida. La inclusi\u00f3n que nadie sea excluido, discriminado, que todos respeten al otro y todo lo que implica la inclusi\u00f3n. Hay una definici\u00f3n en el gobierno de Andr\u00e9s Manuel L\u00f3pez Obrador en su \u00faltimo recurso en el tema de inclusi\u00f3n, vamos a ver c\u00f3mo se concreta eso. Se tiene que fortalecer el Estado laico\u201d. &nbsp;<\/p>\n\n\n\n<p class=\"wp-block-paragraph\"><strong>Le desea Alfa suerte a la alcaldesa de Tlalpan<\/strong><\/p>\n\n\n\n<p class=\"wp-block-paragraph\">No le favorecieron los votos a la ex candidata a la alcald\u00eda de Tlalpan de la coalici\u00f3n \u201cPor la Ciudad de M\u00e9xico al Frente\u201d, Alfa Gonz\u00e1lez Magallanes, en la jornada electoral m\u00e1s grande de M\u00e9xico.<\/p>\n\n\n\n<p class=\"wp-block-paragraph\">Ante la derrota por parte de la coalici\u00f3n Juntos haremos historia, expres\u00f3 que sin duda Tlalpan requiere una gran inversi\u00f3n presupuestal para mejorar sus calles, banquetas, para que est\u00e9 iluminada; para que tenga parques p\u00fablicos, centros deportivos, para combatir las inundaciones, la falta de agua; para combatir la inseguridad, la violencia -dentro y fuera de las casas; generar estancias infantiles, escuelas y oportunidades laborales, entre muchos otros grandes problemas.<\/p>\n\n\n\n<p class=\"wp-block-paragraph\">Dijo que, sin embargo, el cambio en lo que ser\u00e1 la primera Alcald\u00eda de Tlalpan, no puede hacerlo una sola persona: \u201cnecesitamos trabajar juntos ciudadan\u00eda y gobierno, exigir rendici\u00f3n de cuentas, transparencia y aplicaci\u00f3n racional del presupuesto\u201d y dese\u00f3 el mayor de los \u00e9xitos para su administraci\u00f3n. Asimismo, agradeci\u00f3 a quienes le brindaron su confianza y votaron por ella.<\/p>\n\n\n\n<p class=\"wp-block-paragraph\">Cabe recordar que hasta la fecha, la ciudad de M\u00e9xico no se divid\u00eda en municipios, sino en 16 delegaciones.<\/p>\n\n\n\n<p class=\"wp-block-paragraph\">SEM\/LA\/mr<\/p>\n","protected":false},"excerpt":{"rendered":"<p>Lizbeth \u00c1lvarez SemM\u00e9xico, Cd. M\u00e9xico, 03 julio 2018. Se espera que el nuevo Senado de la Rep\u00fablica y el Congreso de la Uni\u00f3n queden conformados de manera paritaria. En ese sentido, dos mujeres feministas que participar\u00e1n en ambas c\u00e1maras, Martha Ang\u00e9lica Tagle Mart\u00ednez y Patricia Mercado Castro, expresan que seguir\u00e1n luchando por los derechos de [&hellip;]<\/p>\n","protected":false},"author":3,"featured_media":2413,"comment_status":"open","ping_status":"open","sticky":false,"template":"","format":"standard","meta":{"_monsterinsights_skip_tracking":false,"footnotes":""},"categories":[689,33],"tags":[],"class_list":["post-2412","post","type-post","status-publish","format-standard","has-post-thumbnail","category-689","category-elecciones-2018"],"_links":{"self":[{"href":"https:\/\/redsemlac.com\/semmexico\/wp-json\/wp\/v2\/posts\/2412","targetHints":{"allow":["GET"]}}],"collection":[{"href":"https:\/\/redsemlac.com\/semmexico\/wp-json\/wp\/v2\/posts"}],"about":[{"href":"https:\/\/redsemlac.com\/semmexico\/wp-json\/wp\/v2\/types\/post"}],"author":[{"embeddable":true,"href":"https:\/\/redsemlac.com\/semmexico\/wp-json\/wp\/v2\/users\/3"}],"replies":[{"embeddable":true,"href":"https:\/\/redsemlac.com\/semmexico\/wp-json\/wp\/v2\/comments?post=2412"}],"version-history":[{"count":0,"href":"https:\/\/redsemlac.com\/semmexico\/wp-json\/wp\/v2\/posts\/2412\/revisions"}],"wp:featuredmedia":[{"embeddable":true,"href":"https:\/\/redsemlac.com\/semmexico\/wp-json\/wp\/v2\/media\/2413"}],"wp:attachment":[{"href":"https:\/\/redsemlac.com\/semmexico\/wp-json\/wp\/v2\/media?parent=2412"}],"wp:term":[{"taxonomy":"category","embeddable":true,"href":"https:\/\/redsemlac.com\/semmexico\/wp-json\/wp\/v2\/categories?post=2412"},{"taxonomy":"post_tag","embeddable":true,"href":"https:\/\/redsemlac.com\/semmexico\/wp-json\/wp\/v2\/tags?post=2412"}],"curies":[{"name":"wp","href":"https:\/\/api.w.org\/{rel}","templated":true}]}}