{"id":2403,"date":"2018-07-04T15:56:13","date_gmt":"2018-07-04T15:56:13","guid":{"rendered":"https:\/\/redsemlac.com\/semmexico\/?p=2403"},"modified":"2023-07-21T14:32:19","modified_gmt":"2023-07-21T19:32:19","slug":"se-han-realizado-diversas-modificaciones-en-las-leyes-para-que-las-mujeres-tengan-una-paritaria-representacion","status":"publish","type":"post","link":"https:\/\/redsemlac.com\/semmexico\/se-han-realizado-diversas-modificaciones-en-las-leyes-para-que-las-mujeres-tengan-una-paritaria-representacion\/","title":{"rendered":"Se han realizado diversas modificaciones en las leyes para que las mujeres tengan una paritaria representaci\u00f3n"},"content":{"rendered":"\n<p class=\"wp-block-paragraph\"><a href=\"https:\/\/www.semmexico.com\/gallery-post.php?id=5222#\">Georgina C\u00e1rdenas<\/a><\/p>\n\n\n\n<p class=\"wp-block-paragraph\">SemM\u00e9xico, Cd. de M\u00e9xico. 4 jul 2018.- La paridad constitucional fue aprobada en 2014, sin embargo, en la CDMX la cifra de mujeres al frente de los gobiernos locales lejos de aumentar ha disminuido.<\/p>\n\n\n\n<p class=\"wp-block-paragraph\">En el a\u00f1o 2000 cuando por primera vez se realizaron elecciones para las delegaciones obtuvieron el triunfo seis mujeres (37%), la cifra disminuy\u00f3 en 2003 cuando fueron electas cinco mujeres (31%); para la siguiente elecci\u00f3n la cifra descendi\u00f3 dr\u00e1sticamente a una mujer electa (6%); ni se diga el siguiente proceso electoral 2009, donde ninguna mujer fue electa por la v\u00eda de las urnas. Para el a\u00f1o 2012 crece la cifra a cinco mujeres electas (31%); mientras que, en 2015 y 2018 a pesar de la paridad en la normatividad electoral federal y local, solo cuatro mujeres fueron electas.<\/p>\n\n\n\n<p class=\"wp-block-paragraph\">Se han realizado diversas modificaciones en las leyes para que las mujeres tengan una paritaria representaci\u00f3n; sin embargo, nos encontramos reiteradamente estrategias para mantener la hegemon\u00eda masculina en el \u00e1mbito local.<\/p>\n\n\n\n<p class=\"wp-block-paragraph\">Entre las modificaciones normativas se encuentran los bloques de competitividad que buscan que a ninguno de los g\u00e9neros les sean asignados exclusivamente distritos con bajas posibilidades de competitividad; sin embargo los partidos pol\u00edticos, como dir\u00edan N\u00e9lida Archenti, Mar\u00eda In\u00e9s Tula (2014) y Esperanza Palma (2017) tienen estrategias minimalistas a trav\u00e9s de las cu\u00e1les siguen reservando alcald\u00edas perdidas a las candidatas, o si lo queremos decir de otra forma, las postulan en aquellas en las que en las recientes elecciones han logrado con dificultad los segundos lugares.<\/p>\n\n\n\n<p class=\"wp-block-paragraph\">C\u00f3mo se puede leer que desde que hay elecci\u00f3n y Benito Ju\u00e1rez es basti\u00f3n del Partido Acci\u00f3n Nacional, este partido no ha postulado a ninguna mujer para encabezar la delegaci\u00f3n; o c\u00f3mo interpretar que el Partido Revolucionario Institucional postulara a un var\u00f3n el Cuajimalpa que era una delegaci\u00f3n que gobernaba y ten\u00eda amplias posibilidades de conservar; mientras que Morena sabiendo esto postul\u00f3 a una mujer. O c\u00f3mo leer que en el basti\u00f3n del Partido de la Revoluci\u00f3n Democr\u00e1tica en Venustiano Carranza ese partido postulara a un var\u00f3n; mientras que Morena sabiendo lo competido de la elecci\u00f3n postul\u00f3 a una mujer. Lo mismo sucedi\u00f3 en Coyoac\u00e1n, basti\u00f3n perredista donde el grupo en el poder promovi\u00f3 a un hombre y Morena postul\u00f3 a una mujer, que, si bien es figura p\u00fablica, no logr\u00f3 la victoria. Hay que a\u00f1adir que ambas candidatas hicieron p\u00fablicas diversas formas de violencia pol\u00edtica en su contra.<\/p>\n\n\n\n<p class=\"wp-block-paragraph\">Podemos congratularnos de tener nuestra primera Jefa de Gobierno electa en la capital; pero en las alcald\u00edas todav\u00eda hay mucho por hacer para que las mujeres sean quienes se encuentren en el poder.<\/p>\n\n\n\n<p class=\"wp-block-paragraph\">El reto ahora est\u00e1 en que alcaldes y alcadesas electas hagan valer los derechos adquiridos por las mujeres a trav\u00e9s de la Constituci\u00f3n de la Ciudad de M\u00e9xico que entrar\u00e1 en vigor en los pr\u00f3ximos meses y establezcan unidades de g\u00e9nero y que sin una lectura minimalista de la ley garanticen la igualdad sustantiva y la paridad entre mujeres y hombres en los altos mandos de la alcald\u00eda. La ciudadan\u00eda y las feministas tenemos que vigilar que se hagan efectivos estos derechos. Se\u00f1ores y se\u00f1oras alcadesas les estaremos vigilando.<\/p>\n\n\n\n<p class=\"wp-block-paragraph\">SEM\/GC\/mr<\/p>\n","protected":false},"excerpt":{"rendered":"<p>Georgina C\u00e1rdenas SemM\u00e9xico, Cd. de M\u00e9xico. 4 jul 2018.- La paridad constitucional fue aprobada en 2014, sin embargo, en la CDMX la cifra de mujeres al frente de los gobiernos locales lejos de aumentar ha disminuido. En el a\u00f1o 2000 cuando por primera vez se realizaron elecciones para las delegaciones obtuvieron el triunfo seis mujeres [&hellip;]<\/p>\n","protected":false},"author":3,"featured_media":2404,"comment_status":"open","ping_status":"open","sticky":false,"template":"","format":"standard","meta":{"_monsterinsights_skip_tracking":false,"footnotes":""},"categories":[689,33],"tags":[],"class_list":["post-2403","post","type-post","status-publish","format-standard","has-post-thumbnail","category-689","category-elecciones-2018"],"_links":{"self":[{"href":"https:\/\/redsemlac.com\/semmexico\/wp-json\/wp\/v2\/posts\/2403","targetHints":{"allow":["GET"]}}],"collection":[{"href":"https:\/\/redsemlac.com\/semmexico\/wp-json\/wp\/v2\/posts"}],"about":[{"href":"https:\/\/redsemlac.com\/semmexico\/wp-json\/wp\/v2\/types\/post"}],"author":[{"embeddable":true,"href":"https:\/\/redsemlac.com\/semmexico\/wp-json\/wp\/v2\/users\/3"}],"replies":[{"embeddable":true,"href":"https:\/\/redsemlac.com\/semmexico\/wp-json\/wp\/v2\/comments?post=2403"}],"version-history":[{"count":0,"href":"https:\/\/redsemlac.com\/semmexico\/wp-json\/wp\/v2\/posts\/2403\/revisions"}],"wp:featuredmedia":[{"embeddable":true,"href":"https:\/\/redsemlac.com\/semmexico\/wp-json\/wp\/v2\/media\/2404"}],"wp:attachment":[{"href":"https:\/\/redsemlac.com\/semmexico\/wp-json\/wp\/v2\/media?parent=2403"}],"wp:term":[{"taxonomy":"category","embeddable":true,"href":"https:\/\/redsemlac.com\/semmexico\/wp-json\/wp\/v2\/categories?post=2403"},{"taxonomy":"post_tag","embeddable":true,"href":"https:\/\/redsemlac.com\/semmexico\/wp-json\/wp\/v2\/tags?post=2403"}],"curies":[{"name":"wp","href":"https:\/\/api.w.org\/{rel}","templated":true}]}}