{"id":2400,"date":"2018-07-04T15:54:32","date_gmt":"2018-07-04T15:54:32","guid":{"rendered":"https:\/\/redsemlac.com\/semmexico\/?p=2400"},"modified":"2023-07-21T14:32:19","modified_gmt":"2023-07-21T19:32:19","slug":"se-congratula-rogelia-gonzalez-luis-por-la-paridad","status":"publish","type":"post","link":"https:\/\/redsemlac.com\/semmexico\/se-congratula-rogelia-gonzalez-luis-por-la-paridad\/","title":{"rendered":"Se congratula Rogelia Gonz\u00e1lez Luis por la paridad"},"content":{"rendered":"\n<p class=\"wp-block-paragraph\"><a href=\"https:\/\/www.semmexico.com\/gallery-post.php?id=5225#\">Lizbeth \u00c1lvarez<\/a><\/p>\n\n\n\n<p class=\"wp-block-paragraph\">SemM\u00e9xico, Cd. de M\u00e9xico, 04 julio 2018. \u201cHoy estamos alcanzando estos espacios que por muchos a\u00f1os se nos hab\u00edan negado, es una situaci\u00f3n hist\u00f3rica. Nos llama a que las mujeres sigamos haciendo alianzas, armar una agenda com\u00fan con perspectiva de g\u00e9nero y en derechos humanos\u201d, dijo en entrevista, Rogelia Gonz\u00e1lez Luis, secretaria de igualdad de g\u00e9nero del PRD, al celebrar que hay cuatro curules para mujeres ind\u00edgenas.<\/p>\n\n\n\n<p class=\"wp-block-paragraph\">\u201cEs el producto de las largas luchas que las mujeres y los ataques violentos que vivieron candidatas en el proceso electoral. Hoy vemos en el Congreso y en el Senado la presencia de m\u00e1s mujeres\u201d.<\/p>\n\n\n\n<p class=\"wp-block-paragraph\">En este contexto y con informaci\u00f3n del Instituto Nacional Electoral (INE) de las candidaturas presentadas a los 13 distritos con 60% o m\u00e1s poblaci\u00f3n ind\u00edgena, las mujeres obtendr\u00e1n cuatro curules (30.8%), mientras que los hombres 9 (69.2%). Lo anterior, a pesar de que con el pen\u00faltimo acuerdo de sustituciones INE\/CG520\/2018 del 20 de junio de 2018, 21 mujeres (47.7%) y 23 hombres (52.3%) eran propietarios\/as de candidaturas.<\/p>\n\n\n\n<p class=\"wp-block-paragraph\">En ese sentido, la pol\u00edtica de origen oaxaque\u00f1o indic\u00f3: \u201chay compa\u00f1eras que no estar\u00e1n en el \u00e1mbito federal, pero estar\u00e1n en las comunidades, en un cargo de representaci\u00f3n popular. Muchas de ellas van a estar en las regidur\u00edas, tambi\u00e9n son mujeres ind\u00edgenas que van a estar en lugares importantes\u201d.<\/p>\n\n\n\n<p class=\"wp-block-paragraph\">Destac\u00f3 el logro obtenido de las feministas Martha Tagle Mart\u00ednez, Patricia Mercado Castro y Mal\u00fa Micher y expuso que no tiene duda que con ellas se va a lograr la tipificaci\u00f3n de la&nbsp; violencia pol\u00edtica contra las mujeres.<\/p>\n\n\n\n<p class=\"wp-block-paragraph\">Sin embargo, sostuvo, a\u00fan hay pendientes que deben atenderse para lograr que las mujeres puedan ejercer plenamente sus derechos, pues sin duda prevalecen resistencias. Asegur\u00f3 que los temas principales que se deben atender son los relacionados al empoderamiento pol\u00edtico y econ\u00f3mico de las mujeres.<\/p>\n\n\n\n<p class=\"wp-block-paragraph\">Detall\u00f3 que desde la Secretar\u00eda de Igualdad de G\u00e9neros del PRD vigilar\u00e1 que no haya ning\u00fan retroceso en los derechos alcanzados a favor de las mujeres.<\/p>\n\n\n\n<p class=\"wp-block-paragraph\">SEM\/LA\/mr<br><\/p>\n","protected":false},"excerpt":{"rendered":"<p>Lizbeth \u00c1lvarez SemM\u00e9xico, Cd. de M\u00e9xico, 04 julio 2018. \u201cHoy estamos alcanzando estos espacios que por muchos a\u00f1os se nos hab\u00edan negado, es una situaci\u00f3n hist\u00f3rica. Nos llama a que las mujeres sigamos haciendo alianzas, armar una agenda com\u00fan con perspectiva de g\u00e9nero y en derechos humanos\u201d, dijo en entrevista, Rogelia Gonz\u00e1lez Luis, secretaria de [&hellip;]<\/p>\n","protected":false},"author":3,"featured_media":2401,"comment_status":"open","ping_status":"open","sticky":false,"template":"","format":"standard","meta":{"_monsterinsights_skip_tracking":false,"footnotes":""},"categories":[689,33],"tags":[],"class_list":["post-2400","post","type-post","status-publish","format-standard","has-post-thumbnail","category-689","category-elecciones-2018"],"_links":{"self":[{"href":"https:\/\/redsemlac.com\/semmexico\/wp-json\/wp\/v2\/posts\/2400","targetHints":{"allow":["GET"]}}],"collection":[{"href":"https:\/\/redsemlac.com\/semmexico\/wp-json\/wp\/v2\/posts"}],"about":[{"href":"https:\/\/redsemlac.com\/semmexico\/wp-json\/wp\/v2\/types\/post"}],"author":[{"embeddable":true,"href":"https:\/\/redsemlac.com\/semmexico\/wp-json\/wp\/v2\/users\/3"}],"replies":[{"embeddable":true,"href":"https:\/\/redsemlac.com\/semmexico\/wp-json\/wp\/v2\/comments?post=2400"}],"version-history":[{"count":0,"href":"https:\/\/redsemlac.com\/semmexico\/wp-json\/wp\/v2\/posts\/2400\/revisions"}],"wp:featuredmedia":[{"embeddable":true,"href":"https:\/\/redsemlac.com\/semmexico\/wp-json\/wp\/v2\/media\/2401"}],"wp:attachment":[{"href":"https:\/\/redsemlac.com\/semmexico\/wp-json\/wp\/v2\/media?parent=2400"}],"wp:term":[{"taxonomy":"category","embeddable":true,"href":"https:\/\/redsemlac.com\/semmexico\/wp-json\/wp\/v2\/categories?post=2400"},{"taxonomy":"post_tag","embeddable":true,"href":"https:\/\/redsemlac.com\/semmexico\/wp-json\/wp\/v2\/tags?post=2400"}],"curies":[{"name":"wp","href":"https:\/\/api.w.org\/{rel}","templated":true}]}}