{"id":23997,"date":"2020-08-14T21:31:16","date_gmt":"2020-08-14T21:31:16","guid":{"rendered":"https:\/\/redsemlac.com\/semmexico\/?p=23997"},"modified":"2023-07-21T16:28:51","modified_gmt":"2023-07-21T21:28:51","slug":"difieren-audiencia-por-guarda-y-custodia-de-menor-el-papa-se-dice-enfermo","status":"publish","type":"post","link":"https:\/\/redsemlac.com\/semmexico\/difieren-audiencia-por-guarda-y-custodia-de-menor-el-papa-se-dice-enfermo\/","title":{"rendered":"Difieren audiencia por guarda y custodia de menor, el pap\u00e1 se dice enfermo"},"content":{"rendered":"\n<ul class=\"wp-block-list\"><li><strong>Ordena juez que presente al menor<\/strong><\/li><\/ul>\n\n\n\n<ul class=\"wp-block-list\"><li><strong> El ni\u00f1o fue sustra\u00eddo por el padre de su casa en la CDMX y llegado al istmo en Oaxaca<\/strong><\/li><\/ul>\n\n\n\n<p class=\"wp-block-paragraph\"><strong>Redacci\u00f3n&nbsp;<\/strong><\/p>\n\n\n\n<p class=\"wp-block-paragraph\">SemM\u00e9xico, Oaxaca, 14 de agosto, 2020.- El Juzgado Primero de lo Familiar de Juchit\u00e1n, difiri\u00f3 la audiencia por el proceso de guarda y custodia, del ni\u00f1o L.A.R.R., para el pr\u00f3ximo 20 de agosto, luego de que Luis Alberto N, padre del menor, no se present\u00f3 por supuesto padecimiento.<\/p>\n\n\n\n<p class=\"wp-block-paragraph\">Como SemM\u00e9xico inform\u00f3&nbsp;<a href=\"https:\/\/n9.cl\/uwa7\" target=\"_blank\" rel=\"noreferrer noopener\">https:\/\/n9.cl\/uwa7<\/a>&nbsp;&nbsp;L.A.R.R. fue sustra\u00eddo de su casa en la ciudad de M\u00e9xico y llevado a una localidad en la regi\u00f3n del Istmo de Tehuantepec, donde Irma Haydee Trejo \u00c1ngeles lleva a cabo un proceso judicial para recuperar a su hijo de que lleva separado casi dos a\u00f1os.<\/p>\n\n\n\n<p class=\"wp-block-paragraph\">El padre del menor no se present\u00f3 en la audiencia, para lo cual envi\u00f3 un comprobante m\u00e9dico emitido por el Centro de Salud de la Poblaci\u00f3n de Uni\u00f3n Hidalgo Oaxaca, firmado por Christian Santiago Pineda, que indicaba una supuesta gastroenteritis aguda con reposo de tres d\u00edas, \u201ces importante se\u00f1alar que dicha persona se ha negado en m\u00faltiples ocasiones a recibir las notificaciones del juzgado\u201d, se\u00f1ala en un comunicado el Centro de Apoyo y Atenci\u00f3n a la Mujer Istme\u00f1a.\u00a0<\/p>\n\n\n\n<p class=\"wp-block-paragraph\">La organizaci\u00f3n que brinda asesor\u00eda jur\u00eddica a la madre del menor desde febrero pasado, indica que a la audiencia del pr\u00f3ximo 20 de agosto, el padre deber\u00e1 presentar al menor y apunta que seguir\u00e1n luchando hasta que la justicia sea una constante.&nbsp;<\/p>\n\n\n\n<p class=\"wp-block-paragraph\">SEM\/sj<\/p>\n","protected":false},"excerpt":{"rendered":"<p>La organizaci\u00f3n que brinda asesor\u00eda jur\u00eddica a la madre del menor desde febrero pasado, indica que a la audiencia del pr\u00f3ximo 20 de agosto, el padre deber\u00e1 presentar al menor<\/p>\n","protected":false},"author":3,"featured_media":23998,"comment_status":"open","ping_status":"open","sticky":false,"template":"","format":"standard","meta":{"_monsterinsights_skip_tracking":false,"footnotes":""},"categories":[691,54],"tags":[],"class_list":["post-23997","post","type-post","status-publish","format-standard","has-post-thumbnail","category-691","category-mujeres"],"_links":{"self":[{"href":"https:\/\/redsemlac.com\/semmexico\/wp-json\/wp\/v2\/posts\/23997","targetHints":{"allow":["GET"]}}],"collection":[{"href":"https:\/\/redsemlac.com\/semmexico\/wp-json\/wp\/v2\/posts"}],"about":[{"href":"https:\/\/redsemlac.com\/semmexico\/wp-json\/wp\/v2\/types\/post"}],"author":[{"embeddable":true,"href":"https:\/\/redsemlac.com\/semmexico\/wp-json\/wp\/v2\/users\/3"}],"replies":[{"embeddable":true,"href":"https:\/\/redsemlac.com\/semmexico\/wp-json\/wp\/v2\/comments?post=23997"}],"version-history":[{"count":0,"href":"https:\/\/redsemlac.com\/semmexico\/wp-json\/wp\/v2\/posts\/23997\/revisions"}],"wp:featuredmedia":[{"embeddable":true,"href":"https:\/\/redsemlac.com\/semmexico\/wp-json\/wp\/v2\/media\/23998"}],"wp:attachment":[{"href":"https:\/\/redsemlac.com\/semmexico\/wp-json\/wp\/v2\/media?parent=23997"}],"wp:term":[{"taxonomy":"category","embeddable":true,"href":"https:\/\/redsemlac.com\/semmexico\/wp-json\/wp\/v2\/categories?post=23997"},{"taxonomy":"post_tag","embeddable":true,"href":"https:\/\/redsemlac.com\/semmexico\/wp-json\/wp\/v2\/tags?post=23997"}],"curies":[{"name":"wp","href":"https:\/\/api.w.org\/{rel}","templated":true}]}}