{"id":23994,"date":"2020-08-14T20:30:41","date_gmt":"2020-08-14T20:30:41","guid":{"rendered":"https:\/\/redsemlac.com\/semmexico\/?p=23994"},"modified":"2023-07-21T16:27:04","modified_gmt":"2023-07-21T21:27:04","slug":"notimex-incumple-con-amlo-y-rompe-negociacion-para-resolver-la-huelga","status":"publish","type":"post","link":"https:\/\/redsemlac.com\/semmexico\/notimex-incumple-con-amlo-y-rompe-negociacion-para-resolver-la-huelga\/","title":{"rendered":"Notimex incumple con AMLO y rompe negociaci\u00f3n para resolver la Huelga"},"content":{"rendered":"\n<p class=\"wp-block-paragraph\"><strong>Redacci\u00f3n<\/strong>\u00a0<br>SemM\u00e9xico. Cd. de M\u00e9xico. 14 de agosto de 2020.- Al cumplirse 175 d\u00edas de Huelga de Notimex, Agencia de Noticias del Estado Mexicano, la Direcci\u00f3n rompi\u00f3 las mesas de negociaci\u00f3n con el Sindicato \u00danico de Trabajadores de Notimex, sin dar explicaci\u00f3n ni a las autoridades laborales, a la representaci\u00f3n de la Junta de Gobierno, ni a la representaci\u00f3n de las y los trabajadores.<\/p>\n\n\n\n<p class=\"wp-block-paragraph\"><br>Con ello, de forma abierta, la Directora Sanjuana Mart\u00ednez, quien nuevamente no acudi\u00f3 a la reuni\u00f3n y s\u00f3lo mand\u00f3 a un representante legal de menor nivel, incumple con la instrucci\u00f3n del presidente Andr\u00e9s Manuel L\u00f3pez Obrador (AMLO), de dialogar y resolver el conflicto de forma pac\u00edfica y en apego a la Ley.<br>Ante la negativa de la Direcci\u00f3n por resolver el conflicto, el SutNotimex tomar\u00e1 nuevas acciones legales para avanzar en la soluci\u00f3n de este conflicto que se deriv\u00f3 de la violaci\u00f3n a nuestro Contrato Colectivo de Trabajo (CCT), a la libertad sindical y de asociaci\u00f3n y a nuestros derechos humanos.<br><\/p>\n\n\n\n<p class=\"wp-block-paragraph\">En un comunicado de prensa el SutNotimex desmiente lo dicho en redes sociales por la Directora Sanjuana Mart\u00ednez sobre la intromisi\u00f3n de gente ajena al conflicto y de que se busca un acuerdo \u201cen lo oscurito\u201d. Las mesas de negociaci\u00f3n se llevan ante autoridades de la Junta Federal de Conciliaci\u00f3n y Arbitraje, de la Secretar\u00eda del Trabajo y Previsi\u00f3n Social, de la Junta de Gobierno de Notimex, con apoyo, conocimiento y participaci\u00f3n de la Vocer\u00eda de la Presidencia de la Rep\u00fablica. Por parte del SutNotimex acuden integrantes del Comit\u00e9 Ejecutivo Nacional (CEN), encabezados por la secretaria general Adriana Urrea, as\u00ed como los abogados y asesores de la organizaci\u00f3n sindical, que est\u00e1n debidamente acreditados ante la Junta Federal de Conciliaci\u00f3n y Arbitraje (JFCA).<br><\/p>\n\n\n\n<p class=\"wp-block-paragraph\">Cabe destacar que hacer se\u00f1alamientos sobre qui\u00e9n puede o no acompa\u00f1ar al Sindicato en la mesa de negociaci\u00f3n, constituye una intromisi\u00f3n en la vida sindical y es ilegal se\u00f1ala el comunicado.<br><\/p>\n\n\n\n<p class=\"wp-block-paragraph\">\u00abExhortamos a la Directora Sanjuana Mart\u00ednez a que se conduzca a la altura de una funcionaria del gobierno federal. Hasta ahora s\u00f3lo ha ido en contra de lo establecido por el Ejecutivo y caminando en sentido opuesto a lo planteado por la Cuarta Transformaci\u00f3n\u00bb.<br><\/p>\n\n\n\n<p class=\"wp-block-paragraph\">El SutNotimex mantendr\u00e1 la defensa de los derechos de los trabajadores, en apego a la legalidad, con disposici\u00f3n al di\u00e1logo y la negociaci\u00f3n para concluir esta huelga legalmente existente que est\u00e1 por cumplir seis meses, pese a la contingencia sanitaria por COVID-19 y las inclemencias del tiempo.<\/p>\n","protected":false},"excerpt":{"rendered":"<p> Al cumplirse 175 d\u00edas de Huelga de Notimex, Agencia de Noticias del Estado Mexicano, la Direcci\u00f3n rompi\u00f3 las mesas de negociaci\u00f3n con el Sindicato \u00danico de Trabajadores de Notimex.<\/p>\n","protected":false},"author":3,"featured_media":23995,"comment_status":"open","ping_status":"open","sticky":false,"template":"","format":"standard","meta":{"_monsterinsights_skip_tracking":false,"footnotes":""},"categories":[691,55],"tags":[],"class_list":["post-23994","post","type-post","status-publish","format-standard","has-post-thumbnail","category-691","category-periodistas"],"_links":{"self":[{"href":"https:\/\/redsemlac.com\/semmexico\/wp-json\/wp\/v2\/posts\/23994","targetHints":{"allow":["GET"]}}],"collection":[{"href":"https:\/\/redsemlac.com\/semmexico\/wp-json\/wp\/v2\/posts"}],"about":[{"href":"https:\/\/redsemlac.com\/semmexico\/wp-json\/wp\/v2\/types\/post"}],"author":[{"embeddable":true,"href":"https:\/\/redsemlac.com\/semmexico\/wp-json\/wp\/v2\/users\/3"}],"replies":[{"embeddable":true,"href":"https:\/\/redsemlac.com\/semmexico\/wp-json\/wp\/v2\/comments?post=23994"}],"version-history":[{"count":0,"href":"https:\/\/redsemlac.com\/semmexico\/wp-json\/wp\/v2\/posts\/23994\/revisions"}],"wp:featuredmedia":[{"embeddable":true,"href":"https:\/\/redsemlac.com\/semmexico\/wp-json\/wp\/v2\/media\/23995"}],"wp:attachment":[{"href":"https:\/\/redsemlac.com\/semmexico\/wp-json\/wp\/v2\/media?parent=23994"}],"wp:term":[{"taxonomy":"category","embeddable":true,"href":"https:\/\/redsemlac.com\/semmexico\/wp-json\/wp\/v2\/categories?post=23994"},{"taxonomy":"post_tag","embeddable":true,"href":"https:\/\/redsemlac.com\/semmexico\/wp-json\/wp\/v2\/tags?post=23994"}],"curies":[{"name":"wp","href":"https:\/\/api.w.org\/{rel}","templated":true}]}}