{"id":2397,"date":"2018-07-04T15:52:24","date_gmt":"2018-07-04T15:52:24","guid":{"rendered":"https:\/\/redsemlac.com\/semmexico\/?p=2397"},"modified":"2023-07-21T14:32:19","modified_gmt":"2023-07-21T19:32:19","slug":"la-paridad-en-el-legislativo-es-realidad","status":"publish","type":"post","link":"https:\/\/redsemlac.com\/semmexico\/la-paridad-en-el-legislativo-es-realidad\/","title":{"rendered":"La paridad en el Legislativo es realidad"},"content":{"rendered":"\n<p class=\"wp-block-paragraph\"><a href=\"https:\/\/www.semmexico.com\/gallery-post.php?id=5226#\">Kyra N\u00fa\u00f1ez<\/a><\/p>\n\n\n\n<p class=\"wp-block-paragraph\">SemM\u00e9xico, Tuxtla Guti\u00e9rrez, Chis. 4 julio 2018.- M\u00e9xico salt\u00f3 a los primeros lugares en el mundo en paridad de representaci\u00f3n en los parlamentos con el resultado de las elecciones del pasado 1 de julio. M\u00e9xico pasa a ocupar el cuarto lugar en diputaciones (ocupaba el 9\u00ba) y el segundo lugar en senadur\u00edas (ubicada en 15vo) entre 193 pa\u00edses del mundo en cuanto a la participaci\u00f3n de mujeres en la vida pol\u00edtica legislativa a partir de septiembre pr\u00f3ximo.<\/p>\n\n\n\n<p class=\"wp-block-paragraph\">La presidenta de la Uni\u00f3n Interparlamentaria (UIP)&nbsp; Gabriela Cuevas Barr\u00f3n, afirm\u00f3 \u201cLas mujeres tenemos mucho qu\u00e9 aportar a la pol\u00edtica. Como mexicana y como la segunda mujer presidenta de la UIP, me siento muy orgullosa y muy honrada de darle esta noticia al mundo\u201d.<\/p>\n\n\n\n<p class=\"wp-block-paragraph\">\u201cEl 1 de julio, M\u00e9xico dio un paso hist\u00f3rico y si bien ya contamos con una reforma que se hizo a la Constituci\u00f3n por la que los partidos pol\u00edticos deben postular a un n\u00famero igual de mujeres y hombres, en esta ocasi\u00f3n, es claro y hay que decirlo, es la primera ocasi\u00f3n en que esa ley, ese mandato constitucional, se convierte en una realidad\u201d anunci\u00f3.<\/p>\n\n\n\n<p class=\"wp-block-paragraph\">Con los resultados conocidos este martes, la presencia de mujeres es de 49.2 por ciento en la C\u00e1mara de Diputados, y por primera vez en la historia del Senado de la Rep\u00fablica, hay m\u00e1s mujeres que hombres,&nbsp; el 50.5 por ciento \u201cas\u00ed es que estamos con mucha emoci\u00f3n en M\u00e9xico pues con esto somos punta de lanza en la regi\u00f3n y un ejemplo para el mundo\u201d. De seguirse la tasa mundial del a\u00f1o pasado de incremento de 0.1% se dar\u00e1 la paridad mundial en pol\u00edtica en 250 a\u00f1os.<\/p>\n\n\n\n<p class=\"wp-block-paragraph\">A partir de septiembre en que inicia trabajos la LXIV Legislatura, M\u00e9xico en cuanto a diputadas ir\u00e1 despu\u00e9s de Ruanda, Cuba y Bolivia, mientras que a nivel de senadoras queda en segundo lugar luego de Antigua y Barbuda que tiene 52.5 por ciento. El mapa mundial de la UIP para este a\u00f1o \u201cMujeres en el Parlamento\u201d ubic\u00f3 a M\u00e9xico en 9\u00ba lugar en diputadas y estaba entre el 15\/20\u00ba&nbsp; lugar en senadoras.<\/p>\n\n\n\n<p class=\"wp-block-paragraph\">SEM\/KN\/mr<br><\/p>\n","protected":false},"excerpt":{"rendered":"<p>Kyra N\u00fa\u00f1ez SemM\u00e9xico, Tuxtla Guti\u00e9rrez, Chis. 4 julio 2018.- M\u00e9xico salt\u00f3 a los primeros lugares en el mundo en paridad de representaci\u00f3n en los parlamentos con el resultado de las elecciones del pasado 1 de julio. M\u00e9xico pasa a ocupar el cuarto lugar en diputaciones (ocupaba el 9\u00ba) y el segundo lugar en senadur\u00edas (ubicada [&hellip;]<\/p>\n","protected":false},"author":3,"featured_media":2398,"comment_status":"open","ping_status":"open","sticky":false,"template":"","format":"standard","meta":{"_monsterinsights_skip_tracking":false,"footnotes":""},"categories":[689,33],"tags":[],"class_list":["post-2397","post","type-post","status-publish","format-standard","has-post-thumbnail","category-689","category-elecciones-2018"],"_links":{"self":[{"href":"https:\/\/redsemlac.com\/semmexico\/wp-json\/wp\/v2\/posts\/2397","targetHints":{"allow":["GET"]}}],"collection":[{"href":"https:\/\/redsemlac.com\/semmexico\/wp-json\/wp\/v2\/posts"}],"about":[{"href":"https:\/\/redsemlac.com\/semmexico\/wp-json\/wp\/v2\/types\/post"}],"author":[{"embeddable":true,"href":"https:\/\/redsemlac.com\/semmexico\/wp-json\/wp\/v2\/users\/3"}],"replies":[{"embeddable":true,"href":"https:\/\/redsemlac.com\/semmexico\/wp-json\/wp\/v2\/comments?post=2397"}],"version-history":[{"count":0,"href":"https:\/\/redsemlac.com\/semmexico\/wp-json\/wp\/v2\/posts\/2397\/revisions"}],"wp:featuredmedia":[{"embeddable":true,"href":"https:\/\/redsemlac.com\/semmexico\/wp-json\/wp\/v2\/media\/2398"}],"wp:attachment":[{"href":"https:\/\/redsemlac.com\/semmexico\/wp-json\/wp\/v2\/media?parent=2397"}],"wp:term":[{"taxonomy":"category","embeddable":true,"href":"https:\/\/redsemlac.com\/semmexico\/wp-json\/wp\/v2\/categories?post=2397"},{"taxonomy":"post_tag","embeddable":true,"href":"https:\/\/redsemlac.com\/semmexico\/wp-json\/wp\/v2\/tags?post=2397"}],"curies":[{"name":"wp","href":"https:\/\/api.w.org\/{rel}","templated":true}]}}