{"id":23818,"date":"2020-08-10T18:30:41","date_gmt":"2020-08-10T18:30:41","guid":{"rendered":"https:\/\/redsemlac.com\/semmexico\/?p=23818"},"modified":"2023-07-21T16:27:07","modified_gmt":"2023-07-21T21:27:07","slug":"tiene-mas-publicos-que-nunca-el-periodismo-profesional-mexicano","status":"publish","type":"post","link":"https:\/\/redsemlac.com\/semmexico\/tiene-mas-publicos-que-nunca-el-periodismo-profesional-mexicano\/","title":{"rendered":"Miradas de Reportero| Tiene m\u00e1s p\u00fablicos que nunca el periodismo profesional mexicano"},"content":{"rendered":"\n<p class=\"wp-block-paragraph\"><strong>Rogelio Hern\u00e1ndez L\u00f3pez<\/strong><\/p>\n\n\n\n<p class=\"wp-block-paragraph\">SemM\u00e9xico, 10 de agosto, 2020.- Para muchos periodistas y otros interesados en su medio ambiente resultar\u00e1 sorpresivo y grato saber que ya suman al menos 25 millones los mexicanos que diariamente buscan, principalmente en diez plataformas digitales, la informaci\u00f3n producida con seriedad y profesionalismo por periodistas, peri\u00f3dicos y en otros medios llamados convencionales.<\/p>\n\n\n\n<p class=\"wp-block-paragraph\">Es de asombrar porque hasta hace dos d\u00e9cadas toda la prensa impresa del pa\u00eds (m\u00e1s de 600 diarios y revistas) ni siquiera se acercaba al mill\u00f3n de ejemplares en circulaci\u00f3n para unos cien millones de habitantes. Hoy, para contraste, al mes de junio de 2020 las plataformas digitales de tan s\u00f3lo ocho diarios y dos canales de televisi\u00f3n tienen 23 y medio millones de seguidores que buscan informaci\u00f3n.<\/p>\n\n\n\n<p class=\"wp-block-paragraph\">Pero, este registro de la empresa iLefebelt es incompleto y le falta verificaci\u00f3n. Le faltan otras plataformas digitales de informaci\u00f3n general producidas por periodistas profesionales que diariamente atraen m\u00e1s p\u00fablicos seg\u00fan sus registros propios, como Julio Astillero, que solamente en julio acumul\u00f3 4 millones de vistas en YouTube o como Eje Central cuyo sitio web lleg\u00f3 a rebasar el mill\u00f3n de vistas en 30 d\u00edas.<\/p>\n\n\n\n<p class=\"wp-block-paragraph\">En otros pa\u00edses, sobre todo de Europa, en el contexto de la pandemia, se registra esa tendencia de los p\u00fablicos a confiar m\u00e1s en los medios serios. Y en M\u00e9xico, el contexto general se configura con la epidemia, la polarizaci\u00f3n pol\u00edtica y el crecimiento de usuarios de Internet.<\/p>\n\n\n\n<p class=\"wp-block-paragraph\"><strong>En Twitter y Facebook<\/strong><\/p>\n\n\n\n<p class=\"wp-block-paragraph\">La empresa iLefebelt tiene en su sitio web su Informe mexicano 4-0 sobre las plataformas de noticias con mayor peso en Twitter y Facebook, con datos actualizados al mes de julio.<\/p>\n\n\n\n<p class=\"wp-block-paragraph\">Los autores del reporte ponderan que: \u201cEn medio de la pandemia, con grandes movimientos mundiales de protestas y crisis econ\u00f3micas, las redes sociales (especialmente Twitter y Facebook) son el lugar al que las personas est\u00e1n recurriendo para mantenerse informadas\u201d.<\/p>\n\n\n\n<p class=\"wp-block-paragraph\">Ubican que en M\u00e9xico hay 88 millones de usuarios de Internet, lo que representa el 67% de la poblaci\u00f3n y agrega tambi\u00e9n en \u201cenero de 2020 hab\u00eda 114.3 millones de conexiones m\u00f3viles en el pa\u00eds, esto equivale al 89% de la poblaci\u00f3n total y representa un incremento de 2.2 millones desde enero de 2019\u201d.<\/p>\n\n\n\n<p class=\"wp-block-paragraph\">En su reporte muestra tres indicadores de las plataformas de diez medios de noticias generales entre el 30 de mayo y el 30 de junio.<\/p>\n\n\n\n<p class=\"wp-block-paragraph\">De seguidores en Facebook, las cantidades con mayor <strong>compromiso<\/strong> (a partir de su frecuencia de b\u00fasqueda e interacciones) destacan en los primeros lugares El Universal, Milenio, La Jornada, Exc\u00e9lsior, El Financiero los que suman m\u00e1s de 22 millones (ver cuadro estad\u00edstico).<\/p>\n\n\n\n<p class=\"wp-block-paragraph\"><strong>El \u00edndice de Rendimiento y Atracci\u00f3n<\/strong> en Twitter se\u00f1ala que cinco diarios registran los porcentajes m\u00e1s altos: El Financiero, El Economista, El Universal, La Jornada y La Cr\u00f3nica.<\/p>\n\n\n\n<p class=\"wp-block-paragraph\">Y ese mismo indicador en Facebook, que denota inter\u00e9s y crecimiento, ubica en los primeros sitios a Milenio, El Universal, Exc\u00e9lsior, el Financiero y El Sol de M\u00e9xico.<\/p>\n\n\n\n<p class=\"wp-block-paragraph\"><strong>Subregistro. Otros vienen con igual o m\u00e1s fuerza:<\/strong><\/p>\n\n\n\n<p class=\"wp-block-paragraph\">El informe de iLefebelt, por su metodolog\u00eda de inspecci\u00f3n con ayuda de programas y empresas especializadas resulta incompleto. Lo que no hizo fue ir directamente a los registros propios que hacen esas y otras plataformas de noticias con informaci\u00f3n general elaboradas por periodistas profesionales, sobre todo los que se originaron en internet.<\/p>\n\n\n\n<p class=\"wp-block-paragraph\">Por ejemplo, Eje Central, un sitio que se inici\u00f3 digitalmente con un semanario con periodismo de investigaci\u00f3n, registr\u00f3 un promedio mensual de 805 mil 240 vistas de su p\u00e1gina desde el 15 de enero al 15 de julio. Este promedio por mes es casi igual a la suma de seguidores promedio de Canal 22, el Economista, La Cr\u00f3nica y Canal 11, todos juntos durante mayo.<\/p>\n\n\n\n<p class=\"wp-block-paragraph\">Este portal que dirige Raymundo Riva Palacio fue el \u00fanico medio que comenz\u00f3, el 31 de marzo a realizar un Reporte Especial Covid 19 diariamente y que, 15 d\u00edas despu\u00e9s, las vistas de la p\u00e1gina subieron a 1 mill\u00f3n 094 seg\u00fan su registro de la primera quincena de abril.<\/p>\n\n\n\n<div class=\"wp-block-image\"><figure class=\"aligncenter size-large\"><img loading=\"lazy\" decoding=\"async\" width=\"611\" height=\"663\" src=\"https:\/\/redsemlac.com\/semmexico\/wp-content\/uploads\/2020\/08\/Plataformas-de-noticias-con-mayor-peso-en-redes-sociales-julio-2020-1.jpg\" alt=\"\" class=\"wp-image-23820\"\/><\/figure><\/div>\n\n\n\n<p class=\"wp-block-paragraph\">Una modalidad de \u201ccirculaci\u00f3n\u201d que Eje Central ha encontrado es enviar cada noche, en formato digital (PDF), el Reporte Especial Covid 19 a una lista de contactos en WhastApp (los mi\u00e9rcoles agregan el semanario de investigaci\u00f3n con temas generales). Sus c\u00e1lculos indican un promedio de 70 mil receptores al d\u00eda, 2 millones 100 mil vistas y descargas en promedio mensual. El n\u00famero consolidado de seguidores que registra Eje Central en Twitter hasta el 30 de julio es de 95 mil.<\/p>\n\n\n\n<p class=\"wp-block-paragraph\">Otro caso, como ejemplo del peso creciente de plataformas de noticias que no registr\u00f3 iLefebelt, es del periodista Julio Hern\u00e1ndez L\u00f3pez (conocido como Julio Astillero) que \u00e9l solo alcanz\u00f3 los primeros lugares de presencia en Twitter con un comentario nocturno, su columna Astillero y algunas notas. Pero despu\u00e9s, desde el 20 de marzo del 2020 inici\u00f3 su canal \u201cAstillero Informa\u201d con resultados espectaculares.<\/p>\n\n\n\n<p class=\"wp-block-paragraph\">Del 20 de marzo a 3 de agosto sus registros indican que En YouTube alcanz\u00f3 17.7 millones de vistas y en Facebook 3.6 millones de vistas a los cuatro programas que realizan durante el d\u00eda el periodista y un equipo muy peque\u00f1o (que incluye a su esposa y sus dos hijos). Y seg\u00fan sus tendencias sigue creciendo. Solamente en julio acumul\u00f3 4 millones de vistas en YouTube. Tiene cuentas en Twitter, Facebook y otras plataformas. Un 12.5% de su audiencia (\u201cvistas\u201d) radica en Estados Unidos.<\/p>\n\n\n\n<p class=\"wp-block-paragraph\">Existe tambi\u00e9n un sinn\u00famero de sitios web de noticias generales con equipos peque\u00f1os de periodistas profesionales, sin car\u00e1cter lucrativo y que producen contenidos propios con alcance local o regional. Ese fen\u00f3meno tambi\u00e9n requiere estudiarse.<\/p>\n\n\n\n<p class=\"wp-block-paragraph\">Por ejemplo, en el estado de Hidalgo se desarroll\u00f3 la marca V\u00eda Libre con noticias hiperlocales, inicialmente con los impresos de una manteleta para leer noticias en la mesa de comida, luego un semanario pol\u00edtico, despu\u00e9s un diario tama\u00f1o carta de aparici\u00f3n vespertina. Se abrieron dos sitios Web y por la emergencia sanitaria sus contenidos se difunden por esas v\u00edas y conjuntamente alcanzan 10 mil impactos informativos diarios, 300 mil al mes.<\/p>\n\n\n\n<p class=\"wp-block-paragraph\">En Quer\u00e9taro, a mediados de 2019 otro periodista profesional inici\u00f3 el sitio de informaci\u00f3n general con noticias locales y regionales. Se llama En la lupa y el registro propio indica que hasta el s\u00e1bado 8 de agosto ten\u00eda, tan s\u00f3lo en Facebook, 17 mil 683 seguidores consolidados.<\/p>\n\n\n\n<p class=\"wp-block-paragraph\"><strong>Un giro al periodismo de calidad<\/strong><\/p>\n\n\n\n<p class=\"wp-block-paragraph\">Pese al ruido, el coronavirus nos ha hecho leer m\u00e1s periodismo (y menos noticias falsas) que nunca asegura el director del sitio Magnet Xataca en una columna especial del 30 de julio.<\/p>\n\n\n\n<p class=\"wp-block-paragraph\">Seg\u00fan este sitio, en un estudio elaborado por un grupo de especialistas en las ciencias de la informaci\u00f3n de la Universidad de Michigan en el pico de la crisis los lectores se volcaron en los medios de calidad y se alejaron de las plataformas y redes sociales donde proliferan los bulos<\/p>\n\n\n\n<p class=\"wp-block-paragraph\">\u201cEn cifras. \u00bfQu\u00e9 significa esto? Lo sintetiza el \u00edndice Iffy Quotient, o qu\u00e9 porcentaje de los enlaces compartidos en redes sociales (Twitter y Facebook, fundamentalmente) proviene de medios dudosos, prestos a los bulos o muy sesgados.&nbsp; En enero de 2020 se ubicaba en 8,9% para Facebook y en torno al 11% para Twitter.\u201d<\/p>\n\n\n\n<p class=\"wp-block-paragraph\">Pero \u201cCuando el coronavirus estalla, en marzo, se desploma: cae al 5,9% a mediados de marzo en Facebook y al 9 % en Twitter. La gente deja de compartir historias falsas o tendenciosas.<\/p>\n\n\n\n<p class=\"wp-block-paragraph\">En contraste, los medios generalistas, de mayor rigor period\u00edstico, como el New York Times, el Wall Street Journal, Bloomberg, Fox News o NPR, crecieron en seguidores que consideraron que son m\u00e1s \u201cfiables y serios al margen de su l\u00ednea ideol\u00f3gica. En febrero sus enlaces tan s\u00f3lo representaban el 9 % en Facebook y el 13 % en Twitter; y para principios de abril ya hab\u00edan llegado al 12,5 % y al 15 % respectivamente\u201d.<\/p>\n\n\n\n<p class=\"wp-block-paragraph\">\u201cHubo un giro. Hacia el periodismo de calidad\u201d seg\u00fan este portal especializado. Eso mismo podr\u00eda estar ocurriendo en M\u00e9xico.<\/p>\n\n\n\n<p class=\"wp-block-paragraph\">Mientras aparecen otros estudios serios con m\u00e1s indicadores, los datos recientes indican que, s\u00ed hay motivos para sorprenderse gratamente porque crece el inter\u00e9s de los mexicanos en informarse y se inclinan hacia los medios de prensa serios, tanto a los convencionales como a los que han desarrollado en Internet los periodistas profesionales. Colegas, sigamos atentos.<\/p>\n","protected":false},"excerpt":{"rendered":"<p>Para muchos periodistas y otros interesados en su medio ambiente resultar\u00e1 sorpresivo y grato saber que ya suman al menos 25 millones los mexicanos que diariamente buscan, principalmente en diez plataformas digitales<\/p>\n","protected":false},"author":3,"featured_media":8473,"comment_status":"open","ping_status":"open","sticky":false,"template":"","format":"standard","meta":{"_monsterinsights_skip_tracking":false,"footnotes":""},"categories":[691,106,85],"tags":[],"class_list":["post-23818","post","type-post","status-publish","format-standard","has-post-thumbnail","category-691","category-mirada-de-reportero","category-rogelio-hernandez-lopez"],"_links":{"self":[{"href":"https:\/\/redsemlac.com\/semmexico\/wp-json\/wp\/v2\/posts\/23818","targetHints":{"allow":["GET"]}}],"collection":[{"href":"https:\/\/redsemlac.com\/semmexico\/wp-json\/wp\/v2\/posts"}],"about":[{"href":"https:\/\/redsemlac.com\/semmexico\/wp-json\/wp\/v2\/types\/post"}],"author":[{"embeddable":true,"href":"https:\/\/redsemlac.com\/semmexico\/wp-json\/wp\/v2\/users\/3"}],"replies":[{"embeddable":true,"href":"https:\/\/redsemlac.com\/semmexico\/wp-json\/wp\/v2\/comments?post=23818"}],"version-history":[{"count":0,"href":"https:\/\/redsemlac.com\/semmexico\/wp-json\/wp\/v2\/posts\/23818\/revisions"}],"wp:featuredmedia":[{"embeddable":true,"href":"https:\/\/redsemlac.com\/semmexico\/wp-json\/wp\/v2\/media\/8473"}],"wp:attachment":[{"href":"https:\/\/redsemlac.com\/semmexico\/wp-json\/wp\/v2\/media?parent=23818"}],"wp:term":[{"taxonomy":"category","embeddable":true,"href":"https:\/\/redsemlac.com\/semmexico\/wp-json\/wp\/v2\/categories?post=23818"},{"taxonomy":"post_tag","embeddable":true,"href":"https:\/\/redsemlac.com\/semmexico\/wp-json\/wp\/v2\/tags?post=23818"}],"curies":[{"name":"wp","href":"https:\/\/api.w.org\/{rel}","templated":true}]}}