{"id":23815,"date":"2020-08-10T18:28:08","date_gmt":"2020-08-10T18:28:08","guid":{"rendered":"https:\/\/redsemlac.com\/semmexico\/?p=23815"},"modified":"2023-07-21T16:27:07","modified_gmt":"2023-07-21T21:27:07","slug":"benito-juarez-tuvo-un-gabinete-de-115-ministros-en-mas-de-14-anos","status":"publish","type":"post","link":"https:\/\/redsemlac.com\/semmexico\/benito-juarez-tuvo-un-gabinete-de-115-ministros-en-mas-de-14-anos\/","title":{"rendered":"Benito Ju\u00e1rez tuvo un gabinete de 115 ministros, en m\u00e1s de 14 A\u00f1os"},"content":{"rendered":"\n<p class=\"wp-block-paragraph\"><strong>Jorge Herrera Valenzuela<\/strong><\/p>\n\n\n\n<p class=\"wp-block-paragraph\">SemM\u00e9xico, 10 de agosto, 2020.- Sin duda alguna el presidente <strong>Benito Ju\u00e1rez <\/strong>es el mandatario con m\u00e1s colaboradores en su gabinete y en el que muchos de ellos ocuparon varias veces el mismo cargo o estuvieron al frente de otros ministerios, al mismo tiempo, como fue el caso de Manuel Ruiz que del 19 al 21 de enero de 1858 \u2013al iniciarse el gobierno del oaxaque\u00f1o\u2014estuvo encargado de Relaciones Exteriores, Gobernaci\u00f3n, Justicia y Negocios Eclesi\u00e1sticos, as\u00ed como de Hacienda.<\/p>\n\n\n\n<p class=\"wp-block-paragraph\">En recientes d\u00edas el Presidente de M\u00e9xico respondi\u00f3, en la conferencia ma\u00f1anera, que el ilustre oaxaque\u00f1o tuvo entre 10 y 15 secretarios de Hacienda. Esto por las renuncias presentadas por tres miembros de su gabinete y las declaraciones del bi\u00f3logo <strong>V\u00edctor Manuel Toledo Manzur, <\/strong>calificando al gobierno de la Cuarta Transformaci\u00f3n como un gobierno de contradicciones y de elementos que luchan por el poder individual. Toledo Manzur es el Secretario del Medio Ambiente y Recursos Naturales.<\/p>\n\n\n\n<p class=\"wp-block-paragraph\">Con ese doble motivo record\u00e9 que un buen comentario ser\u00e1 el referir que en nuestra Historia Patria, solamente Ju\u00e1rez hizo 115 nombramientos para integrar su gabinete durante los 14 a\u00f1os 6 meses y 2 d\u00edas que fungi\u00f3 como Presidente de la Rep\u00fablica, comenzando a la salida de Ignacio Comonfort y \u00e9l sucederlo por ley, pues era presidente de la Suprema Corte de Justicia. Ocup\u00f3 a 29 Secretarios de Hacienda.<\/p>\n\n\n\n<p class=\"wp-block-paragraph\">Despu\u00e9s primero fue electo y posteriormente se reeligi\u00f3 dos veces. Lo interesante radica en que el primer presidente ind\u00edgena mexicano, nacido en San Pablo Guelatao, Oaxaca, fue un <strong>presidente itinerante<\/strong> y se enfrent\u00f3 a verdaderos conservadores que no dudaron en imponer a un extranjero como Emperador, hasta vencer y restaurar el sistema republicano.<\/p>\n\n\n\n<p class=\"wp-block-paragraph\">Tambi\u00e9n es cierto, seg\u00fan los historiadores consultados, que entre los integrantes de su gabinete, Ju\u00e1rez tuvo serios enfrentamientos con el no menos ilustre <strong>Guillermo Prieto<\/strong>, a quien responsabiliz\u00f3 de la Secretar\u00eda de Hacienda, en tres diferentes etapas. Prieto Pradillo en Guadalajara le salv\u00f3 la vida a Ju\u00e1rez, cuando los fusiles apuntaban contra el presidente y don Guillermo grit\u00f3: \u201cLos valientes no asesinan\u201d. Ya distanciado del oaxaque\u00f1o y tras escribir art\u00edculos con severas cr\u00edticas, pronunci\u00f3 la oraci\u00f3n f\u00fanebre en el sepelio de do\u00f1a <strong>Margarita Maza de Ju\u00e1rez.<\/strong><\/p>\n\n\n\n<p class=\"wp-block-paragraph\">Considero oportuno comentar que en sus tres etapas como presidente, el general <strong>Porfirio D\u00edaz <\/strong>requiri\u00f3 de nombrar a 63 colaboradores para integrar sus gabinetes, siendo el de 1880 a 1911 el m\u00e1s copioso. Entre los personajes nombrados estaban su compadre <strong>Manuel Gonz\u00e1lez<\/strong>, su suegro <strong>Manuel Romero Rubio<\/strong>, el maestro <strong>Justo Sierra<\/strong> y el abogado y economista <strong>Jos\u00e9 Yves Limantour Marquet <\/strong>que fue el secretario de Hacienda y Cr\u00e9dito P\u00fablico desde 1893 hasta el final del porfiriato, cuando nuestro peso estuvo a la par del d\u00f3lar americano.<\/p>\n\n\n\n<p class=\"wp-block-paragraph\">Para quienes deseen conocer los detalles sobre este comentario, les recomiendo leer el Diccionario Enciclop\u00e9dico de M\u00e9xico, obra de mi estimado amigo <strong>Humberto Musacchio L\u00f3pez<\/strong>. Ah\u00ed se enterar\u00e1n que entre los dos oaxaque\u00f1os rebasaron los 45 a\u00f1os en la Presidencia de la Rep\u00fablica.<\/p>\n\n\n\n<p class=\"wp-block-paragraph\"><strong>Abrazo Solidario a Tere Vale<\/strong><\/p>\n\n\n\n<p class=\"wp-block-paragraph\">Al finalizar la semana pasada dej\u00f3 de existir la se\u00f1ora <strong>Elvira Castilla<\/strong>, mam\u00e1 de Tere, Federico, Javier y el finado comediante Ra\u00fal Vale Castilla. Para todos ellos un abrazo solidario. A Javier es al que no tengo gusto de conocer. Comento que compart\u00ed micr\u00f3fonos de Radio ABC Internacional, en los estudios de la calle Eugenia, Colonia Narvarte, con Tere y ah\u00ed hice amistad con Federico que tambi\u00e9n participaba en la programaci\u00f3n.<\/p>\n\n\n\n<p class=\"wp-block-paragraph\">Recuerdo que al iniciarse como propietaria de la radiodifusora, Tere me confirm\u00f3 la continuidad como colaborador y me dijo: \u201cDebes saber que mi mam\u00e1 es tu fan. Todos los d\u00edas te escucha y le gustan tus comentarios\u201d. Nunca le di las gracias a do\u00f1a Elvira, lo hago ahora, nunca ser\u00e1 tarde para guardar tan bonitas palabras. Hoy puede usted escuchar a m\u00ed querida Tere en el noticiario vespertino de Radio F\u00f3rmula que dirige y conduce <strong>Eduardo Ruiz Healy<\/strong>.<\/p>\n\n\n\n<p class=\"wp-block-paragraph\"><strong>D\u00eda de la o el Barrendero<\/strong><\/p>\n\n\n\n<p class=\"wp-block-paragraph\">Desde hace m\u00e1s de medio siglo en el antiguo Distrito Federal, hoy Ciudad de M\u00e9xico, el 8 de agosto est\u00e1 dedicado para reconocer la importante tarea de 8,322 barrenderos\/barrenderas que en conjunto recorren diariamente cerca de once mil kil\u00f3metros. Barren calles y banquetas, recogen la basura a domicilio. Es un aut\u00e9ntico ej\u00e9rcito humano que evita m\u00e1s contaminaci\u00f3n, por eso \u201cCantinflas\u201d en la pel\u00edcula \u201cEl Barrendero\u201d dijo que \u00e9l era uno de ellos y su \u201cprofesi\u00f3n\u201d era la de \u201cingenieros en asepsia\u201d.<\/p>\n\n\n\n<p class=\"wp-block-paragraph\">En otras \u00e9pocas los festivales tuvieron como escenario la taurina Plaza M\u00e9xico, en otras la box\u00edstica Arena M\u00e9xico, la pandemia del 2020 no permitir\u00e1 un espect\u00e1culo de esa naturaleza. Les invito para que a \u201clos hombres de la escoba y el carrito\u201d les brindemos un momento alegre con un&nbsp; obsequio que muy merecidamente se ganan.<\/p>\n\n\n\n<p class=\"wp-block-paragraph\">H\u00e9ctor Castillo Berthier, del Instituto de Investigaciones Sociales, UNAM, tiene un interesante estudio sobre la labor de los barrenderos y aporta datos curiosos: los once mil y pico de kil\u00f3metros mencionados, equivalen a la distancia entre M\u00e9xico y Jap\u00f3n. Tambi\u00e9n escribi\u00f3 que la suma de 34 d\u00edas es igual a un viaje de la Tierra a la Luna.<\/p>\n\n\n\n<p class=\"wp-block-paragraph\"><strong>Nombran a mujeres como c\u00f3nsules<\/strong><\/p>\n\n\n\n<p class=\"wp-block-paragraph\">En reciente fecha el Presidente de la Rep\u00fablica asign\u00f3 tareas diplom\u00e1ticas a varias mujeres, todas a nivel de titulares de un Consulado. Entre las afortunadas se encuentra <strong>Isabel Arvide<\/strong>, una periodista que sus propios compa\u00f1eros la descalificaron por sus antecedentes negativos en el desempe\u00f1o del oficio. Isabel estar\u00e1 en Estambul, capital de Turqu\u00eda.<\/p>\n\n\n\n<p class=\"wp-block-paragraph\">Las otras nuevas c\u00f3nsules son: Itzel Francisca de Le\u00f3n Villard, a San Bernardino, California; la pol\u00edtica Paloma Villase\u00f1or, a Del R\u00edo, Texas; Martha Ofelia Zamarripa, a Belice.<\/p>\n\n\n\n<p class=\"wp-block-paragraph\">Los comentarios que circularon, fueron en el sentido de que no han variado el criterio para excluir del Servicio Exterior, en las tareas diplom\u00e1ticas, a quienes estudiaron esa carrera y tienen a\u00f1os esperando la oportunidad.<\/p>\n\n\n\n<p class=\"wp-block-paragraph\"><strong>Aniversario de Emiliano Zapata<\/strong><\/p>\n\n\n\n<p class=\"wp-block-paragraph\">En este s\u00e1bado 8 de agosto se cumplieron 141 a\u00f1os del natalicio, en Anenecuilco, Morelos, del \u201cEl Caudillo del Sur\u201d, el general <strong>Emiliano Zapata Salazar<\/strong>, jefe del Ej\u00e9rcito Libertador del Sur y luchador para reivindicar los derechos de los campesinos y recuperar tierras comunales y ejidales que les despojaron gobiernos y particulares.<\/p>\n\n\n\n<p class=\"wp-block-paragraph\">Precisamente el jueves pasado el Presidente de M\u00e9xico prometi\u00f3 a los yaquis, sonorenses que han sufrido desde la \u00e9poca obregonista, que una comisi\u00f3n especial se encargar\u00e1 de estudiar el problema para devolverles las tierras de que les entreg\u00f3 el presidente <strong>L\u00e1zaro C\u00e1rdenas del R\u00edo<\/strong>, as\u00ed como llevar el agua potable para m\u00e1s de cincuenta pueblos que carecen de ella.<\/p>\n\n\n\n<p class=\"wp-block-paragraph\"><strong>P.D. <\/strong>En esta ocasi\u00f3n les comparto comentarios relacionados con dos destacados mexicanos que tienen motivos para sentirse felices de lo que han logrado\u2026.El abogado <strong>Julio Serrano Castillejos<\/strong> el pasado 4 de este mes lleg\u00f3 felizmente a los 84 a\u00f1os de edad y hace 66 que fuimos condisc\u00edpulos en la Escuela Nacional Preparatoria, la a\u00f1orada <strong>Prepa 1<\/strong>. Julio como vicepresidente y un servidor como secretario de prensa estuvimos en la directiva de la Sociedad de Alumnos. Merecido reconocimiento ha recibido este hombre nacido en Tuxtla Guti\u00e9rrez, Chiapas, donde reside. Poeta, escritor, jurista y profesor, lo distinguen como un gran chiapaneco<strong>.<\/strong>..&nbsp; No menos orgulloso y contento est\u00e1 mi fraternal colega <strong>Carlos Ravelo y Galindo<\/strong> porque el 4 de agosto de 1945 inici\u00f3 su carrera en el oficio o profesi\u00f3n m\u00e1s bonita del mundo, la de reportero diarista. A lo largo de esos 75 a\u00f1os, que lo convierten en el Decano de los Diaristas Mexicanos, Carlos principi\u00f3 como yo, de Ayudante de Redacci\u00f3n (as\u00ed con may\u00fasculas), reportero-redactor, columnista, argumentista de cine y televisi\u00f3n, adem\u00e1s de su responsabilidad del Noticiero Exc\u00e9lsior que se transmit\u00eda, de lunes a viernes, por la noche en el Canal 2, hoy llamado Canal de las Estrellas. Ahora leemos su cultural columna \u201cEn Las Nubes\u201d del diarismo digital\u2026Desde aqu\u00ed un abrazo para <strong>Julio <\/strong>y otro para <strong>Carlos.<\/strong><\/p>\n\n\n\n<p class=\"wp-block-paragraph\"><strong>jherrerav@live.com.mx<\/strong><\/p>\n","protected":false},"excerpt":{"rendered":"<p>Sin duda alguna el presidente Benito Ju\u00e1rez es el mandatario con m\u00e1s colaboradores en su gabinete y en el que muchos de ellos ocuparon varias veces el mismo cargo<\/p>\n","protected":false},"author":3,"featured_media":23816,"comment_status":"open","ping_status":"open","sticky":false,"template":"","format":"standard","meta":{"_monsterinsights_skip_tracking":false,"footnotes":""},"categories":[691,94],"tags":[],"class_list":["post-23815","post","type-post","status-publish","format-standard","has-post-thumbnail","category-691","category-jorge-herrera-valenzuela"],"_links":{"self":[{"href":"https:\/\/redsemlac.com\/semmexico\/wp-json\/wp\/v2\/posts\/23815","targetHints":{"allow":["GET"]}}],"collection":[{"href":"https:\/\/redsemlac.com\/semmexico\/wp-json\/wp\/v2\/posts"}],"about":[{"href":"https:\/\/redsemlac.com\/semmexico\/wp-json\/wp\/v2\/types\/post"}],"author":[{"embeddable":true,"href":"https:\/\/redsemlac.com\/semmexico\/wp-json\/wp\/v2\/users\/3"}],"replies":[{"embeddable":true,"href":"https:\/\/redsemlac.com\/semmexico\/wp-json\/wp\/v2\/comments?post=23815"}],"version-history":[{"count":0,"href":"https:\/\/redsemlac.com\/semmexico\/wp-json\/wp\/v2\/posts\/23815\/revisions"}],"wp:featuredmedia":[{"embeddable":true,"href":"https:\/\/redsemlac.com\/semmexico\/wp-json\/wp\/v2\/media\/23816"}],"wp:attachment":[{"href":"https:\/\/redsemlac.com\/semmexico\/wp-json\/wp\/v2\/media?parent=23815"}],"wp:term":[{"taxonomy":"category","embeddable":true,"href":"https:\/\/redsemlac.com\/semmexico\/wp-json\/wp\/v2\/categories?post=23815"},{"taxonomy":"post_tag","embeddable":true,"href":"https:\/\/redsemlac.com\/semmexico\/wp-json\/wp\/v2\/tags?post=23815"}],"curies":[{"name":"wp","href":"https:\/\/api.w.org\/{rel}","templated":true}]}}