{"id":23785,"date":"2020-08-08T21:37:13","date_gmt":"2020-08-08T21:37:13","guid":{"rendered":"https:\/\/redsemlac.com\/semmexico\/?p=23785"},"modified":"2023-07-21T16:27:08","modified_gmt":"2023-07-21T21:27:08","slug":"una-mujer-jugara-en-un-equipo-masculino-en-la-cuarta-division-del-futbol-holandes","status":"publish","type":"post","link":"https:\/\/redsemlac.com\/semmexico\/una-mujer-jugara-en-un-equipo-masculino-en-la-cuarta-division-del-futbol-holandes\/","title":{"rendered":"Una mujer jugar\u00e1 en un equipo masculino en la cuarta divisi\u00f3n del f\u00fatbol holand\u00e9s"},"content":{"rendered":"\n<ul class=\"wp-block-list\"><li><strong>La federaci\u00f3n holandesa de f\u00fatbol (KNVB) ha concedido permiso al v.v. Foar\u00fat para que una mujer dispute partidos con el equipo masculino.<\/strong><\/li><\/ul>\n\n\n\n<p class=\"wp-block-paragraph\">Por:Redacci\u00f3n <strong>Eurosport<\/strong><\/p>\n\n\n\n<p class=\"wp-block-paragraph\">SemM\u00e9xico\/Eurosport. 08 de agosto 2020.- Ellen Fokkema, de 19 a\u00f1os, ser\u00e1 la la mujer en disputar partidos oficiales del f\u00fatbol aficionado holand\u00e9s masculino. Lo har\u00e1 en la cuarta divisi\u00f3n, donde se encuentra el Foar\u00fat, tras alcanzar el club un acuerdo con la federaci\u00f3n.<\/p>\n\n\n\n<p class=\"wp-block-paragraph\">Se trata de una experiencia pionera y en prueba en la integraci\u00f3n del f\u00fatbol masculino y femenino. Fokkema ha jugado siempre en equipos masculinos, pero al cumplir 19 a\u00f1os ya no podr\u00eda seguir haci\u00e9ndolo al ser los 18 a\u00f1os la edad m\u00e1xima en que se permit\u00edan equipos masculinos con mujeres en el f\u00fatbol holand\u00e9s.<\/p>\n\n\n\n<p class=\"wp-block-paragraph\">\u00abHe estado jugando con ellos desde que ten\u00eda cinco a\u00f1os y lamentaba no poder seguir con ellos el pr\u00f3ximo a\u00f1o. Desde el KNVB siempre me aconsejaron que siguiera jugando con los ni\u00f1os el mayor tiempo posible\u00bb, afirm\u00f3 Fokkema.<\/p>\n\n\n\n<figure class=\"wp-block-embed-twitter wp-block-embed is-type-rich is-provider-twitter\"><div class=\"wp-block-embed__wrapper\">\n<blockquote class=\"twitter-tweet\" data-width=\"550\" data-dnt=\"true\"><p lang=\"nl\" dir=\"ltr\">Dit is de 19-jarige Ellen Fokkema van <a href=\"https:\/\/twitter.com\/vvFoarut?ref_src=twsrc%5Etfw\">@vvFoarut<\/a>. Komend seizoen gaat zij als eerste vrouw in Nederland tussen de mannen voetballen in de senioren. <a href=\"https:\/\/t.co\/Xii4ld5o3X\">pic.twitter.com\/Xii4ld5o3X<\/a><\/p>&mdash; Andor Faber (@Andor_F) <a href=\"https:\/\/twitter.com\/Andor_F\/status\/1290632658507182080?ref_src=twsrc%5Etfw\">August 4, 2020<\/a><\/blockquote><script async src=\"https:\/\/platform.twitter.com\/widgets.js\" charset=\"utf-8\"><\/script>\n<\/div><\/figure>\n\n\n\n<p class=\"wp-block-paragraph\">SEM\/Eurosport<\/p>\n","protected":false},"excerpt":{"rendered":"<p>La federaci\u00f3n holandesa de f\u00fatbol (KNVB) ha concedido permiso al v.v. Foar\u00fat para que una mujer dispute partidos con el equipo masculino.<\/p>\n","protected":false},"author":3,"featured_media":23786,"comment_status":"open","ping_status":"open","sticky":false,"template":"","format":"standard","meta":{"_monsterinsights_skip_tracking":false,"footnotes":""},"categories":[691,54],"tags":[],"class_list":["post-23785","post","type-post","status-publish","format-standard","has-post-thumbnail","category-691","category-mujeres"],"_links":{"self":[{"href":"https:\/\/redsemlac.com\/semmexico\/wp-json\/wp\/v2\/posts\/23785","targetHints":{"allow":["GET"]}}],"collection":[{"href":"https:\/\/redsemlac.com\/semmexico\/wp-json\/wp\/v2\/posts"}],"about":[{"href":"https:\/\/redsemlac.com\/semmexico\/wp-json\/wp\/v2\/types\/post"}],"author":[{"embeddable":true,"href":"https:\/\/redsemlac.com\/semmexico\/wp-json\/wp\/v2\/users\/3"}],"replies":[{"embeddable":true,"href":"https:\/\/redsemlac.com\/semmexico\/wp-json\/wp\/v2\/comments?post=23785"}],"version-history":[{"count":0,"href":"https:\/\/redsemlac.com\/semmexico\/wp-json\/wp\/v2\/posts\/23785\/revisions"}],"wp:featuredmedia":[{"embeddable":true,"href":"https:\/\/redsemlac.com\/semmexico\/wp-json\/wp\/v2\/media\/23786"}],"wp:attachment":[{"href":"https:\/\/redsemlac.com\/semmexico\/wp-json\/wp\/v2\/media?parent=23785"}],"wp:term":[{"taxonomy":"category","embeddable":true,"href":"https:\/\/redsemlac.com\/semmexico\/wp-json\/wp\/v2\/categories?post=23785"},{"taxonomy":"post_tag","embeddable":true,"href":"https:\/\/redsemlac.com\/semmexico\/wp-json\/wp\/v2\/tags?post=23785"}],"curies":[{"name":"wp","href":"https:\/\/api.w.org\/{rel}","templated":true}]}}