{"id":23753,"date":"2020-08-07T16:26:14","date_gmt":"2020-08-07T16:26:14","guid":{"rendered":"https:\/\/redsemlac.com\/semmexico\/?p=23753"},"modified":"2023-07-21T16:27:08","modified_gmt":"2023-07-21T21:27:08","slug":"cuando-premian-uno-de-tus-relatos","status":"publish","type":"post","link":"https:\/\/redsemlac.com\/semmexico\/cuando-premian-uno-de-tus-relatos\/","title":{"rendered":"Cuando premian uno de tus relatos"},"content":{"rendered":"\n<ul class=\"wp-block-list\"><li><strong>En algunos hoteles donde me hospedo cuando voy a un congreso, me han pasado cosas extra\u00f1as.\u00a0<\/strong><\/li><li><strong>\u00a0\u00a0\u201cUn cuerpo sobre el m\u00edo\u201d ha sido seleccionado como ganador de la convocatoria de Librer\u00edo<\/strong><\/li><\/ul>\n\n\n\n<p class=\"wp-block-paragraph\"><strong>Por Elvira Hern\u00e1ndez Carballido\u00a0<\/strong><\/p>\n\n\n\n<p class=\"wp-block-paragraph\">SemM\u00e9xico\/El Independiente de Hidalgo. 7 de agosto de 2020.- La convocatoria dec\u00eda: Librer\u00edo. \u00a1Participa! \u00a1\u00daltima semana! Convocatoria 2020 \u201cPM: Noches de terror\u201d. Si te gusta escribir y quieres que tu relato forme parte de un libro, te invitamos a participar en nuestro concurso. Bases: Cualquier nacionalidad. Ser mayor de edad. Tem\u00e1tica relato de terror. Extensi\u00f3n m\u00ednima de mil 500 palabras (sin contar el t\u00edtulo). Escrito en espa\u00f1ol. Relato in\u00e9dito y que no est\u00e9 participando actualmente en otro concurso.<\/p>\n\n\n\n<p class=\"wp-block-paragraph\">Record\u00e9 que hace unas semanas, en mi Taller de literatura, hab\u00eda escrito un cuento de terror. Por suerte, mi profesora, la poeta Kyra Galv\u00e1n, nos dej\u00f3 redactar un texto con esa tem\u00e1tica. Despu\u00e9s de leer a Edgar Allan Poe y otros autores, consider\u00f3 que era importante arriesgarnos a narrar con otras perspectivas y tono. Ese mismo d\u00eda pens\u00e9 y pens\u00e9 de qu\u00e9 pod\u00eda escribir. Ya me hab\u00eda aventurado con la historia de una casa, donde yo viv\u00ed, que de verdad asustaba. Record\u00e9 que a veces, en algunos hoteles donde me hospedo cuando voy a un congreso, y casi siempre viajo sola, me han pasado cosas extra\u00f1as, sobre todo en las casonas antiguas como las que hay en Zacatecas. Entre tantas historias record\u00e9 ese momento que mucha gente ha sentido, sobre todo en las noches, que algo o alguien se coloca encima de tu cuerpo y no puedes moverte. Cre\u00ed que de esa situaci\u00f3n pod\u00eda escribir una historia que tuviera suspenso, miedo y mucha angustia de la protagonista. Empec\u00e9 a escribir un p\u00e1rrafo, luego una p\u00e1gina y despu\u00e9s varias m\u00e1s.<\/p>\n\n\n\n<p class=\"wp-block-paragraph\">El d\u00eda que le\u00ed el texto en mi taller de literatura a mi maestra le gust\u00f3 y no es f\u00e1cil que eso ocurra porque ella es muy sincera y estricta, pero sobre todo justa. Mis compa\u00f1eras del taller opinaron lo mismo. Hicimos unas correcciones y qued\u00f3 redondito. Y en la tarde, justo ese d\u00eda vi la convocatoria, confiada y desconfiada, decid\u00ed mandar el cuento. Semanas despu\u00e9s lleg\u00f3 el mensaje: \u201cEstimada, buen d\u00eda, el motivo de este mensaje es para confirmar que de este n\u00famero de m\u00f3vil se envi\u00f3 un relato para participar en la convocatoria organizada por Librer\u00edo y que la autora del relato \u201cUn cuerpo sobre el m\u00edo\u201d ha sido seleccionado como ganador de nuestra convocatoria. Felicidades\u201d. Brinque por la casa, abrac\u00e9 a mi esposo e hijo, volv\u00ed a brincar, llor\u00e9 un poquito. Le escrib\u00ed a Kyra para avisarle. Celebr\u00f3 feliz. Ya anunciaron a los ganadores, el libro ya est\u00e1 en Amazon, pronto se publicar\u00e1 impreso. Releo uno de los p\u00e1rrafos que escrib\u00ed: \u201cCierro fuerte los ojos, tan fuerte que me duelen los p\u00e1rpados, siento un vac\u00edo en el est\u00f3mago y aprieto con tal fuerza el pu\u00f1o de la mano izquierda que creo quebrar las l\u00edneas de mi palma. Unas afiladas u\u00f1as rasgan mi muslo derecho, poco a poco se encajan como mil colmillos de vampiros\u2026\u201d Espero pronto lo puedan leer, y s\u00ed, hoy sonr\u00edo feliz.<\/p>\n","protected":false},"excerpt":{"rendered":"<p>En algunos hoteles donde me hospedo cuando voy a un congreso, me han pasado cosas extra\u00f1as. <\/p>\n","protected":false},"author":3,"featured_media":23754,"comment_status":"open","ping_status":"open","sticky":false,"template":"","format":"standard","meta":{"_monsterinsights_skip_tracking":false,"footnotes":""},"categories":[691,46],"tags":[],"class_list":["post-23753","post","type-post","status-publish","format-standard","has-post-thumbnail","category-691","category-cultura-cultura"],"_links":{"self":[{"href":"https:\/\/redsemlac.com\/semmexico\/wp-json\/wp\/v2\/posts\/23753","targetHints":{"allow":["GET"]}}],"collection":[{"href":"https:\/\/redsemlac.com\/semmexico\/wp-json\/wp\/v2\/posts"}],"about":[{"href":"https:\/\/redsemlac.com\/semmexico\/wp-json\/wp\/v2\/types\/post"}],"author":[{"embeddable":true,"href":"https:\/\/redsemlac.com\/semmexico\/wp-json\/wp\/v2\/users\/3"}],"replies":[{"embeddable":true,"href":"https:\/\/redsemlac.com\/semmexico\/wp-json\/wp\/v2\/comments?post=23753"}],"version-history":[{"count":0,"href":"https:\/\/redsemlac.com\/semmexico\/wp-json\/wp\/v2\/posts\/23753\/revisions"}],"wp:featuredmedia":[{"embeddable":true,"href":"https:\/\/redsemlac.com\/semmexico\/wp-json\/wp\/v2\/media\/23754"}],"wp:attachment":[{"href":"https:\/\/redsemlac.com\/semmexico\/wp-json\/wp\/v2\/media?parent=23753"}],"wp:term":[{"taxonomy":"category","embeddable":true,"href":"https:\/\/redsemlac.com\/semmexico\/wp-json\/wp\/v2\/categories?post=23753"},{"taxonomy":"post_tag","embeddable":true,"href":"https:\/\/redsemlac.com\/semmexico\/wp-json\/wp\/v2\/tags?post=23753"}],"curies":[{"name":"wp","href":"https:\/\/api.w.org\/{rel}","templated":true}]}}