{"id":23738,"date":"2020-08-07T00:18:51","date_gmt":"2020-08-07T00:18:51","guid":{"rendered":"https:\/\/redsemlac.com\/semmexico\/?p=23738"},"modified":"2023-07-21T16:27:08","modified_gmt":"2023-07-21T21:27:08","slug":"en-morelos-aumenta-la-violencia-feminicida-y-el-feminicidio-cidh","status":"publish","type":"post","link":"https:\/\/redsemlac.com\/semmexico\/en-morelos-aumenta-la-violencia-feminicida-y-el-feminicidio-cidh\/","title":{"rendered":"En Morelos, aumenta la violencia feminicida y el feminicidio: CIDH"},"content":{"rendered":"\n<p class=\"wp-block-paragraph\">* Marzo y julio los meses m\u00e1s violentos del 2020<\/p>\n\n\n\n<p class=\"wp-block-paragraph\">* Crece tambi\u00e9n el n\u00famero de municipios con asesinatos violentos de mujeres<\/p>\n\n\n\n<p class=\"wp-block-paragraph\">Estrella&nbsp;Pedroza<\/p>\n\n\n\n<p class=\"wp-block-paragraph\">SemM\u00e9xico, Cuernavaca, Mor., 6 de agosto, 2020.- En lo que va de este a\u00f1o, en Morelos se han registrados 44 feminicidios, los meses m\u00e1s violentos fueron marzo con 10&nbsp;y julio&nbsp;con nueve casos, seg\u00fan documento de la Comisi\u00f3n Independiente de Derechos Humanos (CIDH).<\/p>\n\n\n\n<p class=\"wp-block-paragraph\">Este mes de agosto, se cumplen cinco a\u00f1os desde que se decret\u00f3 \u2013en 2015- la Alerta de Violencia de G\u00e9nero contra las Mujeres (AVG) en ocho municipios de la entidad (Cuautla, Cuernavaca, Emiliano Zapata, Jiutepec, Puente de Ixtla, Temixco, Xochitepec y Yautepec) por el alto \u00edndice de violencia feminicida y feminicidios contra las mujeres.<\/p>\n\n\n\n<p class=\"wp-block-paragraph\">A cinco a\u00f1os de distancia, la violencia feminicida prevalece, incluso va en aumento, detall\u00f3 Paloma Estrada Mu\u00f1oz, integrante de la CIDH, quien explic\u00f3 que en este lapso a la lista de ocho&nbsp;municipios&nbsp;con AVG, se suman otros 10 por la ocurrencia de feminicidios.<\/p>\n\n\n\n<p class=\"wp-block-paragraph\">En los siete meses que han transcurrido de este 2020, los&nbsp;municipios donde las mujeres&nbsp;fueron asesinadas por raz\u00f3n de g\u00e9nero son:&nbsp;Amacuzac con tres, Ciudad&nbsp;Ayala con uno, Cuautla con dos,&nbsp;Cuernavaca con 11, Emiliano Zapata con dos,&nbsp;Huitzilac&nbsp;con uno, Jantetelco con uno, Jiutepec con tres, Puente de Ixtla con uno, Temixco con seis, Tepoztl\u00e1n con dos, Tetecala con dos, Tlaltizapan con tres, Xochitepec con dos, Yecapixtla con uno y&nbsp;Zacatepec&nbsp;con dos.<\/p>\n\n\n\n<p class=\"wp-block-paragraph\">De acuerdo a la activista a&nbsp;lo largo de dos d\u00e9cadas se han acumulado&nbsp;mil&nbsp;79 casos de asesinatos violentos de mujeres en la entidad.<\/p>\n\n\n\n<p class=\"wp-block-paragraph\">Y detall\u00f3 que esto se debe a que \u201cning\u00fan gobierno, de todos los&nbsp;colores, ha cumplido a cabalidad&nbsp;con lo que establece la Alerta de Violencia de G\u00e9nero\u201d.<\/p>\n\n\n\n<p class=\"wp-block-paragraph\">Estrada Mu\u00f1oz expuso que, con el pretexto de la pandemia&nbsp;sanitaria, el gobierno de Cuauht\u00e9moc Blanco ha incumplido hasta con una campa\u00f1a&nbsp;informativa que busca hacer conciencia entre la ciudadan\u00eda.<\/p>\n\n\n\n<p class=\"wp-block-paragraph\">Es importante recordar que de acuerdo con el Instituto de la Mujer para el Estado de Morelos (IMEM) durante esta pandemia se incrementado la&nbsp;violencia familiar en contra de las mujeres.<\/p>\n\n\n\n<p class=\"wp-block-paragraph\">SEM\/ep\/sj<\/p>\n\n\n\n<figure class=\"wp-block-gallery columns-3 is-cropped wp-block-gallery-1 is-layout-flex wp-block-gallery-is-layout-flex\"><ul class=\"blocks-gallery-grid\"><li class=\"blocks-gallery-item\"><figure><a href=\"https:\/\/redsemlac.com\/semmexico\/wp-content\/uploads\/2020\/08\/Screenshot_20200806-181210_WhatsApp.jpg\"><img decoding=\"async\" src=\"https:\/\/redsemlac.com\/semmexico\/wp-content\/uploads\/2020\/08\/Screenshot_20200806-181210_WhatsApp-770x1024.jpg\" alt=\"\" data-id=\"23739\" data-full-url=\"https:\/\/redsemlac.com\/semmexico\/wp-content\/uploads\/2020\/08\/Screenshot_20200806-181210_WhatsApp.jpg\" data-link=\"https:\/\/redsemlac.com\/semmexico\/?attachment_id=23739\" class=\"wp-image-23739\"\/><\/a><\/figure><\/li><li class=\"blocks-gallery-item\"><figure><a href=\"https:\/\/redsemlac.com\/semmexico\/wp-content\/uploads\/2020\/08\/Screenshot_20200806-181222_WhatsApp.jpg\"><img decoding=\"async\" src=\"https:\/\/redsemlac.com\/semmexico\/wp-content\/uploads\/2020\/08\/Screenshot_20200806-181222_WhatsApp-769x1024.jpg\" alt=\"\" data-id=\"23740\" data-full-url=\"https:\/\/redsemlac.com\/semmexico\/wp-content\/uploads\/2020\/08\/Screenshot_20200806-181222_WhatsApp.jpg\" data-link=\"https:\/\/redsemlac.com\/semmexico\/?attachment_id=23740\" class=\"wp-image-23740\"\/><\/a><\/figure><\/li><li class=\"blocks-gallery-item\"><figure><a href=\"https:\/\/redsemlac.com\/semmexico\/wp-content\/uploads\/2020\/08\/Screenshot_20200806-181233_WhatsApp.jpg\"><img decoding=\"async\" src=\"https:\/\/redsemlac.com\/semmexico\/wp-content\/uploads\/2020\/08\/Screenshot_20200806-181233_WhatsApp-751x1024.jpg\" alt=\"\" data-id=\"23741\" data-full-url=\"https:\/\/redsemlac.com\/semmexico\/wp-content\/uploads\/2020\/08\/Screenshot_20200806-181233_WhatsApp.jpg\" data-link=\"https:\/\/redsemlac.com\/semmexico\/?attachment_id=23741\" class=\"wp-image-23741\"\/><\/a><\/figure><\/li><\/ul><\/figure>\n","protected":false},"excerpt":{"rendered":"<p>* Marzo y julio los meses m\u00e1s violentos del 2020 * Crece tambi\u00e9n el n\u00famero de municipios con asesinatos violentos de mujeres Estrella&nbsp;Pedroza SemM\u00e9xico, Cuernavaca, Mor., 6 de agosto, 2020.- En lo que va de este a\u00f1o, en Morelos se han registrados 44 feminicidios, los meses m\u00e1s violentos fueron marzo con 10&nbsp;y julio&nbsp;con nueve casos, [&hellip;]<\/p>\n","protected":false},"author":3,"featured_media":23742,"comment_status":"open","ping_status":"open","sticky":false,"template":"","format":"standard","meta":{"_monsterinsights_skip_tracking":false,"footnotes":""},"categories":[691,54],"tags":[],"class_list":["post-23738","post","type-post","status-publish","format-standard","has-post-thumbnail","category-691","category-mujeres"],"_links":{"self":[{"href":"https:\/\/redsemlac.com\/semmexico\/wp-json\/wp\/v2\/posts\/23738","targetHints":{"allow":["GET"]}}],"collection":[{"href":"https:\/\/redsemlac.com\/semmexico\/wp-json\/wp\/v2\/posts"}],"about":[{"href":"https:\/\/redsemlac.com\/semmexico\/wp-json\/wp\/v2\/types\/post"}],"author":[{"embeddable":true,"href":"https:\/\/redsemlac.com\/semmexico\/wp-json\/wp\/v2\/users\/3"}],"replies":[{"embeddable":true,"href":"https:\/\/redsemlac.com\/semmexico\/wp-json\/wp\/v2\/comments?post=23738"}],"version-history":[{"count":0,"href":"https:\/\/redsemlac.com\/semmexico\/wp-json\/wp\/v2\/posts\/23738\/revisions"}],"wp:featuredmedia":[{"embeddable":true,"href":"https:\/\/redsemlac.com\/semmexico\/wp-json\/wp\/v2\/media\/23742"}],"wp:attachment":[{"href":"https:\/\/redsemlac.com\/semmexico\/wp-json\/wp\/v2\/media?parent=23738"}],"wp:term":[{"taxonomy":"category","embeddable":true,"href":"https:\/\/redsemlac.com\/semmexico\/wp-json\/wp\/v2\/categories?post=23738"},{"taxonomy":"post_tag","embeddable":true,"href":"https:\/\/redsemlac.com\/semmexico\/wp-json\/wp\/v2\/tags?post=23738"}],"curies":[{"name":"wp","href":"https:\/\/api.w.org\/{rel}","templated":true}]}}