{"id":23733,"date":"2020-08-07T00:15:17","date_gmt":"2020-08-07T00:15:17","guid":{"rendered":"https:\/\/redsemlac.com\/semmexico\/?p=23733"},"modified":"2023-07-21T16:27:08","modified_gmt":"2023-07-21T21:27:08","slug":"encubren-autoridades-de-guelatao-de-juarez-a-un-agresor","status":"publish","type":"post","link":"https:\/\/redsemlac.com\/semmexico\/encubren-autoridades-de-guelatao-de-juarez-a-un-agresor\/","title":{"rendered":"Encubren autoridades de Guelatao de Ju\u00e1rez a un agresor"},"content":{"rendered":"\n<p class=\"wp-block-paragraph\">* Un m\u00e9dico, un s\u00edndico, una regidora y el alcalde minimizan un acto de violencia machista<\/p>\n\n\n\n<p class=\"wp-block-paragraph\">* No lo detienen porque \u201cno sabe c\u00f3mo le va a explicar a su esposa que debe ir a la c\u00e1rcel\u201d<\/p>\n\n\n\n<p class=\"wp-block-paragraph\">Soledad Jarqu\u00edn Edgar<\/p>\n\n\n\n<p class=\"wp-block-paragraph\">SemM\u00e9xico, Oaxaca, 6 de agosto, 2020.- Un hecho de violencia contra una trabajadora del municipio de Guelatao de Ju\u00e1rez sigue en la impunidad, luego de que la autoridad ha minimizado la agresi\u00f3n, el victimario pidi\u00f3 \u2013en un escrito- que no se le detenga, se niega a reparar el da\u00f1o, documento que fue tomado como \u201cun amparo\u201d y, adem\u00e1s, el violentador \u201cno sabe c\u00f3mo explicarle a su esposa que debe ir a la c\u00e1rcel\u201d, por lo que la autoridad se neg\u00f3 a detenerlo.<\/p>\n\n\n\n<p class=\"wp-block-paragraph\">\u201cMar\u00eda\u201d, trabaja como afanadora en el municipio de esa localidad, fue pellizcada en el muslo izquierdo por Ra\u00fal M. B., la agresi\u00f3n le produjo un moret\u00f3n visible por m\u00e1s de 15 d\u00edas, de inmediato acudi\u00f3 al m\u00e9dico del Centro de Salud para solicitarle un certificado sobre la lesi\u00f3n, el m\u00e9dico se neg\u00f3.<\/p>\n\n\n\n<p class=\"wp-block-paragraph\">Explic\u00f3 que no pod\u00eda extender el certificado m\u00e9dico porque \u201cno ten\u00eda orden del s\u00edndico municipal\u201d y porque no podr\u00eda darle seguimiento. Finalmente extendi\u00f3 el documento varios d\u00edas despu\u00e9s.<\/p>\n\n\n\n<p class=\"wp-block-paragraph\">Acudi\u00f3 entonces ante el s\u00edndico quien no pudo atenderla.<\/p>\n\n\n\n<p class=\"wp-block-paragraph\">Al d\u00eda siguiente muy temprano se present\u00f3 ante el alcalde Antonio del \u00c1guila Garc\u00eda Ram\u00edrez para contarle lo sucedido el 19 de julio. Despu\u00e9s de pedirle que llevara su queja por escrito, le inform\u00f3 que llamar\u00edan a Ra\u00fal M.B.&nbsp;\u201cpara hacer una conciliaci\u00f3n\u201d y \u201cque por lo menos le pida una disculpa\u201d.<\/p>\n\n\n\n<p class=\"wp-block-paragraph\">Dos d\u00edas despu\u00e9s dio aviso a su jefa, la Regidora de Educaci\u00f3n, Salud y Ecolog\u00eda, Adelina Beteta, quien le aconsej\u00f3 no denunciar porque \u201cno le iban a creer\u201d y le otorg\u00f3 un uniforme, un overol naranja para recolecci\u00f3n de basura y le dijo: \u201cpara que no te duela cuando te pellizquen\u201d.&nbsp;<\/p>\n\n\n\n<p class=\"wp-block-paragraph\">Ra\u00fal M. quien no hab\u00eda sido llamado por la autoridad molest\u00f3 en dos ocasiones m\u00e1s a \u201cMar\u00eda\u201d, quien adem\u00e1s es conocida por su trabajo como curandera tradicional de la poblaci\u00f3n, hechos que ocurrieron el 23 y 25 de julio. Por lo que nuevamente acudi\u00f3 ante el Alcalde y la Regidora para manifestar que hab\u00eda sido molestada por su agresor nuevamente. Ambos minimizaron el hecho.<\/p>\n\n\n\n<p class=\"wp-block-paragraph\">La falta de respuesta de las autoridades hizo que Mar\u00eda acudiera ante la asociaci\u00f3n civil Yureni, donde Miriam Pascual Jim\u00e9nez, la atiende y la acompa\u00f1a en diversas reuniones con la autoridad, ya que Mar\u00eda pide que el caso se atendido conforme al sistema normativo ind\u00edgena.<\/p>\n\n\n\n<p class=\"wp-block-paragraph\">En dos ocasiones, la autoridad municipal mand\u00f3 a llamar al agresor, Ra\u00fal M.B., quien admiti\u00f3 los hechos frente al s\u00edndico Alejandro Ruiz Garc\u00eda y el alcalde Antonio del \u00c1guila Garc\u00eda Ram\u00edrez, se\u00f1al\u00e1ndolos como \u201cun accidente, d\u00edas desp\u00faes el agresor comenz\u00f3 a difundir entre la poblaci\u00f3n que demandar\u00eda a Mar\u00eda.<\/p>\n\n\n\n<p class=\"wp-block-paragraph\">La autoridad mand\u00f3 llamar a Mar\u00eda, ella pidi\u00f3 de nueva cuenta su intervenci\u00f3n, concretamente que se actuara conforme a derecho y se le impusiera a Ra\u00fal M. la sanci\u00f3n correspondiente, tal y como se establece en el Art\u00edculo 101, freacci\u00f3n k) del Reglamento Municipal y se tomaran en cuenta los delitos que se configuren de acuerdo al C\u00f3digo Penal para el Estado de Oaxaca, en el Art\u00edculo 272.<\/p>\n\n\n\n<p class=\"wp-block-paragraph\">Las autoridades encabezadas por Antonio del \u00c1guila han sostenido tres reuniones m\u00e1s con Mar\u00eda. En la primera se comprometieron a castigar a Ra\u00fal M., quien como ya se se\u00f1al\u00f3 antes dijo peliizcarla en el muslo izquierdo hab\u00eda sido \u201cun accidente\u201d, por lo que no es arrestado. Cuando la abogada Pascual Jim\u00e9nez pregunta por qu\u00e9 no fue arrestado, la respuesta fue: \u201cporque el se\u00f1or no quer\u00eda ir a la c\u00e1rcel\u201d, sin embargo, ordenan al Mayor (jefe del bando de polic\u00eda comunitaria) que lo arresten al d\u00eda siguiente porque ya era tarde.<\/p>\n\n\n\n<p class=\"wp-block-paragraph\">En la segunda reuni\u00f3n, el s\u00edndico municipal pide a la v\u00edctima que llegue a un acuerdo con su agresor. Ella sostiene que se dar\u00eda por reparada la agresi\u00f3n, si la autoridad emit\u00eda una disculpa p\u00fablica por no ser atendida debidamente, por no protegerla y se reprobaba la conducta machista en la comunidad.<\/p>\n\n\n\n<p class=\"wp-block-paragraph\">En tanto que para el agresor propuso la alternativa de una reparaci\u00f3n del da\u00f1o de 20 mil pesos para que ella pagara terapias psicol\u00f3gicas en la ciudad de Oaxaca, y pudiera vivir un momento en lo que consegu\u00eda un mejor trabajo donde no estuviera en riesgo y que si Ra\u00fal M, su agresor, no aceptaba entonces solicit\u00f3 al gobierno municipal que fuera castigado al reglamento interno dispone.&nbsp;<\/p>\n\n\n\n<p class=\"wp-block-paragraph\">Las autoridades prometieron llevar la propuesta al Cabildo.<\/p>\n\n\n\n<p class=\"wp-block-paragraph\">Ra\u00fal M. se neg\u00f3 a reparar el da\u00f1o, inform\u00f3 en su momento el s\u00edndico, por lo que la representante de la Asociaci\u00f3n Civil Yereni y la v\u00edctima solicitaron que se procediera a aplicar la sanci\u00f3n correspondiente. El s\u00edndico dijo que la decisi\u00f3n ser\u00eda tomada por el Alcalde, pero se encontraba fuera de Guelatao, aunque ya exist\u00eda una orden de detenci\u00f3n en contra de Ra\u00fal M. por lo que se insisti\u00f3 en que deb\u00edan proceder.<\/p>\n\n\n\n<p class=\"wp-block-paragraph\">Al mismo tiempo la afectada y la representante de la organizaci\u00f3n pidieron un escrito de resoluci\u00f3n, fuera cual fuera la determinaci\u00f3n, lo que si ocurri\u00f3. En el escrito le indican a Mar\u00eda que llamar\u00e1n a comparecer al agresor, que le pedir\u00e1n que repare el da\u00f1o y que en caso de negarse ser\u00eda detenido.<\/p>\n\n\n\n<p class=\"wp-block-paragraph\">Ra\u00fal M present\u00f3 ante la autoridad un escrito pidiendo que no se le detuviera, documento que fue tomado como un \u201camparo\u201d, por lo que la autoridad se neg\u00f3 a proceder. La sugerencia de la autoridad fue que presentara su denuncia ante la Fiscal\u00eda General de Justicia de Oaxaca, a lo que Mar\u00eda respondi\u00f3 que no, que deb\u00eda aplicarse el sistema de justicia comunitaria.<\/p>\n\n\n\n<p class=\"wp-block-paragraph\">La autoridad de Guelatao de Ju\u00e1rez, municipio ubicado en la Sierra Norte, dice la abogada Pascual Jim\u00e9nez no detuvo al responsable de la agresi\u00f3n porque \u201cel se\u00f1or no quer\u00eda ir a la c\u00e1rcel\u201d, adem\u00e1s de pedirle a la v\u00edctima que perdonara a su agresor \u201cy nos arreglamos aqu\u00ed entre amigos\u201d.<\/p>\n\n\n\n<p class=\"wp-block-paragraph\">Adem\u00e1s, trataron de justificar al violentador se\u00f1alando que Ra\u00fal M. quien se negaba a ser detenido porque no ten\u00eda c\u00f3mo&nbsp;explicarle a su esposa por qu\u00e9 ir\u00e1 a la c\u00e1rcel, y no quiere tener problemas con ella\u201d, de ah\u00ed que bast\u00f3 que solicitara por escrito no ser detenido para que no fuera detenido nunca.<\/p>\n\n\n\n<p class=\"wp-block-paragraph\">Jim\u00e9nez Pascual se\u00f1ala que en todas las ocasiones explic\u00f3 a las autoridades municipales su obligaci\u00f3n de garantizar el derecho de las mujeres, como en el caso de Mar\u00eda, a una vida libre de violencia de g\u00e9nero contra las mujeres, adem\u00e1s de que tampoco la v\u00edctima estaba dispuesta a llevar el caso a la Fiscal\u00eda.<\/p>\n\n\n\n<p class=\"wp-block-paragraph\">En Guelatao, a\u00f1ade, se castiga a una persona borracha por gritar u ofender a una autoridad, pero como en este caso, de violencia contra una mujer, la impunidad persiste.<\/p>\n\n\n\n<p class=\"wp-block-paragraph\">SEM\/sj<\/p>\n","protected":false},"excerpt":{"rendered":"<p>* Un m\u00e9dico, un s\u00edndico, una regidora y el alcalde minimizan un acto de violencia machista * No lo detienen porque \u201cno sabe c\u00f3mo le va a explicar a su esposa que debe ir a la c\u00e1rcel\u201d Soledad Jarqu\u00edn Edgar SemM\u00e9xico, Oaxaca, 6 de agosto, 2020.- Un hecho de violencia contra una trabajadora del municipio [&hellip;]<\/p>\n","protected":false},"author":3,"featured_media":23736,"comment_status":"open","ping_status":"open","sticky":false,"template":"","format":"standard","meta":{"_monsterinsights_skip_tracking":false,"footnotes":""},"categories":[691,47],"tags":[],"class_list":["post-23733","post","type-post","status-publish","format-standard","has-post-thumbnail","category-691","category-no-mas-impunidad"],"_links":{"self":[{"href":"https:\/\/redsemlac.com\/semmexico\/wp-json\/wp\/v2\/posts\/23733","targetHints":{"allow":["GET"]}}],"collection":[{"href":"https:\/\/redsemlac.com\/semmexico\/wp-json\/wp\/v2\/posts"}],"about":[{"href":"https:\/\/redsemlac.com\/semmexico\/wp-json\/wp\/v2\/types\/post"}],"author":[{"embeddable":true,"href":"https:\/\/redsemlac.com\/semmexico\/wp-json\/wp\/v2\/users\/3"}],"replies":[{"embeddable":true,"href":"https:\/\/redsemlac.com\/semmexico\/wp-json\/wp\/v2\/comments?post=23733"}],"version-history":[{"count":0,"href":"https:\/\/redsemlac.com\/semmexico\/wp-json\/wp\/v2\/posts\/23733\/revisions"}],"wp:featuredmedia":[{"embeddable":true,"href":"https:\/\/redsemlac.com\/semmexico\/wp-json\/wp\/v2\/media\/23736"}],"wp:attachment":[{"href":"https:\/\/redsemlac.com\/semmexico\/wp-json\/wp\/v2\/media?parent=23733"}],"wp:term":[{"taxonomy":"category","embeddable":true,"href":"https:\/\/redsemlac.com\/semmexico\/wp-json\/wp\/v2\/categories?post=23733"},{"taxonomy":"post_tag","embeddable":true,"href":"https:\/\/redsemlac.com\/semmexico\/wp-json\/wp\/v2\/tags?post=23733"}],"curies":[{"name":"wp","href":"https:\/\/api.w.org\/{rel}","templated":true}]}}